{"id":375036,"date":"2025-09-08T10:46:21","date_gmt":"2025-09-08T10:46:21","guid":{"rendered":"https:\/\/www.europesays.com\/fr\/375036\/"},"modified":"2025-09-08T10:46:21","modified_gmt":"2025-09-08T10:46:21","slug":"max-cavalera-soulfly-devoile-lesprit-derriere-chama","status":"publish","type":"post","link":"https:\/\/www.europesays.com\/fr\/375036\/","title":{"rendered":"Max Cavalera (Soulfly) d\u00e9voile l\u2019esprit derri\u00e8re Chama"},"content":{"rendered":"<p><strong>Max Cavalera se confie sur l\u2019inspiration derri\u00e8re le prochain album de <a href=\"https:\/\/www.metalzone.fr\/soulfly\/\" rel=\"nofollow noopener\" target=\"_blank\">Soulfly<\/a>, intitul\u00e9 Chama, un disque marqu\u00e9 par un retour aux racines et une nouvelle \u00e9nergie de combat.<\/strong><\/p>\n<p>Un cri de guerre inspir\u00e9 par l\u2019UFC et les traditions br\u00e9siliennes<\/p>\n<p>Dans une interview avec Dr. Music, Max Cavalera a \u00e9voqu\u00e9 la gen\u00e8se du treizi\u00e8me album de Soulfly, Chama, attendu pour le 24 octobre chez Nuclear Blast. Le titre de l\u2019album provient d\u2019un moment marquant v\u00e9cu en regardant le combattant br\u00e9silien Alex Pereira faire son entr\u00e9e dans l\u2019octogone au son de Its\u00e1ri, un morceau instrumental de <a href=\"https:\/\/www.metalzone.fr\/sepultura\/\" rel=\"nofollow noopener\" target=\"_blank\">Sepultura<\/a> : \u201cCe moment m\u2019a profond\u00e9ment touch\u00e9. J\u2019ai eu la chair de poule. Je me suis dit : \u2018Je veux faire un disque pour c\u00e9l\u00e9brer cette inspiration&rsquo;\u201d.<\/p>\n<p>Max explique que Chama c\u00e9l\u00e8bre le fait de se sentir inspir\u00e9 \u00e0 nouveau, apr\u00e8s une longue carri\u00e8re : \u201cC\u2019est difficile de trouver l\u2019inspiration apr\u00e8s tant de disques, mais j\u2019ai encore beaucoup d\u2019\u00e9nergie. Je veux le prouver avec cet album\u201d.<\/p>\n<p>Un retour aux fondamentaux, entre groove tribal et modernit\u00e9<\/p>\n<p>Le chanteur affirme que Chama est un retour \u00e0 l\u2019essence m\u00eame de Soulfly, alliant rythmes tribaux, spiritualit\u00e9 et puissance moderne gr\u00e2ce \u00e0 la production de Zyon Cavalera et Arthur Rizk. Il cite notamment le morceau No Pain = No Power, inspir\u00e9 par l\u2019id\u00e9e que la souffrance est indissociable de la puissance et de la gloire : \u201cSans douleur, tu n\u2019atteins jamais la puissance. Elles se nourrissent l\u2019une de l\u2019autre\u201d.<\/p>\n<p>L\u2019album a \u00e9t\u00e9 enregistr\u00e9 en Arizona avec une \u00e9quipe soud\u00e9e : Max au chant et \u00e0 la guitare, Zyon \u00e0 la batterie, Igor Amadeus Cavalera \u00e0 la basse et Mike De Leon \u00e0 la guitare. Dino Cazares (<a href=\"https:\/\/www.metalzone.fr\/fear-factory\/\" rel=\"nofollow noopener\" target=\"_blank\">Fear Factory<\/a>) appara\u00eet en invit\u00e9 sur un des titres.<\/p>\n<p>Le morceau Storm The Gates, premier single d\u00e9voil\u00e9 en ao\u00fbt, donne un aper\u00e7u de cette \u00e9nergie combative, d\u00e9crit dans le communiqu\u00e9 comme \u201cun cri de guerre contre le contr\u00f4le et l\u2019avidit\u00e9\u201d.<\/p>\n<p>Tracklist de Chama<\/p>\n<ol>\n<li>Indigenous Inquisition<\/li>\n<li>Storm The Gates<\/li>\n<li>Nihilist<\/li>\n<li>No Pain = No Power<\/li>\n<li>Ghenna<\/li>\n<li>Black Hole Scum<\/li>\n<li>Favela \/ Dystopia<\/li>\n<li>Always Was, Always Will Be\u2026<\/li>\n<li>Soulfly XIII<\/li>\n<li>Chama<\/li>\n<\/ol><\/p>\n","protected":false},"excerpt":{"rendered":"Max Cavalera se confie sur l\u2019inspiration derri\u00e8re le prochain album de Soulfly, intitul\u00e9 Chama, un disque marqu\u00e9 par&hellip;\n","protected":false},"author":2,"featured_media":375037,"comment_status":"","ping_status":"","sticky":false,"template":"","format":"standard","meta":{"footnotes":""},"categories":[1355],"tags":[58,59,1011,27,1361,873],"class_list":{"0":"post-375036","1":"post","2":"type-post","3":"status-publish","4":"format-standard","5":"has-post-thumbnail","7":"category-musique","8":"tag-divertissement","9":"tag-entertainment","10":"tag-fr","11":"tag-france","12":"tag-music","13":"tag-musique"},"share_on_mastodon":{"url":"https:\/\/pubeurope.com\/@fr\/115168279624765087","error":""},"_links":{"self":[{"href":"https:\/\/www.europesays.com\/fr\/wp-json\/wp\/v2\/posts\/375036","targetHints":{"allow":["GET"]}}],"collection":[{"href":"https:\/\/www.europesays.com\/fr\/wp-json\/wp\/v2\/posts"}],"about":[{"href":"https:\/\/www.europesays.com\/fr\/wp-json\/wp\/v2\/types\/post"}],"author":[{"embeddable":true,"href":"https:\/\/www.europesays.com\/fr\/wp-json\/wp\/v2\/users\/2"}],"replies":[{"embeddable":true,"href":"https:\/\/www.europesays.com\/fr\/wp-json\/wp\/v2\/comments?post=375036"}],"version-history":[{"count":0,"href":"https:\/\/www.europesays.com\/fr\/wp-json\/wp\/v2\/posts\/375036\/revisions"}],"wp:featuredmedia":[{"embeddable":true,"href":"https:\/\/www.europesays.com\/fr\/wp-json\/wp\/v2\/media\/375037"}],"wp:attachment":[{"href":"https:\/\/www.europesays.com\/fr\/wp-json\/wp\/v2\/media?parent=375036"}],"wp:term":[{"taxonomy":"category","embeddable":true,"href":"https:\/\/www.europesays.com\/fr\/wp-json\/wp\/v2\/categories?post=375036"},{"taxonomy":"post_tag","embeddable":true,"href":"https:\/\/www.europesays.com\/fr\/wp-json\/wp\/v2\/tags?post=375036"}],"curies":[{"name":"wp","href":"https:\/\/api.w.org\/{rel}","templated":true}]}}