{"id":375038,"date":"2025-09-08T10:47:39","date_gmt":"2025-09-08T10:47:39","guid":{"rendered":"https:\/\/www.europesays.com\/fr\/375038\/"},"modified":"2025-09-08T10:47:39","modified_gmt":"2025-09-08T10:47:39","slug":"le-documentaire-la-casa-celebre-lancienne-ecole-de-mode-de-montreuil","status":"publish","type":"post","link":"https:\/\/www.europesays.com\/fr\/375038\/","title":{"rendered":"le documentaire \u201cLa Casa\u201d c\u00e9l\u00e8bre l\u2019ancienne \u00e9cole de mode de Montreuil"},"content":{"rendered":"<p>      En juillet dernier, la r\u00e9alisatrice du film, la directrice de l\u2019institution et quelques anciens \u00e9l\u00e8ves ont pr\u00e9sent\u00e9 le documentaire au Th\u00e9\u00e2tre de la Concorde, \u00e0 Paris. Retour sur une journ\u00e9e de festivit\u00e9s motiv\u00e9es par les liens entre art et social.              <a href=\"https:\/\/www.europesays.com\/fr\/wp-content\/uploads\/2025\/09\/fd98704_upload-1-rwar0edbdm50-telerama-019843-007.jpg\" data-pswp-width=\"\" data-pswp-height=\"\" class=\"media__hd\" target=\"_blank\">      <img decoding=\"async\" fetchpriority=\"high\" src=\"https:\/\/www.europesays.com\/fr\/wp-content\/uploads\/2025\/09\/fd98704_upload-1-rwar0edbdm50-telerama-019843-007.jpg\" class=\"media__picture js-media-zoom-main \" alt=\"Extrait de \u00ab\u00a0La Casa\u00a0\u00bb, un documentaire de Caroline Benarrosh. \" title=\"The Jokers Films\"\/>      <\/p>\n<p class=\"media__legend\"> Extrait de \u00ab\u00a0La Casa\u00a0\u00bb, un documentaire de Caroline Benarrosh.   The Jokers Films  <\/p>\n<p>     <\/a>                    <\/p>\n<p class=\"author author--simple\">Par  <a class=\"author author--link\" href=\"https:\/\/www.telerama.fr\/recherche\/articles?q=Chlo%C3%A9+Delos-Eray\" rel=\"nofollow noopener\" target=\"_blank\"> Chlo\u00e9 Delos-Eray <\/a>    <\/p>\n<p class=\"publication__date\">Publi\u00e9 le 06 septembre 2025 \u00e0 10h30<\/p>\n<p>   Partager   <\/p>\n<ul class=\"sharing-popin--results\">\n<li class=\"sharing-popin--item sharing-popin--item-container\"> Partage  <\/li>\n<li data-share=\"linkedin\" class=\"sharing-popin--item\">  LinkedIn <\/li>\n<li data-share=\"facebook\" class=\"sharing-popin--item\">  Facebook <\/li>\n<li data-share=\"mail\" data-social=\"mail\" class=\"sharing-popin--item\">  Envoyer par email <\/li>\n<li data-share=\"copy\" class=\"sharing-popin--item\">  Copier le lien <\/li>\n<\/ul>\n<p>        Favoris       <\/p>\n<p>                <a class=\"openapp__link\" data-event=\"click-open-app\" data-deep-link=\"tlrm:\/\/element?id=\/cinema\/c-est-un-film-militant-le-documentaire-la-casa-celebre-l-ancienne-ecole-de-mode-de-montreuil-7027236.php&amp;source=deeplink_site\">  Lire dans l&rsquo;application<br \/>\n  <\/a>                               <\/p>\n<p class=\"paragraph\">\u00abMoi, je fais les choses en grand.\u00a0\u00bb Install\u00e9e sur un banc du jardin des Champs-\u00c9lys\u00e9es, couvre-chef perl\u00e9 viss\u00e9 sur le front, Nadine Gonzalez se pose enfin. Elle a pass\u00e9 une bonne partie de ce vendredi 4\u00a0juillet \u00e0 papillonner dans l\u2019enceinte du Th\u00e9\u00e2tre de la Concorde-Espace Cardin, de retrouvailles en tables rondes pour l\u2019Expo Favela Innovation Paris \u2014 un \u00ab\u00a0acc\u00e9l\u00e9rateur d\u2019\u00e9galit\u00e9\u00a0\u00bb croyant \u00ab\u00a0en la puissance cr\u00e9ative des quartiers populaires\u00a0\u00bb, pr\u00e9cise la brochure de l\u2019\u00e9v\u00e9nement. Elle est venue \u00e0 la fois pr\u00e9senter le documentaire La Casa (sorti en salles le 3\u00a0septembre), sign\u00e9 Caroline Benarrosh dont elle est l\u2019une des protagonistes, et c\u00e9l\u00e9brer son pays d\u2019adoption, le Br\u00e9sil.<\/p>\n<p class=\"paragraph\">En\u00a02005, l\u2019entourage de cette ancienne journaliste mode lui offre un s\u00e9jour de dix jours au pays du carnaval\u00a0; elle n\u2019en revient que dix ans plus tard. Une d\u00e9cennie qui a vu na\u00eetre une vocation sociale exerc\u00e9e dans une pr\u00e9carit\u00e9 totale. Avec les femmes, d\u2019abord, ces m\u00e8res, prostitu\u00e9es ou prisonni\u00e8res issues de favelas pas encore pacifi\u00e9es \u2014 le pr\u00e9sident Lula s\u2019y attellera \u00e0 partir de\u00a02010 \u2014 et qu\u2019il s\u2019agit de \u00ab\u00a0promouvoir et d\u2019ins\u00e9rer sur le march\u00e9 du travail\u00a0\u00bb. Avec les jeunes, ensuite, au travers d\u2019un projet de formation gratuite, \u00e0 la marge et pour la marge. Les bling- bling du monde de la mode r\u00e9sonnent pourtant \u00e0 des ann\u00e9es-lumi\u00e8re des bidonvilles o\u00f9 elle s\u2019implante. \u00ab\u00a0J\u2019ai fait tous les m\u00e9tiers de la mode, se souvient Nadine Gonzalez, mais je ne trouvais pas ma place. Il fallait que je r\u00e9invente la mode de fa\u00e7on plus humaine. Le v\u00eatement, c\u2019est une seconde peau. Il y a un regard assez anthropologique \u00e0 poser dessus.\u00a0\u00bb<\/p>\n<blockquote class=\"blockquote\">\n<p class=\"blockquote__citation\">La r\u00e9paration s\u2019applique aussi \u00e0 ces jeunes\u00a0: eux aussi sont upcycl\u00e9s<\/p>\n<\/blockquote>\n<p>Nadine Gonzalez, protagoniste de \u00ab\u00a0La Casa\u00a0\u00bb<\/p>\n<p class=\"paragraph\">Ce sont les d\u00e9buts de la Casa Gera\u00e7\u00e3o, dont le pendant fran\u00e7ais, la Casa 93, prendra ses quartiers quelques ann\u00e9es plus tard \u00e0 Saint-Ouen, puis \u00e0 Montreuil, en Seine-Saint-Denis. Le fonctionnement des \u00e9tablissements cousins repose sur le m\u00eame principe\u00a0de l\u2019upcycling (le recyclage \u00e0 valeur ajout\u00e9e). \u00ab\u00a0Plus il y a de contraintes, plus il y a de cr\u00e9ativit\u00e9, r\u00e9sume l\u2019ex-directrice. Avec un rien, on peut tout faire. Mais le principe de la r\u00e9paration s\u2019applique \u00e9galement \u00e0 ces jeunes\u00a0: eux aussi sont upcycl\u00e9s.\u00a0\u00bb Et \u00e7a fonctionne. La preuve avec le parcours des anciens \u00e9l\u00e8ves pr\u00e9sents autour de la table ronde organis\u00e9e juste apr\u00e8s la projection du documentaire. Rafaela Pinah, issue de la toute premi\u00e8re promotion br\u00e9silienne, est devenue directrice artistique de Coolhunter Favela (un \u00ab\u00a0laboratoire de recherche ethnographique\u00a0\u00bb) et instigatrice de sa propre Casa \u00e0 Rio (la Casa Tok)\u00a0: elle a travers\u00e9 l\u2019Atlantique pour venir t\u00e9moigner de ce qu\u2019elle doit \u00e0 cette exp\u00e9rience. Quant au jeune Loba\u00ef, protagoniste du film, il s\u2019est lanc\u00e9 au sortir de la Casa dans le projet d\u2019une marque de v\u00eatements avec 50\u00a0euros en poche.<\/p>\n<p class=\"paragraph\">Pour Nadine Gonzalez, \u00ab\u00a0le v\u00e9ritable d\u00e9fi [de la Casa Gera\u00e7\u00e3o] \u00e9tait de faire venir les marques et les leaders d\u2019opinion dans les favelas. C\u2019est bien que les jeunes d\u00e9favoris\u00e9s aient leurs entr\u00e9es dans les beaux quartiers. Mais je voulais que \u00e7a se fasse dans l\u2019autre sens\u00a0: que les autres viennent \u00e0 eux.\u00a0\u00bb Une philosophie qui paye\u00a0: bient\u00f4t, la Fashion Week accepte de faire d\u00e9filer les cr\u00e9ations des diff\u00e9rentes promotions et les marques d\u2019employer quelques \u00ab\u00a0happy few\u00a0\u00bb.<\/p>\n<p class=\"edito__prefixe\">   Lire notre critique   <\/p>\n<p class=\"edito__text-container\">       <a alt=\"Lire notre critique\" href=\"https:\/\/www.telerama.fr\/cinema\/la-casa-de-caroline-benarrosh-notre-critique_cri-7040423.php\" class=\"article__title--edito\" rel=\"nofollow noopener\" target=\"_blank\">\u201cLa Casa\u201d, de Caroline Benarrosh\u00a0: notre critique<\/a>  <\/p>\n<p class=\"paragraph\">Le projet a tap\u00e9 dans l\u2019\u0153il des cin\u00e9astes. Apr\u00e8s Florie Martin et son Seine-Saint-Denis Style (2019), Caroline Benarrosh, documentariste reconnue (Tu deviendras h\u00e9t\u00e9ro, mon fils, 2020), s\u2019est \u00e0 son tour pench\u00e9e sur le sujet\u00a0: \u00ab\u00a0C\u2019\u00e9tait \u00e0 un moment o\u00f9 mes filles se cherchaient. Elles ne savaient plus qui elles \u00e9taient, ne savaient pas o\u00f9 aller, si elles allaient suivre un chemin d\u00e9j\u00e0 \u00e9tabli ou inventer le leur. J\u2019avais envie de documenter ce moment-l\u00e0. En tombant sur des articles de presse que j\u2019avais enregistr\u00e9s sur mon ordinateur, je me suis dit que s\u2019il y avait un lieu qui incarnait vraiment bien ce moment pr\u00e9caire de la vie, c\u2019\u00e9tait la Casa.\u00a0Je n\u2019ai pas film\u00e9 mes enfants, mais j\u2019ai film\u00e9 ces jeunes-l\u00e0.\u00a0\u00bb<\/p>\n<p class=\"paragraph\">Durant les quelques semaines de tournage de ce film a tr\u00e8s petit budget, la r\u00e9alisatrice est confront\u00e9e \u00e0 une dure r\u00e9alit\u00e9. \u00ab\u00a0Je savais que c\u2019\u00e9taient des profils de gamins en rupture scolaire et\u00a0\/ ou familiale\u00a0\u00bb, confie-t-elle. Mais elle ne s\u2019attendait pas \u00e0 tomber sur \u00c9milie, forc\u00e9e de se laver \u00e0 la bassine, ou sur Mathis, contraint de dormir dans sa voiture. Ni sur Le Grain. e, une personnalit\u00e9 non-binaire haute en couleur, mais qui, avant de passer par la case \u00ab\u00a0Casa\u00a0\u00bb, \u00e9tait incapable de prendre la parole en public. Celui qui pr\u00e9f\u00e8re qu\u2019on le genre au masculin s\u2019est produit sur la sc\u00e8ne du Th\u00e9\u00e2tre de la Concorde, dans une performance m\u00ealant musique techno et danses populaires br\u00e9siliennes. Quelques minutes plus tard, il cherche encore \u00e0 rattraper son souffle quand il nous raconte, avec le sourire, les ann\u00e9es de gal\u00e8re, les dealers squattant son immeuble, les antid\u00e9presseurs, le pointage \u00e0 l\u2019usine de tri et, enfin, la rencontre avec Nadine, le stage chez Nike \u00e0 Amsterdam et sa nouvelle philosophie de vie\u00a0: \u00ab\u00a0Go with the flow\u00a0\u00bb (\u00ab\u00a0avance avec le courant\u00a0\u00bb).<\/p>\n<p>                Une nouvelle structure en Afrique                       <\/p>\n<p class=\"paragraph\">\u00ab\u00a0C\u2019est un film militant, soutient Caroline Benarrosh. Parce que la Casa a \u00e9t\u00e9 oblig\u00e9e de fermer ses portes.\u00a0\u00bb Le temple de la mode \u00e0 port\u00e9e de main et du syst\u00e8me D a effectivement d\u00fb cesser ses activit\u00e9s fin\u00a02024, faute d\u2019apports financiers \u00e0 l\u2019association ModaFusion qui la g\u00e9rait. \u00ab\u00a0O\u00f9 vont aller les jeunes comme Loba\u00ef et Le Grain. e\u00a0?\u00a0\u00bb, se d\u00e9sole la r\u00e9alisatrice. Il semble que la derni\u00e8re promotion n\u2019ait m\u00eame pas pu finir l\u2019ann\u00e9e.<\/p>\n<p class=\"paragraph\">Nadine Gonzalez, elle, a l\u2019air d\u2019avoir fait son deuil. En r\u00e9alit\u00e9, elle est d\u00e9j\u00e0 tourn\u00e9e vers un nouvel horizon\u00a0: le berceau du monde, le continent africain. L\u2019une de ses connaissances, Sidonie Laterie, lui a demand\u00e9 de l\u2019aider \u00e0 monter une nouvelle structure \u00e0 Kinshasa, capitale de la R\u00e9publique d\u00e9mocratique du Congo. L\u2019id\u00e9e est d\u2019explorer les possibles de la sapologie, philosophie autant que \u00ab\u00a0r\u00e9cit et langage\u00a0\u00bb des milieux populaires, qu\u2019il s\u2019agit de \u00ab\u00a0structurer pour que les cr\u00e9ateurs existent au-del\u00e0 de l\u2019Afrique et vivent de leurs \u0153uvres\u00a0\u00bb, pr\u00e9cise l\u2019entrepreneuse congolaise venue pr\u00e9senter son projet.<\/p>\n<p>                   APPLICATION     L&rsquo;application T\u00e9l\u00e9rama   <\/p>\n<p>Articles, critiques, guide plateformes ou programme TV, am\u00e9liorez votre exp\u00e9rience en t\u00e9l\u00e9chargeant l&rsquo;application<\/p>\n<p class=\"paragraph\">Au sortir de cette journ\u00e9e riche en \u00e9changes et en performances, le mot de la fin revient \u00e0 Nadine Gonzalez, motiv\u00e9e par une bougeotte intarissable et l\u2019envie de \u00ab\u00a0commencer l\u00e0 o\u00f9 il y a tout \u00e0 faire\u00a0\u00bb\u00a0: \u00ab\u00a0La Casa n\u2019est pas faite pour \u00eatre p\u00e9renne. Elle est faite pour bousculer l\u2019\u00e9cosyst\u00e8me. Je laisse ma place\u00a0: aux jeunes de prendre la rel\u00e8ve.\u00a0\u00bb Reste donc le film de Caroline Benarrosh, preuve que ce lieu utopique aura exist\u00e9.<\/p>\n<p class=\"edito__prefixe\">   \u00c0 lire aussi :   <\/p>\n<p class=\"edito__text-container\">     <a alt=\"Lire aussi\" href=\"https:\/\/www.telerama.fr\/cinema\/cinema-les-25-films-les-plus-attendus-de-la-rentree-7027189.php\" class=\"article__title--edito\" rel=\"nofollow noopener\" target=\"_blank\">Cin\u00e9ma\u00a0: les 25 films les plus attendus de la rentr\u00e9e<\/a>  <\/p>\n<p>r La Casa, documentaire de Caroline Benarrosh (France, 1h25). En salles.<\/p>\n","protected":false},"excerpt":{"rendered":"En juillet dernier, la r\u00e9alisatrice du film, la directrice de l\u2019institution et quelques anciens \u00e9l\u00e8ves ont pr\u00e9sent\u00e9 le&hellip;\n","protected":false},"author":2,"featured_media":375039,"comment_status":"","ping_status":"","sticky":false,"template":"","format":"standard","meta":{"footnotes":""},"categories":[1354],"tags":[58,59,1346,1011,27,1360],"class_list":{"0":"post-375038","1":"post","2":"type-post","3":"status-publish","4":"format-standard","5":"has-post-thumbnail","7":"category-films","8":"tag-divertissement","9":"tag-entertainment","10":"tag-films","11":"tag-fr","12":"tag-france","13":"tag-movies"},"share_on_mastodon":{"url":"https:\/\/pubeurope.com\/@fr\/115168283465327306","error":""},"_links":{"self":[{"href":"https:\/\/www.europesays.com\/fr\/wp-json\/wp\/v2\/posts\/375038","targetHints":{"allow":["GET"]}}],"collection":[{"href":"https:\/\/www.europesays.com\/fr\/wp-json\/wp\/v2\/posts"}],"about":[{"href":"https:\/\/www.europesays.com\/fr\/wp-json\/wp\/v2\/types\/post"}],"author":[{"embeddable":true,"href":"https:\/\/www.europesays.com\/fr\/wp-json\/wp\/v2\/users\/2"}],"replies":[{"embeddable":true,"href":"https:\/\/www.europesays.com\/fr\/wp-json\/wp\/v2\/comments?post=375038"}],"version-history":[{"count":0,"href":"https:\/\/www.europesays.com\/fr\/wp-json\/wp\/v2\/posts\/375038\/revisions"}],"wp:featuredmedia":[{"embeddable":true,"href":"https:\/\/www.europesays.com\/fr\/wp-json\/wp\/v2\/media\/375039"}],"wp:attachment":[{"href":"https:\/\/www.europesays.com\/fr\/wp-json\/wp\/v2\/media?parent=375038"}],"wp:term":[{"taxonomy":"category","embeddable":true,"href":"https:\/\/www.europesays.com\/fr\/wp-json\/wp\/v2\/categories?post=375038"},{"taxonomy":"post_tag","embeddable":true,"href":"https:\/\/www.europesays.com\/fr\/wp-json\/wp\/v2\/tags?post=375038"}],"curies":[{"name":"wp","href":"https:\/\/api.w.org\/{rel}","templated":true}]}}