{"id":375042,"date":"2025-09-08T10:49:11","date_gmt":"2025-09-08T10:49:11","guid":{"rendered":"https:\/\/www.europesays.com\/fr\/375042\/"},"modified":"2025-09-08T10:49:11","modified_gmt":"2025-09-08T10:49:11","slug":"la-france-peut-encore-etre-en-finale-de-leurobasket","status":"publish","type":"post","link":"https:\/\/www.europesays.com\/fr\/375042\/","title":{"rendered":"La France peut encore \u00eatre en finale de l&rsquo;Eurobasket"},"content":{"rendered":"<p>L&rsquo;\u00e9quipe de France a bel et bien \u00e9t\u00e9 battue par la G\u00e9orgie et ne verra m\u00eame pas les quarts de finale.<\/p>\n<p>Le malheur des Bleus pourrait cependant faire le bonheur d&rsquo;un autre Fran\u00e7ais. Yohan Rosso est depuis quelques ann\u00e9es l&rsquo;un des tout meilleurs arbitres du monde.<\/p>\n<p>Malheureusement pour lui et heureusement pour nous, les Fran\u00e7ais vont souvent loin dans les comp\u00e9titions internationales et les siennes sont donc oblig\u00e9es de s&rsquo;arr\u00eater plus vite que prevues.<\/p>\n<p>Apr\u00e8s avoir offici\u00e9 lors de la finale de la Coupe du monde 2019, on peut lui souhaiter une nouvelle grande finale internationale dimanche.<\/p>\n","protected":false},"excerpt":{"rendered":"L&rsquo;\u00e9quipe de France a bel et bien \u00e9t\u00e9 battue par la G\u00e9orgie et ne verra m\u00eame pas les&hellip;\n","protected":false},"author":2,"featured_media":375043,"comment_status":"","ping_status":"","sticky":false,"template":"","format":"standard","meta":{"footnotes":""},"categories":[9],"tags":[1011,27,60],"class_list":{"0":"post-375042","1":"post","2":"type-post","3":"status-publish","4":"format-standard","5":"has-post-thumbnail","7":"category-sports","8":"tag-fr","9":"tag-france","10":"tag-sports"},"share_on_mastodon":{"url":"https:\/\/pubeurope.com\/@fr\/115168291326854929","error":""},"_links":{"self":[{"href":"https:\/\/www.europesays.com\/fr\/wp-json\/wp\/v2\/posts\/375042","targetHints":{"allow":["GET"]}}],"collection":[{"href":"https:\/\/www.europesays.com\/fr\/wp-json\/wp\/v2\/posts"}],"about":[{"href":"https:\/\/www.europesays.com\/fr\/wp-json\/wp\/v2\/types\/post"}],"author":[{"embeddable":true,"href":"https:\/\/www.europesays.com\/fr\/wp-json\/wp\/v2\/users\/2"}],"replies":[{"embeddable":true,"href":"https:\/\/www.europesays.com\/fr\/wp-json\/wp\/v2\/comments?post=375042"}],"version-history":[{"count":0,"href":"https:\/\/www.europesays.com\/fr\/wp-json\/wp\/v2\/posts\/375042\/revisions"}],"wp:featuredmedia":[{"embeddable":true,"href":"https:\/\/www.europesays.com\/fr\/wp-json\/wp\/v2\/media\/375043"}],"wp:attachment":[{"href":"https:\/\/www.europesays.com\/fr\/wp-json\/wp\/v2\/media?parent=375042"}],"wp:term":[{"taxonomy":"category","embeddable":true,"href":"https:\/\/www.europesays.com\/fr\/wp-json\/wp\/v2\/categories?post=375042"},{"taxonomy":"post_tag","embeddable":true,"href":"https:\/\/www.europesays.com\/fr\/wp-json\/wp\/v2\/tags?post=375042"}],"curies":[{"name":"wp","href":"https:\/\/api.w.org\/{rel}","templated":true}]}}