{"id":375046,"date":"2025-09-08T10:51:10","date_gmt":"2025-09-08T10:51:10","guid":{"rendered":"https:\/\/www.europesays.com\/fr\/375046\/"},"modified":"2025-09-08T10:51:10","modified_gmt":"2025-09-08T10:51:10","slug":"votre-souffle-en-dit-plus-sur-vous-que-vous-ne-limaginez-selon-une-nouvelle-etude","status":"publish","type":"post","link":"https:\/\/www.europesays.com\/fr\/375046\/","title":{"rendered":"Votre souffle en dit plus sur vous que vous ne l\u2019imaginez (selon une nouvelle \u00e9tude)"},"content":{"rendered":"<p>Vous est-il d\u00e9j\u00e0 arriv\u00e9 de vous arr\u00eater, ne serait-ce qu\u2019une<br \/>\nseconde, pour \u00e9couter votre souffle lors d\u2019un trajet bond\u00e9 dans le<br \/>\nm\u00e9tro parisien ou lors d\u2019une promenade dans un parc au cr\u00e9puscule ?<br \/>\nAu premier abord, la respiration, cette fonction purement<br \/>\ninstinctive, semble \u00e0 mille lieues de nos pr\u00e9occupations<br \/>\npersonnelles. Et pourtant, une d\u00e9couverte scientifique r\u00e9cente<br \/>\ninvite \u00e0 regarder ce geste banal d\u2019un nouvel \u0153il : <strong>et si<br \/>\nl\u2019air que l\u2019on inspire et expire renfermait des indices<br \/>\ninsoup\u00e7onn\u00e9s sur notre identit\u00e9 profonde, notre sant\u00e9 et nos<br \/>\n\u00e9motions du moment ?<\/strong><\/p>\n<p>Quand votre respiration devient une<br \/>\nempreinte unique : plong\u00e9e dans l\u2019\u00e9tude qui bouleverse les<br \/>\ncodesUne exp\u00e9rience scientifique inattendue<br \/>\n: comment les chercheurs ont capt\u00e9 le souffle comme jamais<br \/>\nauparavant<\/p>\n<p>Jusqu\u2019ici, la respiration \u00e9tait principalement analys\u00e9e \u00e0<br \/>\ntravers des tests basiques, souvent lors de simples consultations<br \/>\nm\u00e9dicales. Mais r\u00e9cemment, un groupe de chercheurs a d\u00e9cid\u00e9 d\u2019aller<br \/>\nbeaucoup plus loin. Leur objectif : capter le souffle dans toute sa<br \/>\nsubtilit\u00e9, en utilisant des capteurs ultra-sensibles et une analyse<br \/>\nfine de la composition de l\u2019air expir\u00e9. Ce faisant, ils ont relev\u00e9<br \/>\nun d\u00e9fi audacieux : <strong>enregistrer, seconde apr\u00e8s seconde, les<br \/>\ninfimes variations du taux d\u2019oxyg\u00e8ne, de dioxyde de<br \/>\ncarbone<\/strong>, mais aussi des mol\u00e9cules plus rares, mises en<br \/>\n\u00e9vidence pour la premi\u00e8re fois avec autant de pr\u00e9cision.<\/p>\n<p>Tracer une carte du cerveau \u00e0 partir<br \/>\nd\u2019un souffle ? Le pari audacieux des scientifiques isra\u00e9liens<\/p>\n<p>La v\u00e9ritable r\u00e9volution vient ensuite : en croisant ces donn\u00e9es<br \/>\nrespiratoires avec des imageries c\u00e9r\u00e9brales et des tests<br \/>\ncomportementaux, les chercheurs de l\u2019Institut Weizmann des<br \/>\nsciences, en Isra\u00ebl, sont parvenus \u00e0 dessiner une sorte de<br \/>\ncarte du cerveau \u00e0 partir du souffle. <strong>Chaque<br \/>\npersonne, selon eux, d\u00e9velopperait une signature respiratoire aussi<br \/>\nsinguli\u00e8re que ses empreintes digitales<\/strong>, reflet d\u2019une<br \/>\ndanse intime entre le cerveau, le corps et l\u2019\u00e9tat \u00e9motionnel du<br \/>\nmoment.<\/p>\n<p>Derri\u00e8re chaque inspiration, un<br \/>\nmessage cach\u00e9 : ce que r\u00e9v\u00e8le votre souffle sur vousLes secrets de votre personnalit\u00e9 qui<br \/>\nse nichent dans votre respiration<\/p>\n<p>La respiration, longtemps cantonn\u00e9e \u00e0 une fonction physiologique<br \/>\nde base, se r\u00e9v\u00e8le aujourd\u2019hui bien plus profonde. Des observations<br \/>\nmontrent que le rythme, l\u2019amplitude ou m\u00eame la temp\u00e9rature du<br \/>\nsouffle en disent long sur qui nous sommes : <strong>une<br \/>\nrespiration pos\u00e9e et profonde, signe de s\u00e9r\u00e9nit\u00e9 ou de temp\u00e9rament<br \/>\nr\u00e9fl\u00e9chi ; un souffle court et rapide, associ\u00e9 \u00e0 une nature<br \/>\ndynamique ou anxieuse<\/strong>. Autant de d\u00e9tails qui tissent un<br \/>\nportrait discret, mais r\u00e9v\u00e9lateur.<\/p>\n<p>R\u00e9actions \u00e9motionnelles, stress,<br \/>\nbonheur : le souffle, miroir de l\u2019instant<\/p>\n<p>Autre r\u00e9v\u00e9lation inattendue : la respiration devient, \u00e0 chaque<br \/>\ninstant, le reflet de nos \u00e9motions. Succ\u00e8s professionnel,<br \/>\ncontrari\u00e9t\u00e9 familiale ou grande joie ? En secret, votre souffle<br \/>\ns\u2019ajuste, modifiant imperceptiblement sa cadence. <strong>Plus<br \/>\nsignificatif encore, ces variations seraient d\u00e9tectables bien avant<br \/>\nque vous en preniez pleinement conscience<\/strong>. Une mani\u00e8re de<br \/>\nvoir la respiration comme un barom\u00e8tre int\u00e9rieur, capable<br \/>\nde r\u00e9v\u00e9ler la temp\u00eate ou l\u2019accalmie avant m\u00eame vos propres<br \/>\nmots.<\/p>\n<p>La respiration, bien plus qu\u2019un<br \/>\nr\u00e9flexe m\u00e9canique : dialogue entre le cerveau et le corpsLes m\u00e9canismes subtils qui relient<br \/>\nsouffle, \u00e9motions et sant\u00e9<\/p>\n<p>Si la m\u00e9decine occidentale s\u2019est longtemps concentr\u00e9e sur la<br \/>\nm\u00e9canique respiratoire, on red\u00e9couvre aujourd\u2019hui l\u2019existence d\u2019un<br \/>\n<a href=\"https:\/\/sciencepost.fr\/partie-ancienne-cerveau-dit-quand-arreter-de-manger\/\" target=\"_blank\" rel=\"noopener nofollow\">dialogue subtil<\/a> entre souffle et<br \/>\ncerveau. <strong>Des flux nerveux circulent en temps r\u00e9el, adaptant<br \/>\nautomatiquement la respiration \u00e0 la situation<\/strong> : la peur<br \/>\nresserre la gorge, la relaxation l\u2019ouvre. En retour, agir<br \/>\nvolontairement sur le souffle \u2013 par la coh\u00e9rence cardiaque, la<br \/>\nm\u00e9ditation ou le chant \u2013 influence \u00e0 son tour nos \u00e9motions et notre<br \/>\nphysiologie. Un cercle vertueux \u00e0 port\u00e9e de\u2026 souffle.<\/p>\n<p>Vers une nouvelle \u00e8re de la m\u00e9decine<br \/>\npersonnalis\u00e9e gr\u00e2ce \u00e0 la \u00ab carte respiratoire \u00bb<\/p>\n<p>Avec cette d\u00e9couverte, les chercheurs ouvrent la voie \u00e0 une<br \/>\nm\u00e9decine plus individualis\u00e9e. Un jour, il ne sera peut-\u00eatre plus<br \/>\nn\u00e9cessaire de recourir \u00e0 des examens invasifs ou co\u00fbteux :<br \/>\n<strong>l\u2019analyse du souffle pourrait permettre de d\u00e9tecter<br \/>\npr\u00e9cocement certaines pathologies<\/strong>, mais aussi d\u2019\u00e9valuer<br \/>\nl\u2019\u00e9tat \u00e9motionnel ou la r\u00e9activit\u00e9 au stress, pour des suivis plus<br \/>\nadapt\u00e9s. L\u2019id\u00e9e d\u2019une carte respiratoire personnalis\u00e9e<br \/>\nn\u2019appartient donc plus \u00e0 la science-fiction, mais s\u2019invite<br \/>\nprogressivement dans le paysage de la pr\u00e9vention sant\u00e9.<\/p>\n<p>Sant\u00e9 mentale et souffle : une<br \/>\nconnexion surprenante \u00e0 explorerL\u2019impact du souffle sur la d\u00e9tection<br \/>\nde troubles psychiques<\/p>\n<p>Des \u00e9volutions dans le souffle pourraient-elles trahir<br \/>\nl\u2019apparition de troubles psychiques tels qu\u2019anxi\u00e9t\u00e9, d\u00e9pression ou<br \/>\nburn-out ? Plusieurs signaux faibles suscitent l\u2019int\u00e9r\u00eat :<br \/>\n<strong>alt\u00e9ration du rythme, d\u00e9synchronisation avec l\u2019activit\u00e9<br \/>\nquotidienne, envol\u00e9es soudaines sous l\u2019effet d\u2019une pression<br \/>\n\u00e9motionnelle aigu\u00eb<\/strong>\u2026 Autant de pistes \u00e0 explorer pour<br \/>\nd\u00e9velopper des m\u00e9thodes de d\u00e9pistage plus pr\u00e9coces et moins<br \/>\ninvasives.<\/p>\n<p>Vers des th\u00e9rapies innovantes ? Ce que<br \/>\nla science laisse entrevoir<\/p>\n<p>En croisant la physiologie respiratoire avec l\u2019observation du<br \/>\nv\u00e9cu \u00e9motionnel, des m\u00e9thodes th\u00e9rapeutiques in\u00e9dites se dessinent.<br \/>\n<strong>Prendre conscience de son souffle, l\u2019apprivoiser et<br \/>\nl\u2019utiliser pour r\u00e9guler le mental pourrait devenir l\u2019un des leviers<br \/>\nmajeurs pour am\u00e9liorer sa sant\u00e9 mentale<\/strong>. Des initiations \u00e0<br \/>\nla respiration consciente, d\u00e9j\u00e0 pr\u00e9sentes dans de nombreuses villes<br \/>\nfran\u00e7aises, pourraient \u00eatre davantage pl\u00e9biscit\u00e9es dans les<br \/>\nprochaines ann\u00e9es, m\u00eame par le corps m\u00e9dical.<\/p>\n<p>Votre souffle, outil du futur pour la<br \/>\npr\u00e9vention et le bien-\u00eatreIdentifier les signaux faibles :<br \/>\nd\u00e9pistage et suivi via la respiration<\/p>\n<p>Imaginez un bilan de sant\u00e9 o\u00f9 l\u2019on commencerait par analyser<br \/>\nquelques respirations profondes : une simple expiration pourrait<br \/>\nbient\u00f4t signaler, tout en douceur, une fatigue accumul\u00e9e, un<br \/>\nd\u00e9s\u00e9quilibre \u00e9motionnel ou les pr\u00e9misses d\u2019un trouble m\u00e9tabolique.<br \/>\nPlus prometteur encore : <strong>des appareils portables,<br \/>\nactuellement en d\u00e9veloppement, permettraient \u00e0 chacun de suivre ces<br \/>\nparam\u00e8tres chez soi et en temps r\u00e9el<\/strong> pour agir au plus<br \/>\nt\u00f4t, gr\u00e2ce \u00e0 des conseils personnalis\u00e9s.<\/p>\n<p>Respirez, vous \u00eates surveill\u00e9 ? Les<br \/>\nenjeux \u00e9thiques et la confidentialit\u00e9 \u00e0 l\u2019\u00e8re des donn\u00e9es<br \/>\nbiologiques<\/p>\n<p>Mais cette tra\u00e7abilit\u00e9 accrue du souffle soul\u00e8ve aussi<br \/>\nd\u2019importantes questions : o\u00f9 s\u2019arr\u00eate le suivi bienveillant, o\u00f9<br \/>\ncommence l\u2019intrusion ? <strong>Comment s\u00e9curiser ces donn\u00e9es<br \/>\nintimes pour qu\u2019elles restent confidentielles ?<\/strong> Face \u00e0 ces<br \/>\nenjeux, l\u2019\u00e9thique devra imp\u00e9rativement accompagner le progr\u00e8s, afin<br \/>\nque chacun puisse b\u00e9n\u00e9ficier des atouts de la \u00ab carte respiratoire<br \/>\n\u00bb tout en conservant la ma\u00eetrise de sa vie priv\u00e9e. Un d\u00e9bat qui<br \/>\nm\u00e9ritera toute notre vigilance dans les ann\u00e9es \u00e0 venir.<\/p>\n<p>Ce que le futur nous souffle :<br \/>\nrepenser la respiration pour mieux nous conna\u00eetreLes promesses scientifiques pour la<br \/>\nm\u00e9decine, le bien-\u00eatre et l\u2019individualisation des soins<\/p>\n<p>Cette avanc\u00e9e n\u2019est pas qu\u2019un simple gadget scientifique : elle<br \/>\npromet de transformer la relation que chacun entretient avec sa<br \/>\nsant\u00e9. <strong>Mieux se conna\u00eetre \u00e0 travers sa respiration,<br \/>\nd\u00e9velopper des approches de pr\u00e9vention cibl\u00e9es<\/strong> et,<br \/>\npotentiellement, participer \u00e0 la construction d\u2019une m\u00e9decine encore<br \/>\nplus humaine, attentive \u00e0 la singularit\u00e9 de chaque patient. Voil\u00e0<br \/>\nqui laisse pr\u00e9sager une nouvelle mani\u00e8re d\u2019\u00e9couter son corps, et<br \/>\nd\u2019anticiper les turbulences de la vie moderne.<\/p>\n<p>Quelques conseils pour apprivoiser sa<br \/>\nrespiration et cultiver l\u2019\u00e9coute de soi<\/p>\n<p>En attendant que ces technologies se d\u00e9veloppent, il est d\u00e9j\u00e0<br \/>\npossible de tirer profit d\u2019une observation attentive de sa<br \/>\nrespiration. Pourquoi ne pas prendre, chaque jour, quelques minutes<br \/>\npour inspirer lentement, expirer profond\u00e9ment, et ressentir les<br \/>\neffets de ce geste sur l\u2019apaisement du mental ? <strong>Pratiquer<br \/>\nla coh\u00e9rence cardiaque, s\u2019initier \u00e0 la m\u00e9ditation guid\u00e9e ou<br \/>\ns\u2019accorder un moment de calme en pleine nature<\/strong> : des<br \/>\npratiques simples, mais puissantes, pour renouer avec soi-m\u00eame,<br \/>\ntout en douceur.<\/p>\n<p>Au fil des avanc\u00e9es scientifiques, il devient \u00e9vident que notre<br \/>\nsouffle rec\u00e8le de multiples tr\u00e9sors d\u2019information. S\u2019il est encore<br \/>\ntrop t\u00f4t pour faire de la respiration notre nouvelle carte<br \/>\nd\u2019identit\u00e9 m\u00e9dicale ou \u00e9motionnelle, <strong>\u00e9couter et cultiver<br \/>\nson souffle reste un acte fondamental pour se sentir vivant et<br \/>\nconnect\u00e9 \u00e0 soi-m\u00eame<\/strong>. Et vous, la prochaine fois que vous<br \/>\ninspirerez profond\u00e9ment, serez-vous attentif aux messages subtils<br \/>\nque votre souffle pourrait vous adresser ?<\/p>\n","protected":false},"excerpt":{"rendered":"Vous est-il d\u00e9j\u00e0 arriv\u00e9 de vous arr\u00eater, ne serait-ce qu\u2019une seconde, pour \u00e9couter votre souffle lors d\u2019un trajet&hellip;\n","protected":false},"author":2,"featured_media":375047,"comment_status":"","ping_status":"","sticky":false,"template":"","format":"standard","meta":{"footnotes":""},"categories":[7],"tags":[1011,27,43,40,41,39,42,44],"class_list":{"0":"post-375046","1":"post","2":"type-post","3":"status-publish","4":"format-standard","5":"has-post-thumbnail","7":"category-sciences-et-technologies","8":"tag-fr","9":"tag-france","10":"tag-science","11":"tag-science-and-technology","12":"tag-sciences","13":"tag-sciences-et-technologies","14":"tag-technologies","15":"tag-technology"},"share_on_mastodon":{"url":"https:\/\/pubeurope.com\/@fr\/115168299137848132","error":""},"_links":{"self":[{"href":"https:\/\/www.europesays.com\/fr\/wp-json\/wp\/v2\/posts\/375046","targetHints":{"allow":["GET"]}}],"collection":[{"href":"https:\/\/www.europesays.com\/fr\/wp-json\/wp\/v2\/posts"}],"about":[{"href":"https:\/\/www.europesays.com\/fr\/wp-json\/wp\/v2\/types\/post"}],"author":[{"embeddable":true,"href":"https:\/\/www.europesays.com\/fr\/wp-json\/wp\/v2\/users\/2"}],"replies":[{"embeddable":true,"href":"https:\/\/www.europesays.com\/fr\/wp-json\/wp\/v2\/comments?post=375046"}],"version-history":[{"count":0,"href":"https:\/\/www.europesays.com\/fr\/wp-json\/wp\/v2\/posts\/375046\/revisions"}],"wp:featuredmedia":[{"embeddable":true,"href":"https:\/\/www.europesays.com\/fr\/wp-json\/wp\/v2\/media\/375047"}],"wp:attachment":[{"href":"https:\/\/www.europesays.com\/fr\/wp-json\/wp\/v2\/media?parent=375046"}],"wp:term":[{"taxonomy":"category","embeddable":true,"href":"https:\/\/www.europesays.com\/fr\/wp-json\/wp\/v2\/categories?post=375046"},{"taxonomy":"post_tag","embeddable":true,"href":"https:\/\/www.europesays.com\/fr\/wp-json\/wp\/v2\/tags?post=375046"}],"curies":[{"name":"wp","href":"https:\/\/api.w.org\/{rel}","templated":true}]}}