{"id":375054,"date":"2025-09-08T10:55:15","date_gmt":"2025-09-08T10:55:15","guid":{"rendered":"https:\/\/www.europesays.com\/fr\/375054\/"},"modified":"2025-09-08T10:55:15","modified_gmt":"2025-09-08T10:55:15","slug":"un-jeune-interpelle-pour-avoir-menace-de-commettre-un-attentat","status":"publish","type":"post","link":"https:\/\/www.europesays.com\/fr\/375054\/","title":{"rendered":"Un jeune interpell\u00e9 pour avoir menac\u00e9 de commettre un attentat"},"content":{"rendered":"<p>Un record a \u00e9t\u00e9 battu cette ann\u00e9e\u00a0: <a href=\"https:\/\/www.20minutes.fr\/high-tech\/by-the-web\/4171669-20250907-zevent-bat-record-trois-heures-avant-fin-depasse-11-millions-euros\" class=\"c-link c-link--is-underlined\" rel=\"nofollow noopener\" target=\"_blank\">plus de 16\u00a0millions d\u2019euros<\/a> ont \u00e9t\u00e9 r\u00e9colt\u00e9s lors du <a href=\"https:\/\/www.20minutes.fr\/dossier\/z-event\" class=\"c-link c-link--is-underlined\" rel=\"nofollow noopener\" target=\"_blank\">ZEvent<\/a> au profit d\u2019associations. Le plus gros \u00e9v\u00e9nement caritatif en ligne de France a r\u00e9uni une quarantaine de streamers connus au Corum de Montpellier. Samedi, un jeune de 19 ans a \u00e9t\u00e9 interpell\u00e9 \u00e0 Beauvoisin, dans le Gard, apr\u00e8s avoir menac\u00e9 de se rendre sur les lieux afin de commettre un attentat, a indiqu\u00e9 la radio <a href=\"https:\/\/www.francebleu.fr\/infos\/faits-divers-justice\/un-jeune-de-19-ans-arrete-a-beauvoisin-apres-avoir-annonce-qu-il-allait-commettre-un-attentat-au-zevent-5478960\" rel=\"nofollow noopener\" target=\"_blank\" class=\"c-link c-link--is-underlined\">ICI<\/a>.<\/p>\n<\/p>\n<p>Le suspect a diffus\u00e9 une vid\u00e9o mena\u00e7ante sur TikTok, qui a \u00e9t\u00e9 signal\u00e9 \u00e0 Pharos, la plateforme du minist\u00e8re de l\u2019Int\u00e9rieur qui re\u00e7oit les signalements de publications illicites en ligne. Le jeune homme a \u00e9t\u00e9 plac\u00e9 en garde \u00e0 vue par les gendarmes. Il s\u2019est d\u00e9fendu en expliquant qu\u2019il ne s\u2019agissait que d\u2019une plaisanterie.<\/p>\n<p>Une enqu\u00eate ouverte<\/p>\n<p>Son mat\u00e9riel informatique a \u00e9t\u00e9 saisi lors d\u2019une perquisition afin d\u2019\u00eatre exploit\u00e9. Le suspect a \u00e9t\u00e9 lib\u00e9r\u00e9 au bout de 24 heures. Une enqu\u00eate a \u00e9t\u00e9 ouverte pour menace de crime dans le cadre de terrorisme.<\/p>\n","protected":false},"excerpt":{"rendered":"Un record a \u00e9t\u00e9 battu cette ann\u00e9e\u00a0: plus de 16\u00a0millions d\u2019euros ont \u00e9t\u00e9 r\u00e9colt\u00e9s lors du ZEvent au&hellip;\n","protected":false},"author":2,"featured_media":375055,"comment_status":"","ping_status":"","sticky":false,"template":"","format":"standard","meta":{"footnotes":""},"categories":[2],"tags":[47,11,1067,118,1011,27,2679,3381,2681,12,2680,42660],"class_list":{"0":"post-375054","1":"post","2":"type-post","3":"status-publish","4":"format-standard","5":"has-post-thumbnail","7":"category-actualites","8":"tag-actualite","9":"tag-actualites","10":"tag-enquete","11":"tag-faits-divers","12":"tag-fr","13":"tag-france","14":"tag-gard","15":"tag-gendarmerie","16":"tag-languedoc-roussillon","17":"tag-news","18":"tag-occitanie","19":"tag-z-event"},"share_on_mastodon":{"url":"https:\/\/pubeurope.com\/@fr\/115168315013820056","error":""},"_links":{"self":[{"href":"https:\/\/www.europesays.com\/fr\/wp-json\/wp\/v2\/posts\/375054","targetHints":{"allow":["GET"]}}],"collection":[{"href":"https:\/\/www.europesays.com\/fr\/wp-json\/wp\/v2\/posts"}],"about":[{"href":"https:\/\/www.europesays.com\/fr\/wp-json\/wp\/v2\/types\/post"}],"author":[{"embeddable":true,"href":"https:\/\/www.europesays.com\/fr\/wp-json\/wp\/v2\/users\/2"}],"replies":[{"embeddable":true,"href":"https:\/\/www.europesays.com\/fr\/wp-json\/wp\/v2\/comments?post=375054"}],"version-history":[{"count":0,"href":"https:\/\/www.europesays.com\/fr\/wp-json\/wp\/v2\/posts\/375054\/revisions"}],"wp:featuredmedia":[{"embeddable":true,"href":"https:\/\/www.europesays.com\/fr\/wp-json\/wp\/v2\/media\/375055"}],"wp:attachment":[{"href":"https:\/\/www.europesays.com\/fr\/wp-json\/wp\/v2\/media?parent=375054"}],"wp:term":[{"taxonomy":"category","embeddable":true,"href":"https:\/\/www.europesays.com\/fr\/wp-json\/wp\/v2\/categories?post=375054"},{"taxonomy":"post_tag","embeddable":true,"href":"https:\/\/www.europesays.com\/fr\/wp-json\/wp\/v2\/tags?post=375054"}],"curies":[{"name":"wp","href":"https:\/\/api.w.org\/{rel}","templated":true}]}}