{"id":375056,"date":"2025-09-08T10:56:11","date_gmt":"2025-09-08T10:56:11","guid":{"rendered":"https:\/\/www.europesays.com\/fr\/375056\/"},"modified":"2025-09-08T10:56:11","modified_gmt":"2025-09-08T10:56:11","slug":"loire-un-enseignant-interpelle-pour-viols-et-agressions-sexuelles-dans-un-lycee-de-saint-chamond","status":"publish","type":"post","link":"https:\/\/www.europesays.com\/fr\/375056\/","title":{"rendered":"Loire. Un enseignant interpell\u00e9 pour viols et agressions sexuelles dans un lyc\u00e9e de Saint-Chamond"},"content":{"rendered":"<p>Un professeur d\u2019histoire-g\u00e9ographie du lyc\u00e9e priv\u00e9 T\u00e9zenas-du-Montcel, \u00e0 Saint-Etienne, a \u00e9t\u00e9 interpell\u00e9 mercredi 3\u00a0septembre par la police, apr\u00e8s un signalement faisant \u00e9tat d\u2019agressions sexuelles et viols. Des faits qui remonteraient au d\u00e9but des ann\u00e9es 2000, \u00e0 l\u2019\u00e9poque o\u00f9 l\u2019int\u00e9ress\u00e9 enseignait au lyc\u00e9e Sainte-Marie-La Grand\u2019Grange \u00e0 Saint-Chamond.<\/p>\n<p>L\u2019interpellation a \u00e9t\u00e9 suivie de perquisitions \u00e0 son domicile, mais aussi au sein son \u00e9tablissement actuel, avec pour objectif de trouver des \u00e9l\u00e9ments de nature \u00e0 confirmer la r\u00e9alit\u00e9 des faits dont il est accus\u00e9.<\/p>\n<p>Ce contenu est bloqu\u00e9 car vous n&rsquo;avez pas accept\u00e9 les cookies et autres traceurs.<\/p>\n<p>En cliquant sur \u00ab J\u2019accepte \u00bb, les cookies et autres traceurs seront d\u00e9pos\u00e9s et vous pourrez visualiser les contenus  (<a href=\"\" class=\"consentModule_policy\" target=\"_blank\" title=\"Consulter la politique de protection des donn\u00e9es du fournisseur\">plus d&rsquo;informations<\/a>).<\/p>\n<p>En cliquant sur \u00ab J\u2019accepte tous les cookies \u00bb, vous autorisez des d\u00e9p\u00f4ts de cookies et autres traceurs pour le stockage de vos donn\u00e9es sur nos sites et applications \u00e0 des fins de personnalisation et de ciblage publicitaire.<\/p>\n<p class=\"consentModule_secondaryText\">Vous gardez la possibilit\u00e9 de retirer votre consentement \u00e0 tout moment en consultant notre <a href=\"https:\/\/www.leprogres.fr\/protection-des-donnees\" target=\"_blank\" title=\"Consulter notre politique de protection des donn\u00e9es\" rel=\"noopener\">politique de protection des donn\u00e9es<\/a>. <br \/>&#13;<br \/>\n            <a href=\"https:\/\/www.leprogres.fr\/faits-divers-justice\/2025\/09\/08\/javascript:Didomi.notice.show()\" class=\"consentModule_cmp\" target=\"_blank\" rel=\"noopener\">G\u00e9rer mes choix<\/a>&#13;\n        <\/p>\n<p>&#13;<br \/>\n                        J&rsquo;accepte&#13;<br \/>\n            J&rsquo;accepte tous les cookies&#13;\n        <\/p>\n<p>  Plac\u00e9 sous contr\u00f4le judiciaire<\/p>\n<p>Les investigations auraient permis de corroborer un t\u00e9moignage \u00e0 l\u2019origine de l\u2019interpellation et l\u2019identification de plusieurs autres victimes potentielles. De quoi motiver la garde \u00e0 vue dans la foul\u00e9e de cet homme \u00e2g\u00e9 d\u2019une soixantaine d\u2019ann\u00e9es environ.<\/p>\n<p>\u00ab\u00a0Un responsable du lyc\u00e9e a fait le tour des classes pour pr\u00e9venir les \u00e9l\u00e8ves de l\u2019interpellation de ce professeur\u00a0\u00bb, indique au Progr\u00e8s un parent d\u2019\u00e9l\u00e8ve qui souhaite rester anonyme.<\/p>\n<p>D\u2019apr\u00e8s nos informations, l\u2019enseignant aurait \u00e9t\u00e9 mis en examen avant d\u2019\u00eatre remis en libert\u00e9 sous contr\u00f4le judiciaire.<\/p>\n<p>Sollicit\u00e9s par nos soins, les services de la police nationale de la Loire et le parquet de Saint-Etienne n\u2019ont pas souhait\u00e9 r\u00e9pondre \u00e0 nos questions.<\/p>\n","protected":false},"excerpt":{"rendered":"Un professeur d\u2019histoire-g\u00e9ographie du lyc\u00e9e priv\u00e9 T\u00e9zenas-du-Montcel, \u00e0 Saint-Etienne, a \u00e9t\u00e9 interpell\u00e9 mercredi 3\u00a0septembre par la police, apr\u00e8s&hellip;\n","protected":false},"author":2,"featured_media":375057,"comment_status":"","ping_status":"","sticky":false,"template":"","format":"standard","meta":{"footnotes":""},"categories":[9653],"tags":[1111,11,2430,271,272,7539,1777,674,274,107,1011,27,3367,12,25,4001,7538],"class_list":{"0":"post-375056","1":"post","2":"type-post","3":"status-publish","4":"format-standard","5":"has-post-thumbnail","7":"category-saint-etienne","8":"tag-actu","9":"tag-actualites","10":"tag-auvergne-rhone-alpes","11":"tag-crime","12":"tag-delit-et-contravention","13":"tag-edition-loire-sud","14":"tag-eu","15":"tag-europe","16":"tag-faits-divers-justice","17":"tag-fil-info","18":"tag-fr","19":"tag-france","20":"tag-loire","21":"tag-news","22":"tag-republique-francaise","23":"tag-saint-etienne","24":"tag-saint-etienne-ville"},"share_on_mastodon":{"url":"https:\/\/pubeurope.com\/@fr\/115168318845034121","error":""},"_links":{"self":[{"href":"https:\/\/www.europesays.com\/fr\/wp-json\/wp\/v2\/posts\/375056","targetHints":{"allow":["GET"]}}],"collection":[{"href":"https:\/\/www.europesays.com\/fr\/wp-json\/wp\/v2\/posts"}],"about":[{"href":"https:\/\/www.europesays.com\/fr\/wp-json\/wp\/v2\/types\/post"}],"author":[{"embeddable":true,"href":"https:\/\/www.europesays.com\/fr\/wp-json\/wp\/v2\/users\/2"}],"replies":[{"embeddable":true,"href":"https:\/\/www.europesays.com\/fr\/wp-json\/wp\/v2\/comments?post=375056"}],"version-history":[{"count":0,"href":"https:\/\/www.europesays.com\/fr\/wp-json\/wp\/v2\/posts\/375056\/revisions"}],"wp:featuredmedia":[{"embeddable":true,"href":"https:\/\/www.europesays.com\/fr\/wp-json\/wp\/v2\/media\/375057"}],"wp:attachment":[{"href":"https:\/\/www.europesays.com\/fr\/wp-json\/wp\/v2\/media?parent=375056"}],"wp:term":[{"taxonomy":"category","embeddable":true,"href":"https:\/\/www.europesays.com\/fr\/wp-json\/wp\/v2\/categories?post=375056"},{"taxonomy":"post_tag","embeddable":true,"href":"https:\/\/www.europesays.com\/fr\/wp-json\/wp\/v2\/tags?post=375056"}],"curies":[{"name":"wp","href":"https:\/\/api.w.org\/{rel}","templated":true}]}}