{"id":375058,"date":"2025-09-08T10:57:10","date_gmt":"2025-09-08T10:57:10","guid":{"rendered":"https:\/\/www.europesays.com\/fr\/375058\/"},"modified":"2025-09-08T10:57:10","modified_gmt":"2025-09-08T10:57:10","slug":"asse-les-socios-verts-ont-reuni-les-fonds-necessaires-pour-entrer-au-capital-du-club","status":"publish","type":"post","link":"https:\/\/www.europesays.com\/fr\/375058\/","title":{"rendered":"ASSE\u00a0: les Socios Verts ont r\u00e9uni les fonds n\u00e9cessaires pour entrer au capital du club"},"content":{"rendered":"<p>Les Socios Verts, collectif de supporters de l&rsquo;AS Saint-\u00c9tienne, assurent ce lundi avoir r\u00e9uni la somme n\u00e9cessaire pour entrer au capital du club st\u00e9phanois, soit plus de 120.000 euros.<\/p>\n<p>Le collectif de supporters \u00ab\u00a0Socios Verts\u00a0\u00bb assure avoir r\u00e9uni la somme n\u00e9cessaire pour entrer au capital de l&rsquo;AS Saint-\u00c9tienne, a appris la direction des sports de Radio France aupr\u00e8s de l&rsquo;association. Le mouvement de supporters, qui devait r\u00e9unir 120 000 euros avant le 12 septembre, revendique, ce lundi, avoir r\u00e9colt\u00e9 125 000 euros. Le club st\u00e9phanois a ouvert la possibilit\u00e9 du rachat des parts d&rsquo;un de ses actionnaires (Vincent Tong-Cuong, ancien directeur g\u00e9n\u00e9ral du club). L&rsquo;association pourra donc acqu\u00e9rir 0,1% du club.<\/p>\n<p>Selon les Socios Verts, plus de 4\u00a0000 personnes ont contribu\u00e9 \u00e0 la collecte de fonds. Pour les particuliers, la souscription \u00e9tait possible \u00e0 partir de 19,33 euros (dont 8 euros d\u2019adh\u00e9sion \u00e0 Socios Verts). Parmi les adh\u00e9rents, certains anciens grands joueurs du club comme Jean-Michel Larqu\u00e9, capitaine de l\u2019\u00e9quipe des Verts, finaliste europ\u00e9enne en 1976, ou le Slovaque Lubomir Moravcik, meneur de la formation st\u00e9phanoise dans les ann\u00e9es 90.<\/p>\n<p>Toujours selon l\u2019association, l\u2019entr\u00e9e au capital de l\u2019ASSE est encore subordonn\u00e9e \u00e0 la validation par le club de documents administratifs et juridiques ainsi qu\u2019au transfert des fonds avant vendredi.<\/p>\n","protected":false},"excerpt":{"rendered":"Les Socios Verts, collectif de supporters de l&rsquo;AS Saint-\u00c9tienne, assurent ce lundi avoir r\u00e9uni la somme n\u00e9cessaire pour&hellip;\n","protected":false},"author":2,"featured_media":375059,"comment_status":"","ping_status":"","sticky":false,"template":"","format":"standard","meta":{"footnotes":""},"categories":[9653],"tags":[1111,11,2430,1777,674,1011,27,12,25,4001],"class_list":{"0":"post-375058","1":"post","2":"type-post","3":"status-publish","4":"format-standard","5":"has-post-thumbnail","7":"category-saint-etienne","8":"tag-actu","9":"tag-actualites","10":"tag-auvergne-rhone-alpes","11":"tag-eu","12":"tag-europe","13":"tag-fr","14":"tag-france","15":"tag-news","16":"tag-republique-francaise","17":"tag-saint-etienne"},"share_on_mastodon":{"url":"https:\/\/pubeurope.com\/@fr\/115168322733271660","error":""},"_links":{"self":[{"href":"https:\/\/www.europesays.com\/fr\/wp-json\/wp\/v2\/posts\/375058","targetHints":{"allow":["GET"]}}],"collection":[{"href":"https:\/\/www.europesays.com\/fr\/wp-json\/wp\/v2\/posts"}],"about":[{"href":"https:\/\/www.europesays.com\/fr\/wp-json\/wp\/v2\/types\/post"}],"author":[{"embeddable":true,"href":"https:\/\/www.europesays.com\/fr\/wp-json\/wp\/v2\/users\/2"}],"replies":[{"embeddable":true,"href":"https:\/\/www.europesays.com\/fr\/wp-json\/wp\/v2\/comments?post=375058"}],"version-history":[{"count":0,"href":"https:\/\/www.europesays.com\/fr\/wp-json\/wp\/v2\/posts\/375058\/revisions"}],"wp:featuredmedia":[{"embeddable":true,"href":"https:\/\/www.europesays.com\/fr\/wp-json\/wp\/v2\/media\/375059"}],"wp:attachment":[{"href":"https:\/\/www.europesays.com\/fr\/wp-json\/wp\/v2\/media?parent=375058"}],"wp:term":[{"taxonomy":"category","embeddable":true,"href":"https:\/\/www.europesays.com\/fr\/wp-json\/wp\/v2\/categories?post=375058"},{"taxonomy":"post_tag","embeddable":true,"href":"https:\/\/www.europesays.com\/fr\/wp-json\/wp\/v2\/tags?post=375058"}],"curies":[{"name":"wp","href":"https:\/\/api.w.org\/{rel}","templated":true}]}}