{"id":375060,"date":"2025-09-08T10:58:24","date_gmt":"2025-09-08T10:58:24","guid":{"rendered":"https:\/\/www.europesays.com\/fr\/375060\/"},"modified":"2025-09-08T10:58:24","modified_gmt":"2025-09-08T10:58:24","slug":"pulnoy-les-voisins-de-la-placette-rue-de-faymont-se-sont-retrouves","status":"publish","type":"post","link":"https:\/\/www.europesays.com\/fr\/375060\/","title":{"rendered":"Pulnoy. Les voisins de la placette rue de Faymont se sont retrouv\u00e9s"},"content":{"rendered":"<p>Tous les r\u00e9sidents des dix pavillons de la placette rue de Faymont \u00e9taient pr\u00e9sents vendredi pour une f\u00eate des voisins. \u00ab\u00a0Christelle et St\u00e9phane, les plus jeunes et derniers arriv\u00e9s, ont organis\u00e9 la manifestation avec talent et \u00e9nergie, appr\u00e9ciait G\u00e9rard Royer, l\u2019un d\u2019eux. Les agapes ont \u00e9t\u00e9 pr\u00e9par\u00e9es par chaque famille.\u00a0\u00bb Les r\u00e9sidents esp\u00e8rent tenir \u00e0 nouveau cette rencontre l\u2019ann\u00e9e prochaine.<\/p>\n","protected":false},"excerpt":{"rendered":"Tous les r\u00e9sidents des dix pavillons de la placette rue de Faymont \u00e9taient pr\u00e9sents vendredi pour une f\u00eate&hellip;\n","protected":false},"author":2,"featured_media":375061,"comment_status":"","ping_status":"","sticky":false,"template":"","format":"standard","meta":{"footnotes":""},"categories":[9635],"tags":[1111,11,1687,1704,1777,674,1011,27,775,11362,1702,12,16781,25],"class_list":{"0":"post-375060","1":"post","2":"type-post","3":"status-publish","4":"format-standard","5":"has-post-thumbnail","7":"category-nancy","8":"tag-actu","9":"tag-actualites","10":"tag-culture-loisirs","11":"tag-edition-nancy-et-agglomeration","12":"tag-eu","13":"tag-europe","14":"tag-fr","15":"tag-france","16":"tag-grand-est","17":"tag-metropole-du-grand-nancy-54b3","18":"tag-nancy","19":"tag-news","20":"tag-pulnoy","21":"tag-republique-francaise"},"share_on_mastodon":{"url":"https:\/\/pubeurope.com\/@fr\/115168326923986378","error":""},"_links":{"self":[{"href":"https:\/\/www.europesays.com\/fr\/wp-json\/wp\/v2\/posts\/375060","targetHints":{"allow":["GET"]}}],"collection":[{"href":"https:\/\/www.europesays.com\/fr\/wp-json\/wp\/v2\/posts"}],"about":[{"href":"https:\/\/www.europesays.com\/fr\/wp-json\/wp\/v2\/types\/post"}],"author":[{"embeddable":true,"href":"https:\/\/www.europesays.com\/fr\/wp-json\/wp\/v2\/users\/2"}],"replies":[{"embeddable":true,"href":"https:\/\/www.europesays.com\/fr\/wp-json\/wp\/v2\/comments?post=375060"}],"version-history":[{"count":0,"href":"https:\/\/www.europesays.com\/fr\/wp-json\/wp\/v2\/posts\/375060\/revisions"}],"wp:featuredmedia":[{"embeddable":true,"href":"https:\/\/www.europesays.com\/fr\/wp-json\/wp\/v2\/media\/375061"}],"wp:attachment":[{"href":"https:\/\/www.europesays.com\/fr\/wp-json\/wp\/v2\/media?parent=375060"}],"wp:term":[{"taxonomy":"category","embeddable":true,"href":"https:\/\/www.europesays.com\/fr\/wp-json\/wp\/v2\/categories?post=375060"},{"taxonomy":"post_tag","embeddable":true,"href":"https:\/\/www.europesays.com\/fr\/wp-json\/wp\/v2\/tags?post=375060"}],"curies":[{"name":"wp","href":"https:\/\/api.w.org\/{rel}","templated":true}]}}