{"id":375074,"date":"2025-09-08T11:08:12","date_gmt":"2025-09-08T11:08:12","guid":{"rendered":"https:\/\/www.europesays.com\/fr\/375074\/"},"modified":"2025-09-08T11:08:12","modified_gmt":"2025-09-08T11:08:12","slug":"des-fermetures-nocturnes-cette-semaine","status":"publish","type":"post","link":"https:\/\/www.europesays.com\/fr\/375074\/","title":{"rendered":"des fermetures nocturnes cette semaine"},"content":{"rendered":"<p>Les travaux d\u2019am\u00e9nagement <a href=\"https:\/\/www.ledauphine.com\/d\/echangeur-du-rondeau-ou-en-est-le-chantier-95a8e06d-60b2-410a-b4e4-3210965d68d5\" target=\"_blank\" rel=\"noopener\">du Rondeau<\/a> se poursuivent. Une partie du r\u00e9seau routier et autoroutier sera ainsi ferm\u00e9e \u00e0 la circulation les nuits des lundi\u00a08 et jeudi 11\u00a0septembre, de 20\u00a0h\u00a030 \u00e0 5\u00a0h\u00a030.<\/p>\n<p><strong>\u25b6 \u2002En direction de Lyon\u00a0:<\/strong><\/p>\n<p>&#8211; Les autoroutes A48 et A480 nord seront ferm\u00e9es entre l\u2019\u00e9changeur du Rondeau (n\u00b05) et le diffuseur de Saint-\u00c9gr\u00e8ve (n\u00b014).<\/p>\n<p>&#8211; Les bretelles d\u2019entr\u00e9e depuis Chamb\u00e9ry vers l\u2019autoroute A480 Nord et depuis Seyssins vers l\u2019autoroute A480 Nord seront \u00e9galement inaccessibles.<\/p>\n<p>\u25b6 \u2002<strong>En direction de Sisteron\u00a0:<\/strong><\/p>\n<p>&#8211; L\u2019autoroute A480 sud sera ferm\u00e9e entre le diffuseur Pont-de-Claix (n\u00b07) et le diffuseur de Claix (n\u00b09).<\/p>\n<p><strong>\u25b6 \u2002En direction de Chamb\u00e9ry\u00a0:<\/strong><\/p>\n<p>&#8211; La bretelle de sortie de l\u2019autoroute A480 nord vers la nationale N87 pour Chamb\u00e9ry sera \u00e9galement condamn\u00e9e ces deux nuits.<\/p>\n<p>D&rsquo;Autres fermetures sont \u00e0 pr\u00e9voir la nuit du mercredi 10\u00a0septembre, \u00e9galement de 20\u00a0h\u00a030 \u00e0 5\u00a0h\u00a030.<\/p>\n<p>\u25b6 \u2002<strong>En direction de Lyon\u00a0:<\/strong><\/p>\n<p>&#8211; Comme ce lundi et jeudi, les autoroutes A48 et A480 Nord seront ferm\u00e9es entre l\u2019\u00e9changeur du Rondeau (n\u00b05) et le diffuseur de Saint-\u00c9gr\u00e8ve (n\u00b014), tout comme les bretelles d\u2019entr\u00e9e depuis Chamb\u00e9ry vers l\u2019autoroute A480 nord et la bretelle d\u2019entr\u00e9e depuis Seyssins vers l\u2019autoroute A480 nord.<\/p>\n<p>\u25b6 \u2002<strong>En direction de Sisteron\u00a0:<\/strong><\/p>\n<p>&#8211; L\u2019autoroute A480 sud sera ferm\u00e9e entre le diffuseur Pont-de-Claix (n\u00b07) et le diffuseur de Claix (n\u00b09).<\/p>\n<p>\u25b6 \u2002<strong>En direction de Seyssins et Chamb\u00e9ry\u00a0:<\/strong><\/p>\n<p>La liaison (D6) entre Seyssins et la rocade sud (RN87) sera ferm\u00e9e, dans les deux sens de circulation.<\/p>\n","protected":false},"excerpt":{"rendered":"Les travaux d\u2019am\u00e9nagement du Rondeau se poursuivent. Une partie du r\u00e9seau routier et autoroutier sera ainsi ferm\u00e9e \u00e0&hellip;\n","protected":false},"author":2,"featured_media":375075,"comment_status":"","ping_status":"","sticky":false,"template":"","format":"standard","meta":{"footnotes":""},"categories":[9566],"tags":[1111,11,2430,3542,9852,9853,112,113,1777,674,1011,27,2731,108,12,25,2803],"class_list":{"0":"post-375074","1":"post","2":"type-post","3":"status-publish","4":"format-standard","5":"has-post-thumbnail","7":"category-grenoble","8":"tag-actu","9":"tag-actualites","10":"tag-auvergne-rhone-alpes","11":"tag-circulation","12":"tag-echirolles","13":"tag-echirolles-bassin","14":"tag-edition-grenoble-agglomeration","15":"tag-edition-gresivaudan-oisans","16":"tag-eu","17":"tag-europe","18":"tag-fr","19":"tag-france","20":"tag-grenoble","21":"tag-isere","22":"tag-news","23":"tag-republique-francaise","24":"tag-transport"},"share_on_mastodon":{"url":"https:\/\/pubeurope.com\/@fr\/115168366005606977","error":""},"_links":{"self":[{"href":"https:\/\/www.europesays.com\/fr\/wp-json\/wp\/v2\/posts\/375074","targetHints":{"allow":["GET"]}}],"collection":[{"href":"https:\/\/www.europesays.com\/fr\/wp-json\/wp\/v2\/posts"}],"about":[{"href":"https:\/\/www.europesays.com\/fr\/wp-json\/wp\/v2\/types\/post"}],"author":[{"embeddable":true,"href":"https:\/\/www.europesays.com\/fr\/wp-json\/wp\/v2\/users\/2"}],"replies":[{"embeddable":true,"href":"https:\/\/www.europesays.com\/fr\/wp-json\/wp\/v2\/comments?post=375074"}],"version-history":[{"count":0,"href":"https:\/\/www.europesays.com\/fr\/wp-json\/wp\/v2\/posts\/375074\/revisions"}],"wp:featuredmedia":[{"embeddable":true,"href":"https:\/\/www.europesays.com\/fr\/wp-json\/wp\/v2\/media\/375075"}],"wp:attachment":[{"href":"https:\/\/www.europesays.com\/fr\/wp-json\/wp\/v2\/media?parent=375074"}],"wp:term":[{"taxonomy":"category","embeddable":true,"href":"https:\/\/www.europesays.com\/fr\/wp-json\/wp\/v2\/categories?post=375074"},{"taxonomy":"post_tag","embeddable":true,"href":"https:\/\/www.europesays.com\/fr\/wp-json\/wp\/v2\/tags?post=375074"}],"curies":[{"name":"wp","href":"https:\/\/api.w.org\/{rel}","templated":true}]}}