{"id":375078,"date":"2025-09-08T11:12:28","date_gmt":"2025-09-08T11:12:28","guid":{"rendered":"https:\/\/www.europesays.com\/fr\/375078\/"},"modified":"2025-09-08T11:12:28","modified_gmt":"2025-09-08T11:12:28","slug":"chartres-de-bretagne-agir-abcd-a-la-recherche-de-benevoles","status":"publish","type":"post","link":"https:\/\/www.europesays.com\/fr\/375078\/","title":{"rendered":"Chartres-de-Bretagne. AGIR abcd \u00e0 la recherche de b\u00e9n\u00e9voles"},"content":{"rendered":"<p>Pendant l\u2019ann\u00e9e scolaire \u00e9coul\u00e9e, le collectif AGIR abcd, compos\u00e9 de 27\u00a0b\u00e9n\u00e9voles, est venu en aide \u00e0 une vingtaine d\u2019enfants allophones, c\u2019est-\u00e0-dire ne parlant pas fran\u00e7ais chez eux, arrivant de 18\u00a0pays diff\u00e9rents.<\/p>\n<p>Les b\u00e9n\u00e9voles interviennent dans les \u00e9coles de l\u2019Auditoire et de Sainte-Marie pendant une heure apr\u00e8s 16\u00a0h\u00a030, les lundi, mardi et jeudi. \u00a0Nous faisons du soutien en fran\u00e7ais en travaillant le vocabulaire, l\u2019expression, la compr\u00e9hension. Les devoirs sont parfois utilis\u00e9s comme support mais les jeux sont \u00e9galement un bon moyen d\u2019expression\u00a0\u00bb, expliquent Alain Miclard et Marie Hardy, co-animateurs.<\/p>\n<p>Apr\u00e8s le forum des associations, une rencontre a lieu avec les directrices des \u00e9coles pour leur pr\u00e9ciser le nombre de b\u00e9n\u00e9voles disponibles. Ces derni\u00e8res d\u00e9terminent, avec les enseignants, les enfants qui ont des besoins et pourront b\u00e9n\u00e9ficier du dispositif avec l\u2019accord des parents.<\/p>\n<p>Chaque b\u00e9n\u00e9vole s\u2019occupe d\u2019un, voire de deux enfants au maximum, \u00e0 une fr\u00e9quence d\u2019un ou deux soirs par semaine en fonction de ses disponibilit\u00e9s. Le responsable de soir s\u2019assure de la pr\u00e9sence des b\u00e9n\u00e9voles. \u00a0Nous essayons que chaque enfant retrouve le m\u00eame b\u00e9n\u00e9vole pour cr\u00e9er une relation de confiance. Nous apprenons \u00e0 nous conna\u00eetre mutuellement.\u00a0<\/p>\n<p>Une autre b\u00e9n\u00e9vole poursuit\u00a0: \u00ab\u00a0Les enfants sont contents de nous retrouver. Certains demandent \u00e0 lire, nous voyons l\u2019\u00e9volution.\u00a0<\/p>\n<p>M\u00eame si la tr\u00e8s grande majorit\u00e9 des membres va poursuivre sa participation au soutien en fran\u00e7ais, le collectif est \u00e0 la recherche de nouveaux b\u00e9n\u00e9voles.<\/p>\n<p><strong>Contact<\/strong>\u00a0: 06\u00a077\u00a042\u00a066\u00a024 ou a.mic35@orange.fr<\/p>\n<p>\u00a0<\/p>\n","protected":false},"excerpt":{"rendered":"Pendant l\u2019ann\u00e9e scolaire \u00e9coul\u00e9e, le collectif AGIR abcd, compos\u00e9 de 27\u00a0b\u00e9n\u00e9voles, est venu en aide \u00e0 une vingtaine&hellip;\n","protected":false},"author":2,"featured_media":375079,"comment_status":"","ping_status":"","sticky":false,"template":"","format":"standard","meta":{"footnotes":""},"categories":[2821],"tags":[50908,1111,11,41603,15089,829,19962,1777,674,1011,27,12,959,3086,584,25],"class_list":{"0":"post-375078","1":"post","2":"type-post","3":"status-publish","4":"format-standard","5":"has-post-thumbnail","7":"category-rennes","8":"tag-abcd","9":"tag-actu","10":"tag-actualites","11":"tag-agir","12":"tag-benevoles","13":"tag-bretagne","14":"tag-chartres-de-bretagne","15":"tag-eu","16":"tag-europe","17":"tag-fr","18":"tag-france","19":"tag-news","20":"tag-recherche","21":"tag-redon","22":"tag-rennes","23":"tag-republique-francaise"},"share_on_mastodon":{"url":"https:\/\/pubeurope.com\/@fr\/115168381767513585","error":""},"_links":{"self":[{"href":"https:\/\/www.europesays.com\/fr\/wp-json\/wp\/v2\/posts\/375078","targetHints":{"allow":["GET"]}}],"collection":[{"href":"https:\/\/www.europesays.com\/fr\/wp-json\/wp\/v2\/posts"}],"about":[{"href":"https:\/\/www.europesays.com\/fr\/wp-json\/wp\/v2\/types\/post"}],"author":[{"embeddable":true,"href":"https:\/\/www.europesays.com\/fr\/wp-json\/wp\/v2\/users\/2"}],"replies":[{"embeddable":true,"href":"https:\/\/www.europesays.com\/fr\/wp-json\/wp\/v2\/comments?post=375078"}],"version-history":[{"count":0,"href":"https:\/\/www.europesays.com\/fr\/wp-json\/wp\/v2\/posts\/375078\/revisions"}],"wp:featuredmedia":[{"embeddable":true,"href":"https:\/\/www.europesays.com\/fr\/wp-json\/wp\/v2\/media\/375079"}],"wp:attachment":[{"href":"https:\/\/www.europesays.com\/fr\/wp-json\/wp\/v2\/media?parent=375078"}],"wp:term":[{"taxonomy":"category","embeddable":true,"href":"https:\/\/www.europesays.com\/fr\/wp-json\/wp\/v2\/categories?post=375078"},{"taxonomy":"post_tag","embeddable":true,"href":"https:\/\/www.europesays.com\/fr\/wp-json\/wp\/v2\/tags?post=375078"}],"curies":[{"name":"wp","href":"https:\/\/api.w.org\/{rel}","templated":true}]}}