{"id":375080,"date":"2025-09-08T11:13:15","date_gmt":"2025-09-08T11:13:15","guid":{"rendered":"https:\/\/www.europesays.com\/fr\/375080\/"},"modified":"2025-09-08T11:13:15","modified_gmt":"2025-09-08T11:13:15","slug":"a-rennes-la-rocade-sud-ferme-pendant-deux-mois-les-perturbations-a-prevoir","status":"publish","type":"post","link":"https:\/\/www.europesays.com\/fr\/375080\/","title":{"rendered":"\u00c0 Rennes, la rocade sud ferme pendant deux mois : les perturbations \u00e0 pr\u00e9voir"},"content":{"rendered":"<p>            Par<br \/>\n        <strong><br \/>\n            <a href=\"https:\/\/actu.fr\/auteur\/brian-legoff\" title=\"Consulter tous les articles de Brian Le Goff\" target=\"_blank\" rel=\"noopener\">Brian Le Goff<\/a><br \/>\n        <\/strong><\/p>\n<p>        Publi\u00e9 le<\/p>\n<p>            8 sept. 2025 \u00e0 11h54        <\/p>\n<p>Les automobilistes rennais vont devoir s\u2019armer de patience La <a href=\"https:\/\/actu.fr\/tag\/rocade\" target=\"_blank\" rel=\"noopener\">rocade<\/a> sud de Rennes va conna\u00eetre d\u2019importants <a href=\"https:\/\/actu.fr\/tag\/travaux\" target=\"_blank\" rel=\"noopener\">travaux<\/a>. La direction interd\u00e9partementale des routes (DIR) Ouest engage, du <strong data-start=\"374\" data-end=\"423\">lundi 8\u00a0septembre au vendredi 7\u00a0novembre 2025<\/strong>, un chantier de r\u00e9novation de la chauss\u00e9e sur la RN136 dans le sens int\u00e9rieur, au niveau de Cesson-S\u00e9vign\u00e9, Chantepie et <a href=\"https:\/\/actu.fr\/tag\/travaux\" target=\"_blank\" rel=\"noopener\">Rennes<\/a>.<\/p>\n<p>Un chantier de 9 semaines<\/p>\n<p data-start=\"588\" data-end=\"923\" class=\" wall-content\">Pendant neuf semaines, la circulation sera coup\u00e9e\u00a0<strong data-start=\"638\" data-end=\"687\">de nuit uniquement, en semaine, de 20\u2009h \u00e0 6\u2009h<\/strong>, afin de limiter l\u2019impact sur le trafic.<\/p>\n<p data-start=\"588\" data-end=\"923\" class=\" wall-content\">L\u2019op\u00e9ration s\u2019inscrit dans le programme d\u2019entretien annuel des chauss\u00e9es et vise \u00e0 am\u00e9liorer le confort de conduite, renforcer la s\u00e9curit\u00e9 et prolonger la dur\u00e9e de vie des routes nationales.<\/p>\n<p>Quels travaux sont pr\u00e9vus\u2009?<\/p>\n<p data-start=\"959\" data-end=\"983\" class=\" wall-content\">Le chantier comprend\u2009:<\/p>\n<ul class=\" wall-content\">\n<li data-start=\"986\" data-end=\"1052\">la r\u00e9novation de <strong data-start=\"1003\" data-end=\"1025\">6,7\u00a0km de chauss\u00e9e<\/strong> sur la RN136 int\u00e9rieure\u2009;<\/li>\n<li data-start=\"986\" data-end=\"1052\">la r\u00e9novation de <strong data-start=\"1072\" data-end=\"1092\">1\u00a0km de chauss\u00e9e<\/strong> sur la RN157 (vers Rennes)\u2009;<\/li>\n<li data-start=\"986\" data-end=\"1052\">la reprise des chauss\u00e9es sur les bretelles de plusieurs \u00e9changeurs (portes de la Rigourdi\u00e8re, de la Valette, de Beaulieu, du Breillou, des Loges et du Blosne\/Angers)\u2009;<\/li>\n<li data-start=\"986\" data-end=\"1052\">la modernisation des dispositifs de s\u00e9curit\u00e9\u2009;<\/li>\n<li data-start=\"986\" data-end=\"1052\">le remplacement de joints sur deux ouvrages\u2009;<\/li>\n<li data-start=\"986\" data-end=\"1052\">le renouvellement des boucles de comptage et de r\u00e9gulation d\u2019acc\u00e8s\u2009;<\/li>\n<li data-start=\"986\" data-end=\"1052\">la mise \u00e0 jour de la signalisation et du marquage au sol.<\/li>\n<\/ul>\n<p>Circulation et d\u00e9viations<\/p>\n<p data-start=\"1560\" data-end=\"1593\" class=\" wall-content\">Durant la p\u00e9riode des travaux\u2009:<\/p>\n<ul class=\" wall-content\">\n<li data-start=\"1560\" data-end=\"1593\">la rocade sud (RN136) sera <strong data-start=\"1623\" data-end=\"1656\">ferm\u00e9e dans le sens int\u00e9rieur<\/strong>, ainsi que la RN157 vers Rennes, sur environ\u00a0<strong data-start=\"1702\" data-end=\"1710\">7\u00a0km<\/strong>, entre la porte de la Rigourdi\u00e8re et la porte d\u2019Angers\u2009;<\/li>\n<li data-start=\"1560\" data-end=\"1593\">les bretelles d\u2019acc\u00e8s des \u00e9changeurs situ\u00e9s dans la zone seront ferm\u00e9es.<\/li>\n<\/ul>\n<p>Votre r\u00e9gion, votre actu !<\/p>\n<p>Recevez chaque jour les infos qui comptent pour vous.<\/p>\n<p>\t<a href=\"https:\/\/actu.fr\/newsletter\" class=\"ac-btn ac-btn--corner ac-btn--medium ac-btn--blue800\" target=\"_blank\" rel=\"noopener\">S&rsquo;incrire<\/a><\/p>\n<p data-start=\"1847\" data-end=\"2045\" class=\" wall-content\">Une <strong>d\u00e9viation<\/strong> sera mise en place par la rocade nord (sens ext\u00e9rieur). Ces modifications pourront rallonger les temps de trajet. Les automobilistes sont donc invit\u00e9s \u00e0 anticiper leurs d\u00e9placements.<\/p>\n<p>Attention aux conditions m\u00e9t\u00e9o<\/p>\n<p data-start=\"2084\" data-end=\"2206\" class=\" wall-content\">En cas de pluie, d\u2019orages ou de temp\u00e9ratures extr\u00eames, les travaux pourront \u00eatre report\u00e9s ou interrompus temporairement.<\/p>\n<p>Vigilance sur la route<\/p>\n<p data-start=\"2237\" data-end=\"2466\" class=\" wall-content\">La DIR Ouest appelle \u00e0 la prudence\u2009: \u00ab\u2009Les travaux sont toujours organis\u00e9s de fa\u00e7on \u00e0 pr\u00e9server la s\u00e9curit\u00e9 de nos agents comme des usagers. Merci de respecter la signalisation ainsi que les distances et vitesses de s\u00e9curit\u00e9.\u2009\u00bb<\/p>\n<p class=\" wall-content\">Personnalisez votre actualit\u00e9 en ajoutant vos villes et m\u00e9dias en favori avec <a href=\"https:\/\/moncompte.actu.fr\" title=\"D\u00e9couvez Mon Actu\" rel=\"nofollow noopener\" data-trk=\"{&quot;cta&quot;:{&quot;action&quot;:&quot;https:\\\/\\\/moncompte.actu.fr&quot;,&quot;category&quot;:&quot;mon compte&quot;,&quot;from&quot;:&quot;article footer&quot;,&quot;name&quot;:&quot;Mon actu&quot;,&quot;type&quot;:&quot;cta&quot;}}\" target=\"_blank\">Mon Actu<\/a>.<\/p>\n","protected":false},"excerpt":{"rendered":"Par Brian Le Goff Publi\u00e9 le 8 sept. 2025 \u00e0 11h54 Les automobilistes rennais vont devoir s\u2019armer de&hellip;\n","protected":false},"author":2,"featured_media":375081,"comment_status":"","ping_status":"","sticky":false,"template":"","format":"standard","meta":{"footnotes":""},"categories":[2821],"tags":[1111,11,829,3542,1777,674,1011,27,12,584,25,4797,104,2086],"class_list":{"0":"post-375080","1":"post","2":"type-post","3":"status-publish","4":"format-standard","5":"has-post-thumbnail","7":"category-rennes","8":"tag-actu","9":"tag-actualites","10":"tag-bretagne","11":"tag-circulation","12":"tag-eu","13":"tag-europe","14":"tag-fr","15":"tag-france","16":"tag-news","17":"tag-rennes","18":"tag-republique-francaise","19":"tag-rocade","20":"tag-societe","21":"tag-travaux"},"share_on_mastodon":{"url":"https:\/\/pubeurope.com\/@fr\/115168385807902237","error":""},"_links":{"self":[{"href":"https:\/\/www.europesays.com\/fr\/wp-json\/wp\/v2\/posts\/375080","targetHints":{"allow":["GET"]}}],"collection":[{"href":"https:\/\/www.europesays.com\/fr\/wp-json\/wp\/v2\/posts"}],"about":[{"href":"https:\/\/www.europesays.com\/fr\/wp-json\/wp\/v2\/types\/post"}],"author":[{"embeddable":true,"href":"https:\/\/www.europesays.com\/fr\/wp-json\/wp\/v2\/users\/2"}],"replies":[{"embeddable":true,"href":"https:\/\/www.europesays.com\/fr\/wp-json\/wp\/v2\/comments?post=375080"}],"version-history":[{"count":0,"href":"https:\/\/www.europesays.com\/fr\/wp-json\/wp\/v2\/posts\/375080\/revisions"}],"wp:featuredmedia":[{"embeddable":true,"href":"https:\/\/www.europesays.com\/fr\/wp-json\/wp\/v2\/media\/375081"}],"wp:attachment":[{"href":"https:\/\/www.europesays.com\/fr\/wp-json\/wp\/v2\/media?parent=375080"}],"wp:term":[{"taxonomy":"category","embeddable":true,"href":"https:\/\/www.europesays.com\/fr\/wp-json\/wp\/v2\/categories?post=375080"},{"taxonomy":"post_tag","embeddable":true,"href":"https:\/\/www.europesays.com\/fr\/wp-json\/wp\/v2\/tags?post=375080"}],"curies":[{"name":"wp","href":"https:\/\/api.w.org\/{rel}","templated":true}]}}