{"id":375082,"date":"2025-09-08T11:14:23","date_gmt":"2025-09-08T11:14:23","guid":{"rendered":"https:\/\/www.europesays.com\/fr\/375082\/"},"modified":"2025-09-08T11:14:23","modified_gmt":"2025-09-08T11:14:23","slug":"des-alsaciens-dhorizons-varies-rassembles-pour-tout-changer","status":"publish","type":"post","link":"https:\/\/www.europesays.com\/fr\/375082\/","title":{"rendered":"des Alsaciens d&rsquo;horizons vari\u00e9s, rassembl\u00e9s pour \u00ab\u00a0tout changer\u00a0\u00bb"},"content":{"rendered":"<p class=\"wp-block-post-excerpt__excerpt\">Dans toute l\u2019Alsace, des groupes s\u2019organisent dans le cadre du mouvement Bloquons tout pr\u00e9vu \u00e0 partir du 10 septembre. Primo-militants, ch\u00f4meurs, ouvriers, engag\u00e9s \u00e0 gauche\u2026 Les participants ont des profils divers et partagent la volont\u00e9 de changer le syst\u00e8me en profondeur. <\/p>\n<p class=\"font-sans\">\n\t\t\tCet article est en acc\u00e8s libre. Pour soutenir Rue89 Strasbourg,<br \/>\n\t\t\t<a class=\"underline\" href=\"https:\/\/www.rue89strasbourg.com\/abonnement\" target=\"_blank\" rel=\"noopener\">abonnez-vous<\/a>.\n\t\t<\/p>\n<p>Thibault Vetter<\/p>\n<p>Publi\u00e9 le 8 septembre 2025\u00a0\u00a0\u00b7\u00a0\u00a0<\/p>\n<p>Imprim\u00e9 le 8 septembre 2025 \u00e0 12h15\u00a0\u00a0\u00b7\u00a0\u00a0<\/p>\n<p>Modifi\u00e9 le 8 septembre 2025\u00a0\u00a0\u00b7\u00a0\u00a0<\/p>\n<p>\t\t\t\t\t6\u00a0minutes\n<\/p>\n<p>\u00ab\u00a0Je n\u2019en peux plus de ces politiciens qui nous demandent de serrer la ceinture alors qu\u2019on n\u2019a d\u00e9j\u00e0 plus rien\u00a0\u00bb, commence Laura. Habitante d\u2019un petit village d\u2019Alsace Bossue, elle est au ch\u00f4mage depuis d\u00e9but 2025. Avec son compagnon, la jeune femme de 32 ans renonce aux sorties au cin\u00e9ma ou \u00e0 Strasbourg. Elle demande de l\u2019aide \u00e0 ses parents et restreint ses achats alimentaires\u00a0: \u00ab\u00a0On se limite \u00e0 75 euros de courses par semaine. On choisit entre les l\u00e9gumes ou les yaourts. On cherche toutes les promos possibles et imaginables. C\u2019est lourd au quotidien.\u00a0\u00bb<\/p>\n<p><a href=\"https:\/\/www.rue89strasbourg.com\/abonnement\" target=\"_blank\" rel=\"noopener\"><img loading=\"lazy\" decoding=\"async\" width=\"970\" height=\"250\" src=\"https:\/\/www.europesays.com\/fr\/wp-content\/uploads\/2025\/05\/bannie\u0300re-autopromo-2025-desktop-1.gif\" alt=\"\" class=\"wp-image-343590\" style=\"width:792px\"\/><\/a><\/p>\n<p><a href=\"https:\/\/www.rue89strasbourg.com\/abonnement\" target=\"_blank\" rel=\"noopener\"><img loading=\"lazy\" decoding=\"async\" width=\"300\" height=\"300\" src=\"https:\/\/www.europesays.com\/fr\/wp-content\/uploads\/2025\/05\/bannieres@2x.png\" alt=\"\" class=\"wp-image-341656\"  \/><\/a><\/p>\n<p>\u00ab\u00a0On a juste envie que \u00e7a p\u00e8te\u00a0\u00bb<\/p>\n<p>Heurt\u00e9e par l\u2019impression qu\u2019elle n\u2019allait \u00ab\u00a0jamais s\u2019en sortir\u00a0\u00bb, Laura a d\u00e9velopp\u00e9 une anxi\u00e9t\u00e9 quotidienne, puis une petite d\u00e9pression. Des \u00e9motions qui se sont transform\u00e9es en col\u00e8re. \u00ab\u00a0Beaucoup de choses me scandalisent autour de moi. Je vois les \u00e9coles qui ferment les unes apr\u00e8s les autres. Les enfants qui habitent dans mon village doivent faire 20 minutes pour aller jusqu\u2019\u00e0 leur \u00e9tablissement maintenant. Au bout d\u2019un moment, on a juste envie que \u00e7a p\u00e8te\u00a0\u00bb, lance t-elle. C\u2019est naturellement qu\u2019elle s\u2019est int\u00e9ress\u00e9e au <a href=\"https:\/\/www.rue89strasbourg.com\/indignons-nous-strasbourg-353732\" target=\"_blank\" rel=\"noreferrer noopener\">mouvement Bloquons tout<\/a>, dont la premi\u00e8re journ\u00e9e de mobilisation aura lieu le 10 septembre. \u00ab\u00a0Je suis all\u00e9e \u00e0 des r\u00e9unions de comit\u00e9s locaux \u00e0 Woerth et Meisenthal. Il y avait une vingtaine de personnes\u00a0\u00bb, expose t-elle\u00a0:<\/p>\n<blockquote class=\"wp-block-quote is-layout-flow wp-block-quote-is-layout-flow\">\n<p>\u00ab\u00a0Bloquer la production, les routes\u2026 \u00c7a peut nous permettre de b\u00e2tir un vrai rapport de force. Et \u00e7a nous aidera \u00e0 nous retrouver, \u00e0 cr\u00e9er des solidarit\u00e9s avec des cantines populaires et des garderies. J\u2019ai vu naitre un sentiment d\u2019espoir.\u00a0\u00bb<\/p>\n<\/blockquote>\n<p><img loading=\"lazy\" decoding=\"async\" width=\"792\" height=\"528\" src=\"https:\/\/www.europesays.com\/fr\/wp-content\/uploads\/2025\/09\/54764210477-f59fdf8e12-k-792x528.jpg\" alt=\"\" class=\"wp-image-358274\"  \/> Laura participera au mouvement Bloquons tout, avec l\u2019intention de \u00ab\u00a0changer le syst\u00e8me\u00a0\u00bb.Photo\u00a0: Thibault Vetter \/ Rue89 Strasbourg<\/p>\n<p>\t\tD\u00e9sir de justice fiscale<\/p>\n<p>Dipl\u00f4m\u00e9e en Histoire et originaire de Schweighouse, Laura ne parvient pas \u00e0 trouver du travail dans son secteur g\u00e9ographique. \u00ab\u00a0J\u2019\u00e9largis de plus en plus mes recherches. Mais peut-\u00eatre que je vais devoir aller tr\u00e8s loin. Je ne sais pas comment je vais faire\u00a0\u00bb, regrette la trentenaire. Elle qui avait d\u00e9j\u00e0 manifest\u00e9 contre la r\u00e9forme des retraites en 2023 se dit fatigu\u00e9e par les discours publics culpabilisants contre les salari\u00e9s pr\u00e9caires ou les ch\u00f4meurs \u00ab\u00a0alors qu\u2019il y a des centaines de milliards d\u2019euros de cadeaux fiscaux aux entreprises et <a href=\"https:\/\/reporterre.net\/Sous-Macron-207-milliards-d-euros-de-cadeaux-fiscaux-accordes-aux-ultrariches\" target=\"_blank\" rel=\"noreferrer noopener\">aux milliardaires\u00a0\u00bb<\/a>. Comme beaucoup de participants au mouvement Bloquons tout, elle esp\u00e8re que la mobilisation fera tomber Fran\u00e7ois Bayrou, Emmanuel Macron, et m\u00eame que \u00ab\u00a0le syst\u00e8me changera fondamentalement\u00a0\u00bb\u00a0:<\/p>\n<blockquote class=\"wp-block-quote is-layout-flow wp-block-quote-is-layout-flow\">\n<p>\u00ab\u00a0\u00c7a fait des ann\u00e9es qu\u2019on est sous pression et qu\u2019on doit lutter contre des politiques antisociales. J\u2019en ai marre de me battre contre des reculs de nos droits. Et je suis loin d\u2019\u00eatre la seule. On ne va pas se contenter de mesurettes. Je veux tout changer, demander la retraite \u00e0 60 ans, la semaine de 28 heures et de 4 jours, une s\u00e9curit\u00e9 sociale de l\u2019alimentation, de l\u2019argent pour l\u2019\u00e9cole, les h\u00f4pitaux. Et il faut en finir avec la V\u00e8me R\u00e9publique, qui est tr\u00e8s verticale et donne trop de pouvoir \u00e0 l\u2019ex\u00e9cutif.\u00a0\u00bb<\/p>\n<\/blockquote>\n<p>Dans le nord de l\u2019Alsace comme dans le reste de la r\u00e9gion, des blocages de routes et des occupations de ronds points s\u2019organisent pour le 10 septembre. Les comit\u00e9s vont tenter d\u2019inscrire les actions de blocage dans la dur\u00e9e, avec \u00e9galement l\u2019objectif d\u2019attirer plus de monde dans le mouvement. \u00ab\u00a0Les gens ne doivent pas c\u00e9der \u00e0 la r\u00e9signation, anticipe Laura. Peut-\u00eatre que \u00e7a peut fonctionner. Si on n\u2019essaye pas, on est s\u00fbrs que \u00e7a ne changera pas. Moi je n\u2019ai rien \u00e0 perdre..\u00a0\u00bb<\/p>\n<p>Des primo-militants<\/p>\n<p>Laura se consid\u00e8re de gauche depuis qu\u2019elle est au lyc\u00e9e. C\u2019est loin d\u2019\u00eatre le cas de tous les participants aux comit\u00e9s locaux. Antoine est devenu d\u00e9panneur informatique ind\u00e9pendant au moment du covid apr\u00e8s avoir eu divers emplois d\u2019ouvrier. \u00ab\u00a0Je n\u2019ai jamais vu de changements r\u00e9els apr\u00e8s des \u00e9lections. Je n\u2019y crois plus. Ce n\u2019est pas \u00e7a qui va am\u00e9liorer les choses\u00a0\u00bb, estime l\u2019homme de 63 ans, habitant d\u2019Ingwiller. Il a toujours eu des salaires modestes mais suffisants pour la vie qu\u2019il choisit de mener, \u00ab\u00a0tranquille, \u00e0 la campagne, avec peu de consommation\u00a0\u00bb.<\/p>\n<p><img loading=\"lazy\" decoding=\"async\" width=\"792\" height=\"446\" src=\"https:\/\/www.europesays.com\/fr\/wp-content\/uploads\/2025\/09\/img-20250904-165803-792x446.jpg\" alt=\"\" class=\"wp-image-358273\"  \/> \u00c0 63 ans, Antoine s\u2019engage pour la premi\u00e8re fois dans une mobilisation.Photo\u00a0: Document remis<\/p>\n<p>En s\u2019investissant au comit\u00e9 local de Meisenthal, c\u2019est la premi\u00e8re fois qu\u2019il participe \u00e0 une mobilisation sociale\u00a0: \u00ab\u00a0J\u2019ai toujours eu assez peur d\u2019aller en manif. Je n\u2019ai pas du tout envie de me battre ou de me faire taper sur la gueule par des policiers. Je regardais tout \u00e7a de loin.\u00a0\u00bb Mais \u00e0 force de discuter avec l\u2019un de ses fils, engag\u00e9 sur l\u2019\u00e9cologie, ce p\u00e8re de cinq enfants \u00ab\u00a0\u00e2g\u00e9s de 3 \u00e0 31 ans\u00a0\u00bb a de plus en plus ressenti la n\u00e9cessit\u00e9 de s\u2019engager\u00a0:<\/p>\n<blockquote class=\"wp-block-quote is-layout-flow wp-block-quote-is-layout-flow\">\n<p>\u00ab\u00a0Quel est leur avenir\u00a0? Je suis particuli\u00e8rement touch\u00e9 par la question climatique, la d\u00e9gradation des h\u00f4pitaux et de l\u2019\u00c9ducation nationale. J\u2019ai un enfant en maternelle et un en primaire. Tout le monde sait que \u00e7a ne va pas, mais l\u2019inaction politique continue. Aujourd\u2019hui, je ne vois plus d\u2019autre issue que de changer de syst\u00e8me.\u00a0\u00bb<\/p>\n<\/blockquote>\n<p>D\u2019abord tourn\u00e9 contre les mesures aust\u00e9ritaires du projet de budget du gouvernement Bayrou, le mouvement Bloquons tout porte de plus en plus de revendications r\u00e9volutionnaires. Antoine r\u00eave d\u2019une \u00ab\u00a0d\u00e9mocratie plus horizontale, avec davantage de pouvoir local, pour les maires peut-\u00eatre, et un autre rapport au travail\u00a0\u00bb\u00a0: \u00ab\u00a0Je pense qu\u2019il faut privil\u00e9gier la qualit\u00e9 de vie, les emplois de proximit\u00e9\u2026\u00a0\u00bb Il se sent \u00e0 l\u2019aise \u00e0 l\u2019id\u00e9e d\u2019occuper des ronds points en tractant pour sensibiliser la population sur le mouvement et ses objectifs.<\/p>\n<p>Et des activistes aguerris<\/p>\n<p>L\u2019arriv\u00e9e de ces nouvelles personnes dans la mobilisation sociale est facilit\u00e9e par la pr\u00e9sence d\u2019activistes plus exp\u00e9riment\u00e9s. Dorian, par exemple, se d\u00e9finit comme un militant de gauche. Cet ing\u00e9nieur de 39 ans a particip\u00e9 \u00e0 de multiples mouvements, notamment celui pour le Nouveau front populaire en 2024. Habitant des Vosges du Nord, il se rend aux r\u00e9unions des comit\u00e9s locaux de Bloquons tout \u00e0 Woerth et Meisenthal. Il soutient les groupes de Saverne et Bischwiller <a href=\"https:\/\/www.rue89strasbourg.com\/rejoindre-mobilisation-10-septembre-alsace-357228\" target=\"_blank\" rel=\"noreferrer noopener\">sur les r\u00e9seaux<\/a>.<\/p>\n<p>\u00ab\u00a0J\u2019essaye de participer \u00e0 la structuration du mouvement. Je cr\u00e9e des visuels, des affiches, des tracts, pour que tout le monde puisse les coller ou les distribuer, explique t-il. M\u00eame si les gens ne se disent pas de gauche, ils sont d\u2019accord avec les logiques de gauche. Ils sont contre le d\u00e9tricotage du mod\u00e8le social, et veulent lutter contre \u00e7a.\u00a0\u00bb<\/p>\n<p><img loading=\"lazy\" decoding=\"async\" width=\"792\" height=\"528\" src=\"https:\/\/www.europesays.com\/fr\/wp-content\/uploads\/2025\/09\/manif-contre-le-rn-a-wissembourg-53836074194-o-792x528.jpg\" alt=\"\" class=\"wp-image-307228\"  \/> \u00c0 l\u2019\u00e9t\u00e9 2024, Dorian Faucon, avait milit\u00e9 pour le Nouveau front populaire en Alsace du Nord.Photo\u00a0: Mathilde Cybulski \/ Rue89 Strasbourg<\/p>\n<p>\u00c0 titre personnel, Dorian s\u2019estime \u00ab\u00a0bien loti\u00a0\u00bb en tant que cadre. \u00ab\u00a0Je vois, autour de moi, mes voisins, mes amis, ouvriers, infirmiers, artisans, qui n\u2019en peuvent plus. Ils souffrent au travail et gal\u00e8rent financi\u00e8rement\u2026\u00a0\u00bb, d\u00e9plore t-il. Il est donc urgent pour lui de s\u2019engager. Ce mouvement populaire, constitu\u00e9 de profils vari\u00e9s, qui existe aussi \u00e0 la campagne, est l\u2019occasion parfaite. L\u2019ing\u00e9nieur assure constater dans le mouvement Bloquons tout un \u00ab\u00a0enthousiasme fort\u00a0\u00bb chez les participants, et une impression que la mobilisation peut avoir un impact\u00a0:<\/p>\n<blockquote class=\"wp-block-quote is-layout-flow wp-block-quote-is-layout-flow\">\n<p>\u00ab\u00a0C\u2019est une flamme qui brille dans la nuit. Des personnes disent \u201cje pensais \u00eatre seul\u201d. Il y a des liens qui se cr\u00e9ent. C\u2019est le plus important pour moi, un peu comme avec les Gilets jaunes, ces moments d\u2019\u00e9changes culturels, o\u00f9 on se parle, on essaye de se comprendre, on fait peuple ensemble. On se r\u00e9approprie l\u2019espace politique en discutant de comment faire changer les choses.\u00a0\u00bb<\/p>\n<\/blockquote>\n","protected":false},"excerpt":{"rendered":"Dans toute l\u2019Alsace, des groupes s\u2019organisent dans le cadre du mouvement Bloquons tout pr\u00e9vu \u00e0 partir du 10&hellip;\n","protected":false},"author":2,"featured_media":375083,"comment_status":"","ping_status":"","sticky":false,"template":"","format":"standard","meta":{"footnotes":""},"categories":[2820],"tags":[1111,11,1777,674,1011,27,775,2088,10234,12,25,104,640],"class_list":{"0":"post-375082","1":"post","2":"type-post","3":"status-publish","4":"format-standard","5":"has-post-thumbnail","7":"category-strasbourg","8":"tag-actu","9":"tag-actualites","10":"tag-eu","11":"tag-europe","12":"tag-fr","13":"tag-france","14":"tag-grand-est","15":"tag-manifestation","16":"tag-mobilisation","17":"tag-news","18":"tag-republique-francaise","19":"tag-societe","20":"tag-strasbourg"},"share_on_mastodon":{"url":"https:\/\/pubeurope.com\/@fr\/115168390157654903","error":""},"_links":{"self":[{"href":"https:\/\/www.europesays.com\/fr\/wp-json\/wp\/v2\/posts\/375082","targetHints":{"allow":["GET"]}}],"collection":[{"href":"https:\/\/www.europesays.com\/fr\/wp-json\/wp\/v2\/posts"}],"about":[{"href":"https:\/\/www.europesays.com\/fr\/wp-json\/wp\/v2\/types\/post"}],"author":[{"embeddable":true,"href":"https:\/\/www.europesays.com\/fr\/wp-json\/wp\/v2\/users\/2"}],"replies":[{"embeddable":true,"href":"https:\/\/www.europesays.com\/fr\/wp-json\/wp\/v2\/comments?post=375082"}],"version-history":[{"count":0,"href":"https:\/\/www.europesays.com\/fr\/wp-json\/wp\/v2\/posts\/375082\/revisions"}],"wp:featuredmedia":[{"embeddable":true,"href":"https:\/\/www.europesays.com\/fr\/wp-json\/wp\/v2\/media\/375083"}],"wp:attachment":[{"href":"https:\/\/www.europesays.com\/fr\/wp-json\/wp\/v2\/media?parent=375082"}],"wp:term":[{"taxonomy":"category","embeddable":true,"href":"https:\/\/www.europesays.com\/fr\/wp-json\/wp\/v2\/categories?post=375082"},{"taxonomy":"post_tag","embeddable":true,"href":"https:\/\/www.europesays.com\/fr\/wp-json\/wp\/v2\/tags?post=375082"}],"curies":[{"name":"wp","href":"https:\/\/api.w.org\/{rel}","templated":true}]}}