{"id":375088,"date":"2025-09-08T11:17:10","date_gmt":"2025-09-08T11:17:10","guid":{"rendered":"https:\/\/www.europesays.com\/fr\/375088\/"},"modified":"2025-09-08T11:17:10","modified_gmt":"2025-09-08T11:17:10","slug":"cheque-energie-2025-ce-qui-change-et-les-dates-a-ne-pas-rater","status":"publish","type":"post","link":"https:\/\/www.europesays.com\/fr\/375088\/","title":{"rendered":"Ch\u00e8que \u00e9nergie 2025: ce qui change et les dates \u00e0 ne pas rater"},"content":{"rendered":"<p>            Question de Justine <\/p>\n<p>\n                Comment savoir si je vais pouvoir b\u00e9n\u00e9ficier du ch\u00e8que \u00e9nergie?\n            <\/p>\n<p>Bonjour Justine,\u00a0<\/p>\n<p>C&rsquo;est une bonne question, d&rsquo;autant que de nouvelles r\u00e8gles viennent d&rsquo;\u00eatre officialis\u00e9es.\u00a0<\/p>\n<p>Les informations ont \u00e9t\u00e9 transmises ce lundi via un communiqu\u00e9 par le Gouvernement. Le d\u00e9cret du 31 juillet 2025 officialise les nouvelles r\u00e8gles d&rsquo;attribution du ch\u00e8que \u00e9nergie, peut-on lire. Avec la suppression de la taxe d&rsquo;habitation, le mode de calcul change.\u00a0<\/p>\n<p>D\u00e9sormais, l&rsquo;aide sera attribu\u00e9e <strong>en croisant les informations fiscales<\/strong> (revenus du foyer) <strong>avec le num\u00e9ro de Point de Livraison<\/strong> (PDL) du compteur \u00e9lectrique.<\/p>\n<p>Afin de simplifier au maximum la d\u00e9marche pour les m\u00e9nages, <strong>l&rsquo;envoi automatique est privil\u00e9gi\u00e9<\/strong>.\u00a0<\/p>\n<p>Alors, vous vous demandez s\u00fbrement comment faire si vous n&rsquo;\u00eates pas identifi\u00e9(e)? Eh bien, il faudra faire une demande. Pour cela, \u00e0 partir de mi-octobre, <strong>un portail en ligne sera mis en place<\/strong>. Il sera \u00e9galement possible d&rsquo;envoyer sa demande par courrier. Pour que le dossier soit valide, il faudra fournir une pi\u00e8ce d&rsquo;identit\u00e9, les donn\u00e9es fiscales et une attestation de contrat de fourniture d&rsquo;\u00e9lectricit\u00e9 datant de moins de trois mois.<\/p>\n<p>Exceptionnellement, les demandes pour l&rsquo;ann\u00e9e 2025 pourront \u00eatre d\u00e9pos\u00e9es jusqu&rsquo;au 28 f\u00e9vrier 2026, pr\u00e9cise le communiqu\u00e9. Les maisons France Services seront l\u00e0 pour accompagner les personnes qui en ont besoin.<\/p>\n<p>                                Une distribution en fin d&rsquo;ann\u00e9e<\/p>\n<p>En raison de ces changements, <strong>la distribution des ch\u00e8ques \u00e9nergie pour la campagne 2025 aura lieu plus tard que d&rsquo;habitude<\/strong>. L&rsquo;envoi des premiers ch\u00e8ques est pr\u00e9vu pour novembre 2025.<\/p>\n<p>Pour les ann\u00e9es \u00e0 venir, \u00e0 partir de 2026, la campagne reviendra \u00e0 la normale. Les ch\u00e8ques seront envoy\u00e9s au printemps, et les demandes pourront \u00eatre faites du 1er janvier au 31 d\u00e9cembre.<\/p>\n<p>Face \u00e0 cette situation,\u00a0Marc Ferracci, le ministre charg\u00e9 de l&rsquo;Industrie et de l&rsquo;\u00c9nergie, <strong>a appel\u00e9 les fournisseurs \u00e0 faire preuve de souplesse<\/strong>. Le ministre a notamment demand\u00e9 d&rsquo;<strong>\u00e9viter les coupures de courant<\/strong> pour les b\u00e9n\u00e9ficiaires potentiels <strong>en cas d&rsquo;impay\u00e9s<\/strong> et de <strong>privil\u00e9gier la r\u00e9duction de puissance<\/strong>.<\/p>\n<p>Il a \u00e9galement rappel\u00e9 que <strong>les protections li\u00e9es au ch\u00e8que \u00e9nergie sont r\u00e9troactives<\/strong> et doivent s&rsquo;appliquer d\u00e8s que le b\u00e9n\u00e9ficiaire pr\u00e9sente son attestation ou son ch\u00e8que.<\/p>\n<p>Belle journ\u00e9e,\u00a0<\/p>\n","protected":false},"excerpt":{"rendered":"Question de Justine Comment savoir si je vais pouvoir b\u00e9n\u00e9ficier du ch\u00e8que \u00e9nergie? Bonjour Justine,\u00a0 C&rsquo;est une bonne&hellip;\n","protected":false},"author":2,"featured_media":375089,"comment_status":"","ping_status":"","sticky":false,"template":"","format":"standard","meta":{"footnotes":""},"categories":[2819],"tags":[1111,11,2876,33,893,1777,674,1011,27,12,2401,882,25],"class_list":{"0":"post-375088","1":"post","2":"type-post","3":"status-publish","4":"format-standard","5":"has-post-thumbnail","7":"category-nice","8":"tag-actu","9":"tag-actualites","10":"tag-conso-shopping","11":"tag-economie","12":"tag-energie","13":"tag-eu","14":"tag-europe","15":"tag-fr","16":"tag-france","17":"tag-news","18":"tag-nice","19":"tag-provence-alpes-cote-dazur","20":"tag-republique-francaise"},"share_on_mastodon":{"url":"https:\/\/pubeurope.com\/@fr\/115168401413712000","error":""},"_links":{"self":[{"href":"https:\/\/www.europesays.com\/fr\/wp-json\/wp\/v2\/posts\/375088","targetHints":{"allow":["GET"]}}],"collection":[{"href":"https:\/\/www.europesays.com\/fr\/wp-json\/wp\/v2\/posts"}],"about":[{"href":"https:\/\/www.europesays.com\/fr\/wp-json\/wp\/v2\/types\/post"}],"author":[{"embeddable":true,"href":"https:\/\/www.europesays.com\/fr\/wp-json\/wp\/v2\/users\/2"}],"replies":[{"embeddable":true,"href":"https:\/\/www.europesays.com\/fr\/wp-json\/wp\/v2\/comments?post=375088"}],"version-history":[{"count":0,"href":"https:\/\/www.europesays.com\/fr\/wp-json\/wp\/v2\/posts\/375088\/revisions"}],"wp:featuredmedia":[{"embeddable":true,"href":"https:\/\/www.europesays.com\/fr\/wp-json\/wp\/v2\/media\/375089"}],"wp:attachment":[{"href":"https:\/\/www.europesays.com\/fr\/wp-json\/wp\/v2\/media?parent=375088"}],"wp:term":[{"taxonomy":"category","embeddable":true,"href":"https:\/\/www.europesays.com\/fr\/wp-json\/wp\/v2\/categories?post=375088"},{"taxonomy":"post_tag","embeddable":true,"href":"https:\/\/www.europesays.com\/fr\/wp-json\/wp\/v2\/tags?post=375088"}],"curies":[{"name":"wp","href":"https:\/\/api.w.org\/{rel}","templated":true}]}}