{"id":375092,"date":"2025-09-08T11:19:09","date_gmt":"2025-09-08T11:19:09","guid":{"rendered":"https:\/\/www.europesays.com\/fr\/375092\/"},"modified":"2025-09-08T11:19:09","modified_gmt":"2025-09-08T11:19:09","slug":"il-escaladait-les-murs-pour-entrer-par-les-fenetres-ouvertes","status":"publish","type":"post","link":"https:\/\/www.europesays.com\/fr\/375092\/","title":{"rendered":"il escaladait les murs pour entrer par les fen\u00eatres ouvertes"},"content":{"rendered":"<p>            Par<br \/>\n        <strong><br \/>\n            <a href=\"https:\/\/actu.fr\/auteur\/laure-gentil\" title=\"Consulter tous les articles de Laure Gentil\" rel=\"nofollow noopener\" target=\"_blank\">Laure Gentil<\/a><br \/>\n        <\/strong><\/p>\n<p>        Publi\u00e9 le<\/p>\n<p>            8 sept. 2025 \u00e0 12h40        <\/p>\n<p>Il est dr\u00f4lement agile, mais cela n\u2019aura pas suffi pour \u00e9chapper \u00e0 son arrestation. Un homme de 38 ans, d\u2019origine alg\u00e9rienne, a \u00e9t\u00e9 arr\u00eat\u00e9 par la police de <strong>Nantes<\/strong> vendredi 5\u00a0septembre alors qu\u2019il rentrait de deux cambriolages et d\u2019une tentative de cambriolage.<\/p>\n<p class=\" wall-content\">L\u2019homme est accus\u00e9 d\u2019avoir commis plusieurs faits similaires <strong>depuis le mois de juillet.<\/strong> Il doit \u00eatre pr\u00e9sent\u00e9 en<strong> comparution imm\u00e9diate<\/strong> au tribunal de <a href=\"https:\/\/actu.fr\/nantes\" rel=\"nofollow noopener\" target=\"_blank\">Nantes<\/a>, lundi 8 septembre.<\/p>\n<p>Des cambriolages t\u00f4t le matin<\/p>\n<p class=\" wall-content\">Le trentenaire avait un mode op\u00e9ratoire bien rod\u00e9. Durant les deux mois d\u2019\u00e9t\u00e9, juillet et ao\u00fbt, il entrait dans les maisons, t\u00f4t le matin, <strong>entre 7h et 9h,<\/strong> par des <strong>fen\u00eatres laiss\u00e9es ouvertes<\/strong> pour a\u00e9rer. Il escaladait par des goutti\u00e8res ou grimpait sur les murs pour s\u2019introduire dans les domiciles.<\/p>\n<p class=\" wall-content\">Le cambrioleur a agi principalement \u00e0 Nantes, entre le boulevard du Tertre et Romanet et parfois \u00e0 <strong>Saint-Herblain,<\/strong> dans le quartier Duranti\u00e8re et Preux-Cr\u00e9meterie.\u00a0Selon la police, la grande majorit\u00e9 des victimes sont des <strong>personnes \u00e2g\u00e9es.<\/strong><\/p>\n<p>Confondu gr\u00e2ce \u00e0 son t\u00e9l\u00e9phone<\/p>\n<p class=\" wall-content\">Les premiers cambriolages ont \u00e9t\u00e9 signal\u00e9s d\u00e9but juillet, permettant \u00e0 la police de d\u00e9couvrir \u00ab\u2009une trace papillaire\u2009\u00bb (empreintes digitales, N.D.L.R).<\/p>\n<p class=\" wall-content\"><strong>Le 18\u00a0ao\u00fbt<\/strong>, un homme a surpris le cambrioleur chez lui alors qu\u2019il venait de prendre une bo\u00eete \u00e0 bijoux et l\u2019a poursuivi. En fuyant, le voleur a l\u00e2ch\u00e9 la bo\u00eete ainsi que son t\u00e9l\u00e9phone portable. Gr\u00e2ce au t\u00e9l\u00e9phone, les enqu\u00eateurs ont pu <strong>retrouver le domicile<\/strong> du suspect.<\/p>\n<p>Votre r\u00e9gion, votre actu !<\/p>\n<p>Recevez chaque jour les infos qui comptent pour vous.<\/p>\n<p>\t<a href=\"https:\/\/actu.fr\/newsletter\" class=\"ac-btn ac-btn--corner ac-btn--medium ac-btn--blue800\" rel=\"nofollow noopener\" target=\"_blank\">S&rsquo;incrire<\/a><\/p>\n<p class=\" wall-content\">Les policiers nantais ont mis en place une surveillance. Ils l\u2019ont vu partir \u00e0 v\u00e9lo aux alentours de 7h et revenir 45\u00a0minutes plus tard, apr\u00e8s avoir commis deux cambriolages et une tentative de cambriolage. Il a \u00e9t\u00e9 imm\u00e9diatement interpell\u00e9. Une <strong>perquisition<\/strong> a permis de d\u00e9couvrir de nombreux bijoux, des montres ainsi que du mat\u00e9riel multim\u00e9dia.<\/p>\n<p class=\" wall-content\">\u00c0 ce jour, 16 faits lui sont reproch\u00e9s, il en a reconnu 14 de lui-m\u00eame et a \u00e9t\u00e9 film\u00e9 par des voisins pour deux autres cambriolages. Il pourrait cependant y en avoir davantage.<\/p>\n<p class=\" wall-content\">Personnalisez votre actualit\u00e9 en ajoutant vos villes et m\u00e9dias en favori avec <a href=\"https:\/\/moncompte.actu.fr\" title=\"D\u00e9couvez Mon Actu\" rel=\"nofollow noopener\" data-trk=\"{&quot;cta&quot;:{&quot;action&quot;:&quot;https:\\\/\\\/moncompte.actu.fr&quot;,&quot;category&quot;:&quot;mon compte&quot;,&quot;from&quot;:&quot;article footer&quot;,&quot;name&quot;:&quot;Mon actu&quot;,&quot;type&quot;:&quot;cta&quot;}}\" target=\"_blank\">Mon Actu<\/a>.<\/p>\n","protected":false},"excerpt":{"rendered":"Par Laure Gentil Publi\u00e9 le 8 sept. 2025 \u00e0 12h40 Il est dr\u00f4lement agile, mais cela n\u2019aura pas&hellip;\n","protected":false},"author":2,"featured_media":375093,"comment_status":"","ping_status":"","sticky":false,"template":"","format":"standard","meta":{"footnotes":""},"categories":[2818],"tags":[1111,11,1174,1777,674,118,1011,27,303,766,12,2636,1072,25],"class_list":{"0":"post-375092","1":"post","2":"type-post","3":"status-publish","4":"format-standard","5":"has-post-thumbnail","7":"category-nantes","8":"tag-actu","9":"tag-actualites","10":"tag-cambriolage","11":"tag-eu","12":"tag-europe","13":"tag-faits-divers","14":"tag-fr","15":"tag-france","16":"tag-justice","17":"tag-nantes","18":"tag-news","19":"tag-pays-de-la-loire","20":"tag-police","21":"tag-republique-francaise"},"share_on_mastodon":{"url":"https:\/\/pubeurope.com\/@fr\/115168409384118501","error":""},"_links":{"self":[{"href":"https:\/\/www.europesays.com\/fr\/wp-json\/wp\/v2\/posts\/375092","targetHints":{"allow":["GET"]}}],"collection":[{"href":"https:\/\/www.europesays.com\/fr\/wp-json\/wp\/v2\/posts"}],"about":[{"href":"https:\/\/www.europesays.com\/fr\/wp-json\/wp\/v2\/types\/post"}],"author":[{"embeddable":true,"href":"https:\/\/www.europesays.com\/fr\/wp-json\/wp\/v2\/users\/2"}],"replies":[{"embeddable":true,"href":"https:\/\/www.europesays.com\/fr\/wp-json\/wp\/v2\/comments?post=375092"}],"version-history":[{"count":0,"href":"https:\/\/www.europesays.com\/fr\/wp-json\/wp\/v2\/posts\/375092\/revisions"}],"wp:featuredmedia":[{"embeddable":true,"href":"https:\/\/www.europesays.com\/fr\/wp-json\/wp\/v2\/media\/375093"}],"wp:attachment":[{"href":"https:\/\/www.europesays.com\/fr\/wp-json\/wp\/v2\/media?parent=375092"}],"wp:term":[{"taxonomy":"category","embeddable":true,"href":"https:\/\/www.europesays.com\/fr\/wp-json\/wp\/v2\/categories?post=375092"},{"taxonomy":"post_tag","embeddable":true,"href":"https:\/\/www.europesays.com\/fr\/wp-json\/wp\/v2\/tags?post=375092"}],"curies":[{"name":"wp","href":"https:\/\/api.w.org\/{rel}","templated":true}]}}