{"id":375096,"date":"2025-09-08T11:21:10","date_gmt":"2025-09-08T11:21:10","guid":{"rendered":"https:\/\/www.europesays.com\/fr\/375096\/"},"modified":"2025-09-08T11:21:10","modified_gmt":"2025-09-08T11:21:10","slug":"tres-empruntee-cette-route-entre-bordeaux-et-libourne-est-bientot-fermee-a-la-circulation","status":"publish","type":"post","link":"https:\/\/www.europesays.com\/fr\/375096\/","title":{"rendered":"tr\u00e8s emprunt\u00e9e, cette route entre Bordeaux et Libourne est bient\u00f4t ferm\u00e9e \u00e0 la circulation"},"content":{"rendered":"<p>            Par<br \/>\n        <strong><br \/>\n            <a href=\"https:\/\/actu.fr\/auteur\/redaction-bordeaux\" title=\"Consulter tous les articles de R\u00e9daction Bordeaux\" target=\"_blank\" rel=\"noopener\">R\u00e9daction Bordeaux<\/a><br \/>\n        <\/strong><\/p>\n<p>        Publi\u00e9 le<\/p>\n<p>            8 sept. 2025 \u00e0 12h40        <\/p>\n<p>Ces nuits du lundi 8 et du mardi 9 septembre 2025, des travaux de maintenance ont lieu <strong>sur la route nationale 89<\/strong> <a href=\"https:\/\/actu.fr\/bordeaux\/\" target=\"_blank\" rel=\"noopener\">entre Bordeaux<\/a> et Libourne. Pour ne pas se retrouver face \u00e0 une route ferm\u00e9e, il faudra anticiper ses d\u00e9placements.<\/p>\n<p class=\" wall-content\">Ce lundi 8\u00a0septembre entre 21\u00a0heures et 6\u00a0heures du matin, la RN89 sera ferm\u00e9e <strong>dans le sens Bordeaux \u2013 Libourne.<\/strong> C\u2019est la portion entre les \u00e9changeurs 26 (n\u0153ud avec la rocade est, N230) et 2 (Yvrac \u2013 Le poteau) qui est concern\u00e9e.<\/p>\n<p class=\" wall-content\">\u00ab\u2009Les usagers sont <strong>d\u00e9vi\u00e9s par rocade ext\u00e9rieure<\/strong>, demi-tour dans l\u2019\u00e9changeur 27 via l\u2019avenue de Paris, la rocade int\u00e9rieure, la bretelle de sortie de la N230 dans l\u2019\u00e9changeur 24 (Tresses \u2013 Le Canon), la RD936, la RD241E3, l\u2019avenue des Tabernottes, la RD115, puis la bretelle d\u2019entr\u00e9e de la RN89 dans l\u2019\u00e9changeur 2 (Yvrac \u2013 Le Poteau) en direction <a href=\"https:\/\/actu.fr\/nouvelle-aquitaine\/libourne_33243\" target=\"_blank\" rel=\"noopener\">de Libourne\u2009\u00bb<\/a>, pr\u00e9cisent les services de <a href=\"https:\/\/actu.fr\/tag\/bordeaux-metropole\" target=\"_blank\" rel=\"noopener\">Bordeaux M\u00e9tropole.<\/a><\/p>\n<p>Une deuxi\u00e8me nuit de perturbations<\/p>\n<p class=\" wall-content\">Le lendemain, la nuit du mardi\u00a09 au mercredi\u00a010, c\u2019est <strong>dans le sens Libourne \u2013 Bordeaux<\/strong> que la circulation sera perturb\u00e9e. La RN89 sera ferm\u00e9e sur la m\u00eame portion entre 21\u00a0heures et 6\u00a0heures du matin.<\/p>\n<p class=\" wall-content\">Les usagers seront alors d\u00e9vi\u00e9s par la RD115, l\u2019avenue des Tabernottes, la RD241E3, puis la bretelle d\u2019entr\u00e9e de la RN230 dans l\u2019\u00e9changeur 24 (Tresses \u2013 Le Canon) en direction de la <a href=\"https:\/\/actu.fr\/tag\/rocade-de-bordeaux\" target=\"_blank\" rel=\"noopener\">rocade<\/a> int\u00e9rieure et ext\u00e9rieure.<\/p>\n<p class=\" wall-content\">Personnalisez votre actualit\u00e9 en ajoutant vos villes et m\u00e9dias en favori avec <a href=\"https:\/\/moncompte.actu.fr\" title=\"D\u00e9couvez Mon Actu\" rel=\"nofollow noopener\" data-trk=\"{&quot;cta&quot;:{&quot;action&quot;:&quot;https:\\\/\\\/moncompte.actu.fr&quot;,&quot;category&quot;:&quot;mon compte&quot;,&quot;from&quot;:&quot;article footer&quot;,&quot;name&quot;:&quot;Mon actu&quot;,&quot;type&quot;:&quot;cta&quot;}}\" target=\"_blank\">Mon Actu<\/a>.<\/p>\n","protected":false},"excerpt":{"rendered":"Par R\u00e9daction Bordeaux Publi\u00e9 le 8 sept. 2025 \u00e0 12h40 Ces nuits du lundi 8 et du mardi&hellip;\n","protected":false},"author":2,"featured_media":375097,"comment_status":"","ping_status":"","sticky":false,"template":"","format":"standard","meta":{"footnotes":""},"categories":[2817],"tags":[1111,11,1997,3542,1777,674,1011,27,12,2219,25,104,2086],"class_list":{"0":"post-375096","1":"post","2":"type-post","3":"status-publish","4":"format-standard","5":"has-post-thumbnail","7":"category-bordeaux","8":"tag-actu","9":"tag-actualites","10":"tag-bordeaux","11":"tag-circulation","12":"tag-eu","13":"tag-europe","14":"tag-fr","15":"tag-france","16":"tag-news","17":"tag-nouvelle-aquitaine","18":"tag-republique-francaise","19":"tag-societe","20":"tag-travaux"},"share_on_mastodon":{"url":"https:\/\/pubeurope.com\/@fr\/115168417131212402","error":""},"_links":{"self":[{"href":"https:\/\/www.europesays.com\/fr\/wp-json\/wp\/v2\/posts\/375096","targetHints":{"allow":["GET"]}}],"collection":[{"href":"https:\/\/www.europesays.com\/fr\/wp-json\/wp\/v2\/posts"}],"about":[{"href":"https:\/\/www.europesays.com\/fr\/wp-json\/wp\/v2\/types\/post"}],"author":[{"embeddable":true,"href":"https:\/\/www.europesays.com\/fr\/wp-json\/wp\/v2\/users\/2"}],"replies":[{"embeddable":true,"href":"https:\/\/www.europesays.com\/fr\/wp-json\/wp\/v2\/comments?post=375096"}],"version-history":[{"count":0,"href":"https:\/\/www.europesays.com\/fr\/wp-json\/wp\/v2\/posts\/375096\/revisions"}],"wp:featuredmedia":[{"embeddable":true,"href":"https:\/\/www.europesays.com\/fr\/wp-json\/wp\/v2\/media\/375097"}],"wp:attachment":[{"href":"https:\/\/www.europesays.com\/fr\/wp-json\/wp\/v2\/media?parent=375096"}],"wp:term":[{"taxonomy":"category","embeddable":true,"href":"https:\/\/www.europesays.com\/fr\/wp-json\/wp\/v2\/categories?post=375096"},{"taxonomy":"post_tag","embeddable":true,"href":"https:\/\/www.europesays.com\/fr\/wp-json\/wp\/v2\/tags?post=375096"}],"curies":[{"name":"wp","href":"https:\/\/api.w.org\/{rel}","templated":true}]}}