{"id":375106,"date":"2025-09-08T11:26:15","date_gmt":"2025-09-08T11:26:15","guid":{"rendered":"https:\/\/www.europesays.com\/fr\/375106\/"},"modified":"2025-09-08T11:26:15","modified_gmt":"2025-09-08T11:26:15","slug":"braquage-a-main-armee-dans-un-lidl-a-marseille-les-malfaiteurs-en-fuite","status":"publish","type":"post","link":"https:\/\/www.europesays.com\/fr\/375106\/","title":{"rendered":"Braquage \u00e0 main arm\u00e9e dans un Lidl \u00e0 Marseille, les malfaiteurs en fuite"},"content":{"rendered":"<p>S&rsquo;il n&rsquo;ouvre ses portes \u00e0 la client\u00e8le qu&rsquo;\u00e0 8h30, le magasin de Lidl de l&rsquo;avenue des Peintres roux, dans le 12e arrondissement de Marseille, s&rsquo;anime bien avant l&rsquo;heure d&rsquo;ouverture officielle. R\u00e9ception de la marchandise, contr\u00f4le de temp\u00e9ratures et d&rsquo;hygi\u00e8ne, mise en rayon\u2026 Tr\u00e8s t\u00f4t ce lundi matin 8 septembre, quatre employ\u00e9s du supermarch\u00e9 \u00e9taient affair\u00e9s dans leur course contre la montre quotidienne, lorsque deux individus ont fait irruption dans le <a href=\"https:\/\/www.laprovence.com\/article\/faits-divers-justice\/9956035091020614\/munis-dun-revolver-et-dune-matraque-deux-braqueurs-repartent-avec-10-000-euros-dun-supermarche-de-la-seyne\" target=\"_blank\" rel=\"noopener\">supermarch\u00e9<\/a>.<\/p>\n<p>V\u00eatus de noir, cagoul\u00e9s et gant\u00e9s, ils ont imm\u00e9diatement annonc\u00e9 la couleur en confisquant les t\u00e9l\u00e9phones de leurs otages pour les emp\u00eacher de pr\u00e9venir les secours et surtout en r\u00e9clamant, sous la menace d&rsquo;une <a href=\"https:\/\/www.laprovence.com\/article\/faits-divers-justice\/3754845617989614\/une-jeune-femme-menacee-avec-une-arme-en-pleine-nuit-a-la-joliette-a-marseille\" target=\"_blank\" rel=\"noopener\">arme<\/a> de poing, qu&rsquo;on leur ouvre le coffre.<\/p>\n<p>D\u00e9courag\u00e9s par un coffre-fort temporis\u00e9<\/p>\n<p>Un ordre auquel ils n&rsquo;ont pas pu obtemp\u00e9rer puisque le coffre est programm\u00e9 pour ne s&rsquo;ouvrir qu&rsquo;\u00e0 certaines heures de la journ\u00e9e, et certainement pas entre 3 et 4\u00a0heures du matin, soit le cr\u00e9neau horaire choisi par les braqueurs pour commettre leur forfait.<\/p>\n<p>Emp\u00each\u00e9s par la technologie de ce <a href=\"https:\/\/www.laprovence.com\/article\/faits-divers-justice\/1258749727241115\/a-entrechaux-appeles-pour-tapage-nocturne-les-gendarmes-tombent-sur-des-voleurs-en-train-de-meuler-un-coffre-fort\" target=\"_blank\" rel=\"noopener\">coffre-fort<\/a> dit \u00ab\u00a0temporis\u00e9\u00a0\u00bb aussi appel\u00e9 coffre-fort \u00e0 retardement d&rsquo;ouverture dont le m\u00e9canisme et la minuterie emp\u00eachent l&rsquo;ouverture imm\u00e9diate, les deux malfrats n&rsquo;ont pas eu d&rsquo;autre choix que de jeter l&rsquo;\u00e9ponge.<\/p>\n<p>D&rsquo;apr\u00e8s les employ\u00e9s, ils auraient pris la fuite \u00e0 bord d&rsquo;un v\u00e9hicule de couleur sombre. Une enqu\u00eate de police a \u00e9t\u00e9 ouverte.<\/p>\n","protected":false},"excerpt":{"rendered":"S&rsquo;il n&rsquo;ouvre ses portes \u00e0 la client\u00e8le qu&rsquo;\u00e0 8h30, le magasin de Lidl de l&rsquo;avenue des Peintres roux,&hellip;\n","protected":false},"author":2,"featured_media":375107,"comment_status":"","ping_status":"","sticky":false,"template":"","format":"standard","meta":{"footnotes":""},"categories":[2814],"tags":[17,1111,11,1813,6941,1102,1446,1777,674,274,1011,27,151,18542,10041,884,12,882,25],"class_list":{"0":"post-375106","1":"post","2":"type-post","3":"status-publish","4":"format-standard","5":"has-post-thumbnail","7":"category-marseille","8":"tag-17","9":"tag-actu","10":"tag-actualites","11":"tag-armee","12":"tag-braquage","13":"tag-breakingnews","14":"tag-dans","15":"tag-eu","16":"tag-europe","17":"tag-faits-divers-justice","18":"tag-fr","19":"tag-france","20":"tag-les","21":"tag-lidl","22":"tag-main","23":"tag-marseille","24":"tag-news","25":"tag-provence-alpes-cote-dazur","26":"tag-republique-francaise"},"share_on_mastodon":{"url":"https:\/\/pubeurope.com\/@fr\/115168436824789346","error":""},"_links":{"self":[{"href":"https:\/\/www.europesays.com\/fr\/wp-json\/wp\/v2\/posts\/375106","targetHints":{"allow":["GET"]}}],"collection":[{"href":"https:\/\/www.europesays.com\/fr\/wp-json\/wp\/v2\/posts"}],"about":[{"href":"https:\/\/www.europesays.com\/fr\/wp-json\/wp\/v2\/types\/post"}],"author":[{"embeddable":true,"href":"https:\/\/www.europesays.com\/fr\/wp-json\/wp\/v2\/users\/2"}],"replies":[{"embeddable":true,"href":"https:\/\/www.europesays.com\/fr\/wp-json\/wp\/v2\/comments?post=375106"}],"version-history":[{"count":0,"href":"https:\/\/www.europesays.com\/fr\/wp-json\/wp\/v2\/posts\/375106\/revisions"}],"wp:featuredmedia":[{"embeddable":true,"href":"https:\/\/www.europesays.com\/fr\/wp-json\/wp\/v2\/media\/375107"}],"wp:attachment":[{"href":"https:\/\/www.europesays.com\/fr\/wp-json\/wp\/v2\/media?parent=375106"}],"wp:term":[{"taxonomy":"category","embeddable":true,"href":"https:\/\/www.europesays.com\/fr\/wp-json\/wp\/v2\/categories?post=375106"},{"taxonomy":"post_tag","embeddable":true,"href":"https:\/\/www.europesays.com\/fr\/wp-json\/wp\/v2\/tags?post=375106"}],"curies":[{"name":"wp","href":"https:\/\/api.w.org\/{rel}","templated":true}]}}