{"id":375122,"date":"2025-09-08T11:34:10","date_gmt":"2025-09-08T11:34:10","guid":{"rendered":"https:\/\/www.europesays.com\/fr\/375122\/"},"modified":"2025-09-08T11:34:10","modified_gmt":"2025-09-08T11:34:10","slug":"500-personnes-en-ag-a-paris-pour-construire-le-mouvement","status":"publish","type":"post","link":"https:\/\/www.europesays.com\/fr\/375122\/","title":{"rendered":"500 personnes en AG \u00e0 Paris pour construire le mouvement"},"content":{"rendered":"<p>\u00c0 proximit\u00e9 des Halles, plusieurs centaines de personnes venues assister \u00e0 la discussion ont form\u00e9 un grand cercle. Dans l\u2019assembl\u00e9e, beaucoup de jeunes et d\u2019ouvriers, avec des soignants de l\u2019h\u00f4pital Tenon, de l\u2019h\u00f4pital Beaujon et des cheminots du Bourget et du technicentre de Ch\u00e2tillon.<\/p>\n<p>Apr\u00e8s avoir dress\u00e9 le bilan des assembl\u00e9es g\u00e9n\u00e9rales sectorielles, les discussions ont port\u00e9 sur la situation de crise dans laquelle se trouve le r\u00e9gime, sur la mani\u00e8re d\u2019affronter la r\u00e9pression et sur la pr\u00e9paration d\u2019un grand mouvement qui d\u00e9borde le 10 et le 18 pour aller chercher la d\u00e9mission de Macron, une revendication avanc\u00e9e \u00e0 de multiples reprises par les participants.<\/p>\n<p>La question des blocages a \u00e9galement \u00e9t\u00e9 \u00e9voqu\u00e9e alors que des initiatives sont pr\u00e9vues \u00e0 de nombreux points de la capitale, notamment les portes du sud de Paris et au c\u0153ur de la capitale, comme \u00e0 Ch\u00e2telet-Les Halles. Plusieurs travailleurs ont rappel\u00e9 les initiatives qui ont \u00e9t\u00e9 adopt\u00e9es sur leurs lieux de travail, comme un soignant de l\u2019h\u00f4pital Tenon, qui a inform\u00e9 l\u2019assembl\u00e9e de la d\u00e9cision des personnels de l\u2019h\u00f4pital de se mettre en gr\u00e8ve le 10 septembre avant d\u2019appeler les personnes mobilis\u00e9es \u00e0 venir renforcer les piquets\u00a0: \u00ab\u00a0On a eu plusieurs AG. Au total on est deux fois plus nombreux qu\u2019au c\u0153ur de la bataille contre la r\u00e9forme des retraites. Nos coll\u00e8gues sont en col\u00e8re, ils sont \u00e0 bout\u00a0!\u00a0\u00bb. Un autre intervenant a rappel\u00e9 l\u2019importance de soutenir les travailleurs en gr\u00e8ve et d\u2019organiser les blocages \u00e0 proximit\u00e9, comme \u00e0 Gare du Nord. Plusieurs autres interventions ont soulign\u00e9 l\u2019importance de la mobilisation actuelle, comme Alessandro Stella, professeur et militant.<\/p>\n<p>Une dynamique qui a suscit\u00e9 l\u2019enthousiasme de l\u2019assembl\u00e9e, alors que l\u2019intersyndicale tente de canaliser le mouvement, comme le d\u00e9non\u00e7ait un travailleur de l\u2019h\u00f4pital Tenon\u00a0:  \u00ab\u00a0l\u2019intersyndicale a appel\u00e9 au 18 pour affaiblir le 10, alors mobilisons-nous le 10 et d\u00e9bordons le 18\u00a0\u00bb. Un point \u00e9galement \u00e9voqu\u00e9 par Anasse Kazib, cheminot au Bourget et porte-parole de R\u00e9volution Permanente\u00a0: \u00ab\u00a0Quand vous allez voir les cheminots pour leur dire de pr\u00e9parer le 10 et que les syndicats parlent du 18 et disent de se reposer avant, on ne peut qu\u2019\u00eatre content de voir le d\u00e9but d\u2019une mobilisation organis\u00e9e par la base. C\u2019est aux travailleurs \u00e0 s\u2019organiser par la base et pas aux bureaucrates de l\u2019intersyndicale\u00a0\u00bb. \u00ab\u00a0Le 10 suffira pas, il faut aller au 18. Moi, je ne veux pas qu\u2019ils aient une journ\u00e9e tranquille, je veux qu\u2019ils aient une journ\u00e9e o\u00f9 rien n\u2019est tranquille\u00a0\u00bb surench\u00e9rit un travailleur de Ch\u00e2tillon.<\/p>\n<p>\u00ab\u00a0On doit sortir le 10, mais aussi le 11, le 12, le 13\u2026\u00a0\u00bb ajoute une intervenante, comme pour mettre au centre de la discussion la construction du mouvement. Anasse Kazib a soulign\u00e9 l\u2019importance de massifier le mouvement et insist\u00e9 sur le r\u00f4le que pouvait jouer la gr\u00e8ve\u00a0: \u00ab\u00a0La question de la gr\u00e8ve, elle est centrale pour \u00e9largir la mobilisation. Tu n\u2019as plus rien \u00e0 bloquer si tous les m\u00e9tros sont \u00e0 l\u2019arr\u00eat, si les raffineries sont \u00e0 l\u2019arr\u00eat et ainsi de suite\u00a0\u00bb. \u00c0 Ch\u00e2tillon, m\u00eame constat. L\u2019\u00e9largissement des gr\u00e8ves dans le pays pourrait convaincre les ind\u00e9cis de rejoindre les piquets\u00a0: \u00ab\u00a0Si les coll\u00e8gues voient que les autres secteurs sortent, \u00e7a va changer la donne\u00a0\u00bb.<\/p>\n<p>Du c\u00f4t\u00e9 de la jeunesse, la n\u00e9cessit\u00e9 de mobiliser les lyc\u00e9ens a \u00e9t\u00e9 \u00e9voqu\u00e9e \u00e0 plusieurs reprises. Vers la fin de l\u2019assembl\u00e9e, Ir\u00e8ne, militante au Poing Lev\u00e9, a rappel\u00e9 la n\u00e9cessit\u00e9 pour le mouvement \u00e9tudiant de \u00ab\u00a0ramener la question de la Palestine au c\u0153ur de la mobilisation, alors que notre gouvernement et nos facs collaborent avec Isra\u00ebl et sont complices du g\u00e9nocide\u00a0\u00bb et de se mobiliser aupr\u00e8s du mouvement ouvrier pour participer \u00e0 radicaliser les mobilisations. Une militante de la campagne unitaire pour la lib\u00e9ration de Georges Ibrahim Abdallah a rappel\u00e9 le r\u00f4le d\u00e9cisif des mobilisations dans sa lib\u00e9ration tout en insistant sur la mani\u00e8re dont les classes dominantes fran\u00e7aises oppriment d\u2019autres peuples.<\/p>\n<p>La question de la r\u00e9pression \u00e9tait au c\u0153ur de la discussion, plusieurs intervenants exprimant leur crainte au sujet de la police, apr\u00e8s que Retailleau a d\u00e9voil\u00e9 aux pr\u00e9fets son protocole ultra-r\u00e9pressif pour le 10 septembre. Elsa Marcel, militante au Collectif d\u2019Action Judiciaire (CAJ) a appel\u00e9 tous les avocats engag\u00e9s dans la mobilisation \u00e0 se mettre au service du mouvement social et \u00e0 rejoindre le collectif, qui s\u2019est notamment mobilis\u00e9 contre la r\u00e9pression des soutiens de la Palestine. Au-del\u00e0 de la r\u00e9pression, elle a surtout insist\u00e9 sur la n\u00e9cessit\u00e9 de se doter de revendications politiques offensives\u00a0: \u00ab\u00a0\u00c9videmment, ce mouvement est n\u00e9 de l\u2019aust\u00e9rit\u00e9 et de la pauvret\u00e9, mais il a vocation \u00e0 aller beaucoup plus loin, \u00e0 poser la question de qui nous gouverne\u00a0\u00bb.<\/p>\n<p>\u00ab\u00a0Les dirigeants europ\u00e9ens ont fix\u00e9 les lignes de leur agenda pour les d\u00e9cennies \u00e0 venir, l\u2019aust\u00e9rit\u00e9 et le r\u00e9armement, il faut qu\u2019on r\u00e9fl\u00e9chisse \u00e0 des revendications sur le long terme\u00a0\u00bb ajoute un \u00e9tudiant. De fait, des revendications offensives seront n\u00e9cessaires pour \u00e9largir le mouvement. Comme l\u2019expliquait avec \u00e9motion Anasse Kazib, \u00ab\u00a0je voulais parler aussi des personnes racis\u00e9es\u00a0! Il va falloir qu\u2019on dialogue avec l\u2019ensemble des secteurs opprim\u00e9s. Dans la sous traitance et le nettoyage, il y a de la combativit\u00e9\u00a0! \u00c0 Onet, elles ont fait 45 jours de gr\u00e8ve. \u00c0 l\u2019Ibis Batignolles, pr\u00e8s de 22 mois de gr\u00e8ve. Si ces gens ne sont pas sortis pendant les retraites, c\u2019est qu\u2019il n\u2019y avait aucun mot d\u2019ordre pour eux. Il va falloir qu\u2019on fasse la mis\u00e8re \u00e0 Retailleau et qu\u2019on porte des mots d\u2019ordre centraux pour ces personnes-l\u00e0, comme la retraite \u00e0 60 ans sans annuit\u00e9s\u00a0\u00bb.<\/p>\n<p>Alors que l\u2019Assembl\u00e9e battait son plein, plusieurs policiers sont venus surveiller le rassemblement, un signe de la f\u00e9brilit\u00e9 de la pr\u00e9fecture qui craint que les beaux quartiers de Paris soient de nouveau un des th\u00e9\u00e2tres de la contestation sociale, comme lors de la bataille contre la r\u00e9forme des retraites. Malgr\u00e9 la pr\u00e9sence de la police, l\u2019Assembl\u00e9e a continu\u00e9 ses d\u00e9bats et convenu de se rassembler \u00e0 nouveau, apr\u00e8s les mobilisations de mercredi, le 11 septembre. \u00c9largir la mobilisation, p\u00e9renniser et massifier les assembl\u00e9es g\u00e9n\u00e9rales qui d\u00e9cident du cours du mouvement\u00a0: condition pour gagner, selon plusieurs intervenants. \u00ab\u00a0Imaginez une seconde si \u00e0 la prochaine Assembl\u00e9e g\u00e9n\u00e9rale nous ne sommes pas 500, mais 1500, 2000 \u00e0 construire et organiser les gr\u00e8ves pour paralyser toute l\u2019Ile-de-France. Cela changerait s\u00e9rieusement la donne\u00a0\u00bb, a insist\u00e9 un travailleur de Ch\u00e2tillon. Une perspective offensive qui ouvre la voie \u00e0 un mouvement qui, apr\u00e8s la chute de Bayrou, ne compte pas s\u2019arr\u00eater en\u00a0si\u00a0bon\u00a0chemin.<\/p>\n","protected":false},"excerpt":{"rendered":"\u00c0 proximit\u00e9 des Halles, plusieurs centaines de personnes venues assister \u00e0 la discussion ont form\u00e9 un grand cercle.&hellip;\n","protected":false},"author":2,"featured_media":375123,"comment_status":"","ping_status":"","sticky":false,"template":"","format":"standard","meta":{"footnotes":""},"categories":[1888],"tags":[11,1777,674,1011,27,12,626,25],"class_list":{"0":"post-375122","1":"post","2":"type-post","3":"status-publish","4":"format-standard","5":"has-post-thumbnail","7":"category-paris","8":"tag-actualites","9":"tag-eu","10":"tag-europe","11":"tag-fr","12":"tag-france","13":"tag-news","14":"tag-paris","15":"tag-republique-francaise"},"share_on_mastodon":{"url":"https:\/\/pubeurope.com\/@fr\/115168468331128655","error":""},"_links":{"self":[{"href":"https:\/\/www.europesays.com\/fr\/wp-json\/wp\/v2\/posts\/375122","targetHints":{"allow":["GET"]}}],"collection":[{"href":"https:\/\/www.europesays.com\/fr\/wp-json\/wp\/v2\/posts"}],"about":[{"href":"https:\/\/www.europesays.com\/fr\/wp-json\/wp\/v2\/types\/post"}],"author":[{"embeddable":true,"href":"https:\/\/www.europesays.com\/fr\/wp-json\/wp\/v2\/users\/2"}],"replies":[{"embeddable":true,"href":"https:\/\/www.europesays.com\/fr\/wp-json\/wp\/v2\/comments?post=375122"}],"version-history":[{"count":0,"href":"https:\/\/www.europesays.com\/fr\/wp-json\/wp\/v2\/posts\/375122\/revisions"}],"wp:featuredmedia":[{"embeddable":true,"href":"https:\/\/www.europesays.com\/fr\/wp-json\/wp\/v2\/media\/375123"}],"wp:attachment":[{"href":"https:\/\/www.europesays.com\/fr\/wp-json\/wp\/v2\/media?parent=375122"}],"wp:term":[{"taxonomy":"category","embeddable":true,"href":"https:\/\/www.europesays.com\/fr\/wp-json\/wp\/v2\/categories?post=375122"},{"taxonomy":"post_tag","embeddable":true,"href":"https:\/\/www.europesays.com\/fr\/wp-json\/wp\/v2\/tags?post=375122"}],"curies":[{"name":"wp","href":"https:\/\/api.w.org\/{rel}","templated":true}]}}