{"id":375126,"date":"2025-09-08T11:36:12","date_gmt":"2025-09-08T11:36:12","guid":{"rendered":"https:\/\/www.europesays.com\/fr\/375126\/"},"modified":"2025-09-08T11:36:12","modified_gmt":"2025-09-08T11:36:12","slug":"la-russie-affirme-quelle-na-pas-de-rancoeur-envers-loccident-et-reste-ouverte-au-dialogue","status":"publish","type":"post","link":"https:\/\/www.europesays.com\/fr\/375126\/","title":{"rendered":"La Russie affirme qu&rsquo;elle n&rsquo;a pas de ranc\u0153ur envers l&rsquo;Occident et reste ouverte au dialogue"},"content":{"rendered":"<p class=\"ap-StoryElement ap-StoryElement--mb ap-StoryText\">\u00ab\u00a0Nous pensons que la col\u00e8re et la soif de revanche sont mauvaises conseill\u00e8res\u00a0\u00bb, a ajout\u00e9 le ministre, cit\u00e9 par l&rsquo;agence \u00e9tatique Tass. \u00ab\u00a0Quand nos anciens partenaires occidentaux reviendront \u00e0 la raison et voudront revenir faire du business en Russie, nous n&rsquo;allons pas leur tourner le dos. Mais nous examinerons sous quelles conditions les affaires pourront reprendre. Et bien s\u00fbr, nous garderons \u00e0 l&rsquo;esprit qu&rsquo;apr\u00e8s avoir fui, encourag\u00e9s par leurs dirigeants politiques, ils ont d\u00e9montr\u00e9 qu&rsquo;ils n&rsquo;\u00e9taient pas fiables.\u00a0\u00bb<\/p>\n","protected":false},"excerpt":{"rendered":"\u00ab\u00a0Nous pensons que la col\u00e8re et la soif de revanche sont mauvaises conseill\u00e8res\u00a0\u00bb, a ajout\u00e9 le ministre, cit\u00e9&hellip;\n","protected":false},"author":2,"featured_media":375127,"comment_status":"","ping_status":"","sticky":false,"template":"","format":"standard","meta":{"footnotes":""},"categories":[1591],"tags":[11,312,1887,12,1885,1886,132],"class_list":{"0":"post-375126","1":"post","2":"type-post","3":"status-publish","4":"format-standard","5":"has-post-thumbnail","7":"category-russie","8":"tag-actualites","9":"tag-diplomatie","10":"tag-federation-de-russie","11":"tag-news","12":"tag-russia","13":"tag-russian-federation","14":"tag-russie"},"share_on_mastodon":{"url":"https:\/\/pubeurope.com\/@fr\/115168476081441682","error":""},"_links":{"self":[{"href":"https:\/\/www.europesays.com\/fr\/wp-json\/wp\/v2\/posts\/375126","targetHints":{"allow":["GET"]}}],"collection":[{"href":"https:\/\/www.europesays.com\/fr\/wp-json\/wp\/v2\/posts"}],"about":[{"href":"https:\/\/www.europesays.com\/fr\/wp-json\/wp\/v2\/types\/post"}],"author":[{"embeddable":true,"href":"https:\/\/www.europesays.com\/fr\/wp-json\/wp\/v2\/users\/2"}],"replies":[{"embeddable":true,"href":"https:\/\/www.europesays.com\/fr\/wp-json\/wp\/v2\/comments?post=375126"}],"version-history":[{"count":0,"href":"https:\/\/www.europesays.com\/fr\/wp-json\/wp\/v2\/posts\/375126\/revisions"}],"wp:featuredmedia":[{"embeddable":true,"href":"https:\/\/www.europesays.com\/fr\/wp-json\/wp\/v2\/media\/375127"}],"wp:attachment":[{"href":"https:\/\/www.europesays.com\/fr\/wp-json\/wp\/v2\/media?parent=375126"}],"wp:term":[{"taxonomy":"category","embeddable":true,"href":"https:\/\/www.europesays.com\/fr\/wp-json\/wp\/v2\/categories?post=375126"},{"taxonomy":"post_tag","embeddable":true,"href":"https:\/\/www.europesays.com\/fr\/wp-json\/wp\/v2\/tags?post=375126"}],"curies":[{"name":"wp","href":"https:\/\/api.w.org\/{rel}","templated":true}]}}