{"id":375138,"date":"2025-09-08T11:42:10","date_gmt":"2025-09-08T11:42:10","guid":{"rendered":"https:\/\/www.europesays.com\/fr\/375138\/"},"modified":"2025-09-08T11:42:10","modified_gmt":"2025-09-08T11:42:10","slug":"des-professionnels-de-sante-alertent-sur-les-effets-de-la-pollution-de-lair-face-a-la-pression-de-lindustrie-automobile","status":"publish","type":"post","link":"https:\/\/www.europesays.com\/fr\/375138\/","title":{"rendered":"des professionnels de sant\u00e9 alertent sur les effets de la pollution de l&rsquo;air face \u00e0 la pression de l&rsquo;industrie automobile"},"content":{"rendered":"<p class=\"mb-4 text-lg md:leading-8 break-words\">En Europe, la pollution de l&rsquo;air est responsable chaque ann\u00e9e de 300 000 morts pr\u00e9matur\u00e9es. Face \u00e0 ce constat, un collectif de professionnels de sant\u00e9 de tout le continent adresse lundi 8 septembre une lettre \u00e0 la Commission europ\u00e9enne pour exprimer son inqui\u00e9tude. Alors que la vente de v\u00e9hicules thermiques neufs est cens\u00e9e prendre fin d&rsquo;ici \u00e0 dix ans, l&rsquo;objectif pourrait \u00eatre remis en question face \u00e0 la pression du secteur automobile. Un d\u00e9lai qui met de nombreuses vies en danger, d&rsquo;apr\u00e8s ces m\u00e9decins qui appellent le commissaire au climat et \u00e0 la croissance propre \u00e0 tenir ses engagements.<\/p>\n<p class=\"mb-4 text-lg md:leading-8 break-words\">\u00ab Nous sommes les premiers t\u00e9moins du fardeau que repr\u00e9sente la pollution de l&rsquo;air sur nos patients et nos syst\u00e8mes de soins \u00bb, d\u00e9clare ce collectif de professionnels de sant\u00e9 venus de toute l&rsquo;Europe, dont 7% des d\u00e9c\u00e8s sont li\u00e9s \u00e0 des probl\u00e8mes cardiovasculaires caus\u00e9s par <a href=\"https:\/\/www.rfi.fr\/fr\/tag\/pollution\/\" rel=\"nofollow noopener\" target=\"_blank\" data-ylk=\"slk:la pollution;elm:context_link;itc:0;sec:content-canvas\" class=\"link \"><strong>la pollution<\/strong><\/a>.<\/p>\n<p class=\"mb-4 text-lg md:leading-8 break-words\">Cancer des poumons, asthme, complications au moment de la grossesse, troubles du d\u00e9veloppement chez l&rsquo;enfant : ce sont des pathologies de plus en plus fr\u00e9quentes, et qui d&rsquo;apr\u00e8s les m\u00e9decins signataires du courrier sont intrins\u00e8quement li\u00e9es aux taux \u00e9lev\u00e9s de dioxyde d&rsquo;azote et de particules fines dans l&rsquo;air.<\/p>\n<p class=\"mb-4 text-lg md:leading-8 break-words\">Dans l&rsquo;<a href=\"https:\/\/www.rfi.fr\/fr\/tag\/union-europ\u00e9enne\/\" rel=\"nofollow noopener\" target=\"_blank\" data-ylk=\"slk:Union europ\u00e9enne;elm:context_link;itc:0;sec:content-canvas\" class=\"link \"><strong>Union europ\u00e9enne<\/strong><\/a>, un cinqui\u00e8me de ces \u00e9missions est li\u00e9e au transport routier. \u00ab Si la science ne laisse pas place au doute et que les outils existent \u00bb, poursuivent les soignants dans leur lettre \u00e0 la Commission europ\u00e9enne, il faut \u00e0 tout prix une volont\u00e9 politique pour y mettre fin.<\/p>\n<p class=\"mb-4 text-lg md:leading-8 break-words\">Mesure phare du Pacte vert europ\u00e9en, la Commission s&rsquo;\u00e9tait engag\u00e9e \u00e0 ce que la vente de v\u00e9hicules thermiques neufs ne soit plus permise d&rsquo;ici \u00e0 2035. Une d\u00e9cision qui essuie les critiques des constructeurs automobiles, mais aussi des \u00e9lus, qui craignent notamment que l&rsquo;industrie locale ne soit pas pr\u00eate \u00e0 passer au tout \u00e9lectrique.<\/p>\n<p class=\"mb-4 text-lg md:leading-8 break-words\">Pour les signataires, il y a urgence : reculer cette date butoir mettrait en danger des vies humaines, saperait le droit collectif \u00e0 respirer un air sain, et prolongerait la d\u00e9pendance de l&rsquo;Europe aux \u00e9nergies fossiles.<\/p>\n<p class=\"mb-4 text-lg md:leading-8 break-words\">\u00c0 lire aussi<a href=\"https:\/\/www.rfi.fr\/fr\/europe\/20250702-lutte-contre-le-changement-climatique-l-union-europ\u00e9enne-maintient-un-cap-ambitieux-avec-des-b\u00e9mols\" class=\"link \" rel=\"nofollow noopener\" target=\"_blank\" data-ylk=\"slk:Lutte contre le changement climatique: l&#039;Union europ\u00e9enne maintient un cap ambitieux, avec des b\u00e9mols;elm:context_link;itc:0;sec:content-canvas\">Lutte contre le changement climatique: l&rsquo;Union europ\u00e9enne maintient un cap ambitieux, avec des b\u00e9mols<\/a><\/p>\n","protected":false},"excerpt":{"rendered":"En Europe, la pollution de l&rsquo;air est responsable chaque ann\u00e9e de 300 000 morts pr\u00e9matur\u00e9es. Face \u00e0 ce&hellip;\n","protected":false},"author":2,"featured_media":375139,"comment_status":"","ping_status":"","sticky":false,"template":"","format":"standard","meta":{"footnotes":""},"categories":[1586],"tags":[11,43941,2196,1777,674,1779,1011,27,18308,6000,12,25,1778,364,50909],"class_list":{"0":"post-375138","1":"post","2":"type-post","3":"status-publish","4":"format-standard","5":"has-post-thumbnail","7":"category-europe","8":"tag-actualites","9":"tag-cancer-des-poumons","10":"tag-commission-europeenne","11":"tag-eu","12":"tag-europe","13":"tag-european-union","14":"tag-fr","15":"tag-france","16":"tag-l39europe","17":"tag-la-pollution","18":"tag-news","19":"tag-republique-francaise","20":"tag-ue","21":"tag-union-europeenne","22":"tag-vente-de-vehicules"},"share_on_mastodon":{"url":"https:\/\/pubeurope.com\/@fr\/115168499859710672","error":""},"_links":{"self":[{"href":"https:\/\/www.europesays.com\/fr\/wp-json\/wp\/v2\/posts\/375138","targetHints":{"allow":["GET"]}}],"collection":[{"href":"https:\/\/www.europesays.com\/fr\/wp-json\/wp\/v2\/posts"}],"about":[{"href":"https:\/\/www.europesays.com\/fr\/wp-json\/wp\/v2\/types\/post"}],"author":[{"embeddable":true,"href":"https:\/\/www.europesays.com\/fr\/wp-json\/wp\/v2\/users\/2"}],"replies":[{"embeddable":true,"href":"https:\/\/www.europesays.com\/fr\/wp-json\/wp\/v2\/comments?post=375138"}],"version-history":[{"count":0,"href":"https:\/\/www.europesays.com\/fr\/wp-json\/wp\/v2\/posts\/375138\/revisions"}],"wp:featuredmedia":[{"embeddable":true,"href":"https:\/\/www.europesays.com\/fr\/wp-json\/wp\/v2\/media\/375139"}],"wp:attachment":[{"href":"https:\/\/www.europesays.com\/fr\/wp-json\/wp\/v2\/media?parent=375138"}],"wp:term":[{"taxonomy":"category","embeddable":true,"href":"https:\/\/www.europesays.com\/fr\/wp-json\/wp\/v2\/categories?post=375138"},{"taxonomy":"post_tag","embeddable":true,"href":"https:\/\/www.europesays.com\/fr\/wp-json\/wp\/v2\/tags?post=375138"}],"curies":[{"name":"wp","href":"https:\/\/api.w.org\/{rel}","templated":true}]}}