{"id":37514,"date":"2025-04-19T23:15:25","date_gmt":"2025-04-19T23:15:25","guid":{"rendered":"https:\/\/www.europesays.com\/fr\/37514\/"},"modified":"2025-04-19T23:15:25","modified_gmt":"2025-04-19T23:15:25","slug":"victor-papon-ca-decomplexe-actualite","status":"publish","type":"post","link":"https:\/\/www.europesays.com\/fr\/37514\/","title":{"rendered":"Victor Papon : \u00ab \u00c7a d\u00e9complexe \u00bb &#8211; Actualit\u00e9"},"content":{"rendered":"<p style=\"text-align: justify;\"><strong>Victor Papon va mieux, merci pour lui. Touch\u00e9 au genou en d\u00e9but de saison, il n\u2019avait jusque-l\u00e0 pas v\u00e9ritablement pu s\u2019exprimer pour ses premi\u00e8res courses chez les pros, malgr\u00e9 une entame r\u00e9ussie en Classe 2, \u00e0 Sharjah. La semaine pass\u00e9e, lors du R\u00e9gion Pays de la Loire Tour (2.1), le n\u00e9o-pro de Wagner Bazin WB a retrouv\u00e9 des jambes et il a m\u00eame tent\u00e9 un joli coup en solitaire dans le final de la troisi\u00e8me \u00e9tape, jeudi dernier.\u00a0DirectVelo avait profit\u00e9 de sa pr\u00e9sence sur l\u2019\u00e9preuve lig\u00e9rienne pour faire le point avec l\u2019athl\u00e8te de 24 ans, ancien homme fort de l\u2019UV Aube et du Paris Cycliste Olympique chez les Amateurs. Entretien. <br \/>DirectVelo : On t\u2019a vu offensif dans le final de la troisi\u00e8me \u00e9tape du R\u00e9gion Pays de la Loire Tour !<br \/>Victor Papon : On savait que \u00e7a allait bouger dans le circuit final, on avait pour consigne d\u2019\u00eatre toujours bien plac\u00e9s, offensifs. J\u2019ai pu suivre quelques coups. Dans un premier temps, je me suis gliss\u00e9 dans un contre d\u2019une dizaine de coureurs. Puis en toute fin de course, j\u2019ai senti que les jambes \u00e9taient bonnes. Je voulais anticiper l\u2019arriv\u00e9e, je pariais sur le fait que \u00e7a se regarde \u00e9ventuellement derri\u00e8re. J\u2019ai fait une belle attaque d\u00e9coll\u00e9e. Mais j\u2019ai plafonn\u00e9 avec dix secondes maximum. Je me doutais qu\u2019ils allaient g\u00e9rer et ne pas me laisser trop d\u2019avance. Directement, les TotalEnergies ont mis en route, de ce que j\u2019ai vu apr\u00e8s coup sur le replay. Bon, j\u2019ai jou\u00e9 mon va-tout. Je ne regrette pas. C\u2019\u00e9tait une bonne exp\u00e9rience, \u00e7a d\u00e9complexe.\u00a0<br \/>C\u2019\u00e9tait aussi l\u2019occasion de prouver que tu es au niveau\u2026<br \/>Je sors des rangs amateurs, j\u2019ai eu un d\u00e9but de saison compliqu\u00e9 \u00e0 cause d\u2019un syndr\u00f4me rotulien au genou. Je n\u2019ai pas pu courir pendant un mois et demi. C\u2019est bien de retrouver la comp\u00e9tition, d\u2019\u00eatre acteur, de retrouver des sensations. \u00c7a fait tout simplement plaisir et \u00e7a donne envie pour la suite, en esp\u00e9rant chercher beaucoup mieux.<br \/>\u00ab JE SUIS LUCIDE \u00bb <br \/>Quel bilan tires-tu de tes premiers mois chez les pros ? <br \/>J\u2019ai pas mal boss\u00e9 pour l\u2019\u00e9quipe les deux premiers jours ici. J\u2019avais encore mal au genou, m\u00eame si \u00e7a va de mieux en mieux. Je suis globalement satisfait de ma semaine. La forme monte, je commence \u00e0 prendre du plaisir, m\u00eame si je sens que je ne suis pas encore \u00e0 mon niveau. Plus g\u00e9n\u00e9ralement, il me faut un temps d\u2019adaptation.<br \/>T\u2019attendais-tu \u00e0 ce niveau-l\u00e0 ?<br \/>\u00c7a court diff\u00e9remment, on sent que le niveau est beaucoup plus dense. Le placement est beaucoup plus important, il faut \u00eatre super vigilant. Ce sont des points clefs \u00e0 travailler pour se caler sur les sch\u00e9mas pros. Je vais continuer d&#8217;emmagasiner de l\u2019exp\u00e9rience sur le triptyque Besan\u00e7on-Jura-Doubs. Puis j\u2019ai demand\u00e9 \u00e0 faire le Tour de Bretagne. Certes, c\u2019est en Classe 2, mais \u00e7a peut m\u2019aider \u00e0 retrouver la forme. Sinon, c\u2019\u00e9tait la Fl\u00e8che Wallonne et Li\u00e8ge-Bastogne-Li\u00e8ge\u2026 Ce sont deux tr\u00e8s belles courses mais pour le moment, je sais que je ne peux pas y jouer, je suis lucide. Je pr\u00e9f\u00e8re aller en Bretagne.\u00a0<\/strong><\/p>\n","protected":false},"excerpt":{"rendered":"Victor Papon va mieux, merci pour lui. Touch\u00e9 au genou en d\u00e9but de saison, il n\u2019avait jusque-l\u00e0 pas&hellip;\n","protected":false},"author":2,"featured_media":37515,"comment_status":"","ping_status":"","sticky":false,"template":"","format":"standard","meta":{"footnotes":""},"categories":[1411],"tags":[834,828,836,829,837,827,83,826,824,823,1154,207,814,817,815,816,822,821,832,211,839,1011,27,820,818,819,835,831,830,833,838,60,212,208,825],"class_list":{"0":"post-37514","1":"post","2":"type-post","3":"status-publish","4":"format-standard","5":"has-post-thumbnail","7":"category-cyclisme","8":"tag-attaque","9":"tag-belgique","10":"tag-braquet","11":"tag-bretagne","12":"tag-chute","13":"tag-competition","14":"tag-coupe-de-france","15":"tag-coureur","16":"tag-course-cyclisme","17":"tag-course-cycliste","18":"tag-cycling","19":"tag-cyclisme","20":"tag-direct","21":"tag-direct-velo","22":"tag-directvelo","23":"tag-directvelo-com","24":"tag-epreuve","25":"tag-epreuve-cycliste","26":"tag-federation-francaise-de-cyclisme","27":"tag-ffc","28":"tag-flandres","29":"tag-fr","30":"tag-france","31":"tag-live","32":"tag-live-course","33":"tag-live-epreuve","34":"tag-peloton","35":"tag-radio-peloton","36":"tag-radio-tour","37":"tag-ravitaillement","38":"tag-relance","39":"tag-sports","40":"tag-uci","41":"tag-velo","42":"tag-velos"},"share_on_mastodon":{"url":"https:\/\/pubeurope.com\/@fr\/114367176748483393","error":""},"_links":{"self":[{"href":"https:\/\/www.europesays.com\/fr\/wp-json\/wp\/v2\/posts\/37514","targetHints":{"allow":["GET"]}}],"collection":[{"href":"https:\/\/www.europesays.com\/fr\/wp-json\/wp\/v2\/posts"}],"about":[{"href":"https:\/\/www.europesays.com\/fr\/wp-json\/wp\/v2\/types\/post"}],"author":[{"embeddable":true,"href":"https:\/\/www.europesays.com\/fr\/wp-json\/wp\/v2\/users\/2"}],"replies":[{"embeddable":true,"href":"https:\/\/www.europesays.com\/fr\/wp-json\/wp\/v2\/comments?post=37514"}],"version-history":[{"count":0,"href":"https:\/\/www.europesays.com\/fr\/wp-json\/wp\/v2\/posts\/37514\/revisions"}],"wp:featuredmedia":[{"embeddable":true,"href":"https:\/\/www.europesays.com\/fr\/wp-json\/wp\/v2\/media\/37515"}],"wp:attachment":[{"href":"https:\/\/www.europesays.com\/fr\/wp-json\/wp\/v2\/media?parent=37514"}],"wp:term":[{"taxonomy":"category","embeddable":true,"href":"https:\/\/www.europesays.com\/fr\/wp-json\/wp\/v2\/categories?post=37514"},{"taxonomy":"post_tag","embeddable":true,"href":"https:\/\/www.europesays.com\/fr\/wp-json\/wp\/v2\/tags?post=37514"}],"curies":[{"name":"wp","href":"https:\/\/api.w.org\/{rel}","templated":true}]}}