{"id":375143,"date":"2025-09-08T11:45:16","date_gmt":"2025-09-08T11:45:16","guid":{"rendered":"https:\/\/www.europesays.com\/fr\/375143\/"},"modified":"2025-09-08T11:45:16","modified_gmt":"2025-09-08T11:45:16","slug":"islande-mais-pourquoi-les-bleus-vont-ils-jouer-au-parc-des-princes-et-non-au-stade-de-france","status":"publish","type":"post","link":"https:\/\/www.europesays.com\/fr\/375143\/","title":{"rendered":"Islande\u00a0: Mais pourquoi les Bleus vont-ils jouer au Parc des Princes et non au Stade de France\u00a0?"},"content":{"rendered":"<p>Antoine Griezmann \u00e9tait encore le ma\u00eetre \u00e0 jouer de cette s\u00e9lection, Jonathan Clauss, <a href=\"https:\/\/www.20minutes.fr\/dossier\/youssouf_fofana\" class=\"c-link c-link--is-underlined\" target=\"_blank\" rel=\"noopener\">Youssouf Fofana<\/a> et N\u2019Golo Kant\u00e9 y \u00e9taient titulaires et on ignorait que <a href=\"https:\/\/www.20minutes.fr\/sport\/didier_deschamps\/\" class=\"c-link c-link--is-underlined\" target=\"_blank\" rel=\"noopener\">Didier Deschamps<\/a> comptait (enfin) stopper son cycle \u00e0 rallonge sur le banc tricolore \u00e0 l\u2019issue de la <a href=\"https:\/\/www.20minutes.fr\/sport\/football\/coupe-monde-2026\/\" class=\"c-link c-link--is-underlined\" target=\"_blank\" rel=\"noopener\">Coupe du monde\u00a02026<\/a>. Il s\u2019en est pass\u00e9 des choses depuis le dernier match de l\u2019\u00e9quipe de France de football disput\u00e9 au Parc des Princes, il y a tout juste un an.<\/p>\n<p>Le 6 septembre\u00a02024, les Bleus prenaient une sacr\u00e9e claque (1-3) \u00e0 la maison contre l\u2019Italie dans le cadre de la Ligue des nations. La raison alors de ce court d\u00e9m\u00e9nagement du Stade de France jusqu\u2019\u00e0 l\u2019antre du PSG\u00a0? Le superbe encha\u00eenement Jeux olympiques-Jeux paralympiques de Paris 2024, pas de d\u00e9bat donc. Par contre, pourquoi la bande \u00e0 <a href=\"https:\/\/www.20minutes.fr\/sport\/kylian-mbappe\/\" class=\"c-link c-link--is-underlined\" target=\"_blank\" rel=\"noopener\">Kylian Mbapp\u00e9<\/a> effectue-t-elle son retour au Parc, mardi (20h45) contre l\u2019Islande\u00a0?<\/p>\n<p>Un choix \u00ab\u00a0en raison de l\u2019incertitude\u00a0\u00bb<\/p>\n<p>Plus que ce match, quatre jours apr\u00e8s une <a href=\"https:\/\/www.20minutes.fr\/sport\/football\/4171323-20250905-direct-ukraine-france-bleus-retour-coupe-monde-2026-viseur-suivez-match-20-heures\" class=\"c-link c-link--is-underlined\" target=\"_blank\" rel=\"noopener\">victoire assez tranquille contre l\u2019Ukraine<\/a> (0-2), l&rsquo;\u00e9quipe de France disputera l\u2019int\u00e9gralit\u00e9 de ses trois rencontres \u00e0 domicile de qualification pour la Coupe du monde\u00a02026 au Parc des Princes (suivront donc l\u2019<a href=\"https:\/\/www.20minutes.fr\/monde\/azerbaidjan\/\" class=\"c-link c-link--is-underlined\" target=\"_blank\" rel=\"noopener\">Azerba\u00efdjan<\/a> le 10\u00a0octobre et l\u2019Ukraine le 13\u00a0novembre). Cette s\u00e9quence sans <a href=\"https:\/\/www.20minutes.fr\/sport\/stade_de_france\/\" class=\"c-link c-link--is-underlined\" target=\"_blank\" rel=\"noopener\">Stade de France<\/a> est li\u00e9e au flou administratif qui entourait ces derniers mois la concession de l\u2019enceinte de Saint-Denis.<\/p>\n<p>On a ainsi appris en juin que le groupe lyonnais GL Events avait bien \u00e9t\u00e9 choisi par l\u2019Etat pour reprendre cette concession de l\u2019exploitation du Stade de France, aux d\u00e9pens de Bouygues et <a href=\"https:\/\/www.20minutes.fr\/dossier\/vinci\" class=\"c-link c-link--is-underlined\" target=\"_blank\" rel=\"noopener\">Vinci<\/a>, les deux cogestionnaires depuis le d\u00e9but de la construction du Stade de France en\u00a01995. Si depuis le 5\u00a0ao\u00fbt, et pour une dur\u00e9e de trente ans, GL Events a officiellement les cl\u00e9s de ce mythique stade, qui a depuis accueilli deux concerts d\u2019AC\/DC, \u00e7a n\u2019\u00e9tait pas le cas en avril.<\/p>\n<\/p>\n<p>Et \u00e0 ce moment-l\u00e0, la F\u00e9d\u00e9ration fran\u00e7aise de football (<a href=\"https:\/\/www.20minutes.fr\/sport\/fff\/\" class=\"c-link c-link--is-underlined\" target=\"_blank\" rel=\"noopener\">FFF<\/a>) devait trancher cette question du stade en vue des qualifs pour le Mondial. \u00ab\u00a0En raison de l\u2019incertitude sur le changement de concession au Stade de France en ao\u00fbt\u00a02025, et des contraintes d\u2019agenda des matchs internationaux, nous \u00e9tions dans l\u2019obligation de fournir \u00e0 l\u2019UEFA les stades pour les matchs de qualification de la Coupe du monde\u00a02026\u00a0\u00bb, indiquait \u00e0 ce moment le pr\u00e9sident de la FFF <a href=\"https:\/\/www.20minutes.fr\/sport\/philippe-diallo\/\" class=\"c-link c-link--is-underlined\" target=\"_blank\" rel=\"noopener\">Philippe Diallo<\/a>. D\u2019o\u00f9 le choix de repli du Parc des Princes de septembre \u00e0 novembre.<\/p>\n<p>\u00ab\u00a0Nous ferons jouer la concurrence\u00a0\u00bb<\/p>\n<p>De plus, la FFF n\u2019avait \u00e0 l\u2019\u00e9poque pas trouv\u00e9 d\u2019accord contractuel avec GL Events, alors en n\u00e9gociations exclusives avec l\u2019Etat pour la gestion du Stade de France. \u00ab\u00a0En toute hypoth\u00e8se, nous ferons jouer la concurrence, nous l\u2019avons fait jusque-l\u00e0 et nous sommes tr\u00e8s contents du r\u00e9sultat\u00a0\u00bb, pr\u00e9cisait en avril Jean-Fran\u00e7ois Vilotte, le directeur g\u00e9n\u00e9ral de la FFF.<\/p>\n<p>La volont\u00e9 affich\u00e9e par GL Events est la suivante\u00a0: mettre en place un mod\u00e8le \u00e9conomique rentable pour l\u2019Etat, toujours propri\u00e9taire, et satisfaire les f\u00e9d\u00e9rations de football et de rugby, deux clients majeurs. Est-on aujourd\u2019hui certain qu\u2019il y aura un successeur \u00e0 l\u2019enthousiasmant succ\u00e8s de nos footballeurs en quart de finale retour de la <a href=\"https:\/\/www.20minutes.fr\/sport\/ligue-nations\/\" class=\"c-link c-link--is-underlined\" target=\"_blank\" rel=\"noopener\">Ligue des nations<\/a> contre la Croatie (2-0, 5-4 aux tirs au but), dernier match disput\u00e9 au Stade de France le 23\u00a0mars 2025\u00a0?<\/p>\n<p><a href=\"https:\/\/www.20minutes.fr\/sport\/equipe-de-france-de-football\/\" class=\"c-link c-btn c-btn--primary\" target=\"_blank\" rel=\"noopener\">Notre dossier sur l&rsquo;\u00e9quipe de France de football<\/a><\/p>\n<p>S\u2019il ne d\u00e9voile pas de calendrier pr\u00e9cis \u00e0 ce jour, Philippe Diallo a en tout cas confirm\u00e9 en juin son souhait de r\u00e9installer les Bleus \u00e0 Saint-Denis dans le futur. \u00ab\u00a0Les grands matchs des Bleus ont vocation \u00e0 se tenir au Stade de France\u00a0\u00bb, glissait en mai Christophe Cizeron, pr\u00e9sident-directeur g\u00e9n\u00e9ral de la branche sites au sein de GL Events. Reste \u00e0 formaliser ces envies visiblement communes, afin d\u2019y revoir l\u2019\u00e9quipe de France de football d\u00e8s\u00a02026.<\/p>\n","protected":false},"excerpt":{"rendered":"Antoine Griezmann \u00e9tait encore le ma\u00eetre \u00e0 jouer de cette s\u00e9lection, Jonathan Clauss, Youssouf Fofana et N\u2019Golo Kant\u00e9&hellip;\n","protected":false},"author":2,"featured_media":375144,"comment_status":"","ping_status":"","sticky":false,"template":"","format":"standard","meta":{"footnotes":""},"categories":[4],"tags":[11,64,6713,85,63,1011,27,12528,12,2334,25,517,14478],"class_list":{"0":"post-375143","1":"post","2":"type-post","3":"status-publish","4":"format-standard","5":"has-post-thumbnail","7":"category-france","8":"tag-actualites","9":"tag-equipe-de-france","10":"tag-equipe-de-france-de-football","11":"tag-fff","12":"tag-football","13":"tag-fr","14":"tag-france","15":"tag-islande","16":"tag-news","17":"tag-parc-des-princes","18":"tag-republique-francaise","19":"tag-sport","20":"tag-stade-de-france"},"share_on_mastodon":{"url":"https:\/\/pubeurope.com\/@fr\/115168511400127413","error":""},"_links":{"self":[{"href":"https:\/\/www.europesays.com\/fr\/wp-json\/wp\/v2\/posts\/375143","targetHints":{"allow":["GET"]}}],"collection":[{"href":"https:\/\/www.europesays.com\/fr\/wp-json\/wp\/v2\/posts"}],"about":[{"href":"https:\/\/www.europesays.com\/fr\/wp-json\/wp\/v2\/types\/post"}],"author":[{"embeddable":true,"href":"https:\/\/www.europesays.com\/fr\/wp-json\/wp\/v2\/users\/2"}],"replies":[{"embeddable":true,"href":"https:\/\/www.europesays.com\/fr\/wp-json\/wp\/v2\/comments?post=375143"}],"version-history":[{"count":0,"href":"https:\/\/www.europesays.com\/fr\/wp-json\/wp\/v2\/posts\/375143\/revisions"}],"wp:featuredmedia":[{"embeddable":true,"href":"https:\/\/www.europesays.com\/fr\/wp-json\/wp\/v2\/media\/375144"}],"wp:attachment":[{"href":"https:\/\/www.europesays.com\/fr\/wp-json\/wp\/v2\/media?parent=375143"}],"wp:term":[{"taxonomy":"category","embeddable":true,"href":"https:\/\/www.europesays.com\/fr\/wp-json\/wp\/v2\/categories?post=375143"},{"taxonomy":"post_tag","embeddable":true,"href":"https:\/\/www.europesays.com\/fr\/wp-json\/wp\/v2\/tags?post=375143"}],"curies":[{"name":"wp","href":"https:\/\/api.w.org\/{rel}","templated":true}]}}