{"id":375163,"date":"2025-09-08T11:58:38","date_gmt":"2025-09-08T11:58:38","guid":{"rendered":"https:\/\/www.europesays.com\/fr\/375163\/"},"modified":"2025-09-08T11:58:38","modified_gmt":"2025-09-08T11:58:38","slug":"rym-renom-et-vincent-queijo-plus-proches-que-jamais-ils-devoilent-leur-nouveau-rituel-a-paris-avec-leurs-filles","status":"publish","type":"post","link":"https:\/\/www.europesays.com\/fr\/375163\/","title":{"rendered":"Rym Renom et Vincent Queijo plus proches que jamais, ils d\u00e9voilent leur nouveau rituel \u00e0 Paris avec leurs filles"},"content":{"rendered":"<p class=\"articleContent-meta\">\n        Hier \u00e0 17:30 &#8211; par             Enora Foricher<\/p>\n<p>                    Tweeter<\/p>\n<p>                    Partager sur Facebook<\/p>\n<p>                        <img decoding=\"async\" src=\"https:\/\/www.europesays.com\/fr\/wp-content\/uploads\/2025\/09\/qui-est-rym-renom.jpg\" alt=\"Player Video\" class=\"player-applyRatio poster exclude-seedtag\"\/><\/p>\n<p>Ce dimanche 7 septembre, Rym Renom et Vincent Queijo \u00e9taient r\u00e9unis avec leurs filles pour une raison bien particuli\u00e8re : ils souhaitent mettre en place de nouveaux rituels avec elles depuis leur r\u00e9cente installation \u00e0 Paris.<\/p>\n<p>Depuis quelques semaines, Vincent Queijo et son ex-\u00e9pouse, Rym Renom, ont quitt\u00e9 Bali pour <a href=\"https:\/\/www.programme.tv\/news\/tele-realite\/264506-j-ai-pris-la-decision-de-m-installer-ici-vincent-queijo-annonce-demenager-dans-une-nouvelle-ville-tout-pres-de-rym-renom-et-de-leurs-enfants\/\" target=\"_blank\" rel=\"noopener\">s\u2019installer \u00e0 nouveau en France, \u00e0 Paris<\/a>. Les deux co-parents ont en effet d\u00e9cid\u00e9 d&rsquo;\u00e9lever leurs deux filles, Alma et Maria-Valentina, en garde altern\u00e9e, une semaine sur deux, pr\u00e8s de leurs proches. Cette d\u00e9cision fait suite \u00e0 plusieurs \u00e9v\u00e9nements, <a href=\"https:\/\/www.programme.tv\/news\/tele-realite\/263320-je-noublierai-jamais-ce-moment-rym-renom-mamans-celebres-condamnee-a-de-la-prison-ferme-elle-raconte-un-moment-clef-du-proces\/\" target=\"_blank\" rel=\"noopener\">dont l\u2019interpellation de Rym Renom pour pratiques commerciales trompeuses<\/a>, au cours de l\u2019\u00e9t\u00e9. De son c\u00f4t\u00e9, Vincent s\u2019est s\u00e9par\u00e9 de son ex-compagne Marwa, rencontr\u00e9e l\u2019ann\u00e9e pass\u00e9e dans La Villa des c\u0153urs bris\u00e9s. Apr\u00e8s plusieurs mois d\u2019une relation tumultueuse, ce dernier a fait une br\u00e8ve apparition dans la nouvelle saison du programme, actuellement diffus\u00e9e sur TFX, pour une derni\u00e8re mise au point avec la jeune femme. <a href=\"https:\/\/www.programme.tv\/news\/tele-realite\/264429-je-veux-que-tu-ailles-te-soigner-vincent-queijo-la-villa-des-coeurs-brises-choque-par-les-propos-de-marwa-lors-du-patio-la-production-intervient\/\" target=\"_blank\" rel=\"noopener\">Celle-ci a refus\u00e9 de laisser une nouvelle chance \u00e0 leur couple<\/a>.<\/p>\n<p>                                \u00ab\u00a0On va essayer tout \u00e7a\u00a0\u00bb : Rym Renom ravie d\u2019avoir inscrit ses filles \u00e0 des activit\u00e9s sportives<\/p>\n<p>Vincent, tout comme Rym, est donc aujourd\u2019hui c\u00e9libataire. Pour autant,<a href=\"https:\/\/www.programme.tv\/news\/tele-realite\/240301-jai-bien-fait-de-suivre-mon-intuition-rym-renom-mamans-celebres-ne-regrette-pas-d-avoir-divorce-de-vincent-queijo-elle-explique-pourquoi\/\" target=\"_blank\" rel=\"noopener\"> les deux trentenaires divorc\u00e9s <\/a>sont bien d\u00e9termin\u00e9s \u00e0 offrir le meilleur quotidien \u00e0 leurs filles. Et qui dit premier week-end de septembre dit forum des associations et inscriptions extra-scolaires. En effet, ce dimanche 7 septembre, via leurs stories Instagram respectives, Rym et Vincent ont annonc\u00e9 se retrouver pour inscrire leurs filles \u00e0 des activit\u00e9s sportives. \u00ab\u00a0Je suis trop contente ! On a inscrit les enfants \u00e0 plusieurs activit\u00e9s : judo, danse et tennis. Le th\u00e9\u00e2tre, ce n\u2019est pas encore pour maintenant<b>. On va essayer tout \u00e7a et apr\u00e8s ce seront aux <\/b><a href=\"https:\/\/www.programme.tv\/news\/actu\/225858-cest-fini-je-ne-veux-plus-montrer-mes-enfants-vincent-queijo-mamans-et-celebres-explique-sa-decision-de-ne-plus-afficher-ses-filles-maria-et-alma\/\" target=\"_blank\" rel=\"noopener\"><b>filles<\/b><\/a><b> de d\u00e9cider !<\/b>\u00a0\u00bb a expliqu\u00e9 Rym \u00e0 ses abonn\u00e9s. Dans cette story, on entend d\u2019ailleurs Vincent commenter quelque chose au loin, avant que Rym ne r\u00e9ponde : \u00ab\u00a0<b>Oui, on va faire des tests Vincent, je sai<\/b>s\u00a0\u00bb.<\/p>\n<p>                \u00ab\u00a0Elle a besoin de se d\u00e9penser\u00a0\u00bb : Vincent Queijo s\u2019exprime sur le sport de sa fille Alma<\/p>\n<p>De son c\u00f4t\u00e9, c\u2019est sur Snapchat que Vincent Queijo a donn\u00e9 plus de d\u00e9tails sur cette matin\u00e9e. \u00ab\u00a0\u00c7a y est, on a fait, avec la maman de mes enfants, les inscriptions aux premiers sports de <a href=\"https:\/\/www.programme.tv\/news\/tele-realite\/263282-aujourdhui-jai-tente-un-grand-cap-vincent-queijo-demande-conseils-aux-parents-aguerris-apres-un-gros-echec-avec-sa-fille-maria-valentina\/\" target=\"_blank\" rel=\"noopener\">Maria<\/a> et <a href=\"https:\/\/www.programme.tv\/news\/tele-realite\/238689-trois-ans-que-tu-es-dans-ma-vie-vincent-queijo-the-cerveau-emu-par-lanniversaire-de-sa-derniere-fille-alma-il-lui-adresse-quelques-mots\/\" target=\"_blank\" rel=\"noopener\">Alma<\/a>\u00ab\u00a0, a expliqu\u00e9 <a href=\"https:\/\/www.programme.tv\/news\/tele-realite\/263681-il-faut-que-tu-te-reveilles-emilie-nef-naf-secret-story-et-vincent-queijo-font-leur-entree-dans-la-maison-pour-une-mission-bien-particuliere\/\" target=\"_blank\" rel=\"noopener\">le candidat de t\u00e9l\u00e9-r\u00e9alit\u00e9<\/a>. Le p\u00e8re de famille a ajout\u00e9 : \u00ab\u00a0<b>Je suis content parce que je voulais absolument qu&rsquo;Alma fasse du judo. Au-del\u00e0 du fait qu\u2019elle a besoin de se d\u00e9penser, je voulais un sport qui lui apprenne des valeurs et je trouve celles du judo sont magnifiques.<\/b> Et pour Maria, la danse. Et il y aura une deuxi\u00e8me activit\u00e9 pour les deux qui sera du tennis. Donc je suis tr\u00e8s content, je pense que c\u2019est parfait. Elles vont \u00e9videmment faire des tests pour voir si \u00e7a leur pla\u00eet\u00a0\u00bb. Vincent Queijo a lui-m\u00eame expliqu\u00e9 s\u2019\u00eatre donn\u00e9 <a href=\"https:\/\/www.programme.tv\/news\/tele-realite\/264747-pas-en-france-dans-un-autre-pays-vincent-queijo-la-villa-surprend-avec-une-nouvelle-apparence-et-un-objectif-fou\/\" target=\"_blank\" rel=\"noopener\">de nouveaux objectifs sportifs<\/a>, comme celui de courir un marathon courant 2026.<\/p>\n<p>Article \u00e9crit avec la collaboration de 6Medias<\/p>\n<p>Rejoignez-nous sur Google News !<\/p>\n<p class=\"articleContent-pushTagline\">Abonnez-vous \u00e0 <a href=\"https:\/\/news.google.com\/publications\/CAAiEJwr-IZFXDFoZD1ePbkC_VcqFAgKIhCcK_iGRVwxaGQ9Xj25Av1X\" target=\"_blank\" rel=\"noopener\">T\u00e9l\u00e9 2 semaines sur Google News<\/a> pour ne manquer aucune info !<\/p>\n","protected":false},"excerpt":{"rendered":"Hier \u00e0 17:30 &#8211; par Enora Foricher Tweeter Partager sur Facebook Ce dimanche 7 septembre, Rym Renom et&hellip;\n","protected":false},"author":2,"featured_media":375164,"comment_status":"","ping_status":"","sticky":false,"template":"","format":"standard","meta":{"footnotes":""},"categories":[1356],"tags":[58,59,1011,27,4583,2440,4585,4580,4581,4582,682,252,3604,1364,4584,6854],"class_list":{"0":"post-375163","1":"post","2":"type-post","3":"status-publish","4":"format-standard","5":"has-post-thumbnail","7":"category-television","8":"tag-divertissement","9":"tag-entertainment","10":"tag-fr","11":"tag-france","12":"tag-guid_6292226359001","13":"tag-instagram","14":"tag-mamans-et-celebres","15":"tag-rym-renom","16":"tag-story","17":"tag-tel","18":"tag-tele-realite","19":"tag-television","20":"tag-tu00e9lu00e9-ru00e9alitu00e9","21":"tag-tv","22":"tag-uuid_4ea9c000-0702-469d-8d99-23b069324e95","23":"tag-vincent-queijo"},"share_on_mastodon":{"url":"https:\/\/pubeurope.com\/@fr\/115168562747519907","error":""},"_links":{"self":[{"href":"https:\/\/www.europesays.com\/fr\/wp-json\/wp\/v2\/posts\/375163","targetHints":{"allow":["GET"]}}],"collection":[{"href":"https:\/\/www.europesays.com\/fr\/wp-json\/wp\/v2\/posts"}],"about":[{"href":"https:\/\/www.europesays.com\/fr\/wp-json\/wp\/v2\/types\/post"}],"author":[{"embeddable":true,"href":"https:\/\/www.europesays.com\/fr\/wp-json\/wp\/v2\/users\/2"}],"replies":[{"embeddable":true,"href":"https:\/\/www.europesays.com\/fr\/wp-json\/wp\/v2\/comments?post=375163"}],"version-history":[{"count":0,"href":"https:\/\/www.europesays.com\/fr\/wp-json\/wp\/v2\/posts\/375163\/revisions"}],"wp:featuredmedia":[{"embeddable":true,"href":"https:\/\/www.europesays.com\/fr\/wp-json\/wp\/v2\/media\/375164"}],"wp:attachment":[{"href":"https:\/\/www.europesays.com\/fr\/wp-json\/wp\/v2\/media?parent=375163"}],"wp:term":[{"taxonomy":"category","embeddable":true,"href":"https:\/\/www.europesays.com\/fr\/wp-json\/wp\/v2\/categories?post=375163"},{"taxonomy":"post_tag","embeddable":true,"href":"https:\/\/www.europesays.com\/fr\/wp-json\/wp\/v2\/tags?post=375163"}],"curies":[{"name":"wp","href":"https:\/\/api.w.org\/{rel}","templated":true}]}}