{"id":375171,"date":"2025-09-08T12:02:09","date_gmt":"2025-09-08T12:02:09","guid":{"rendered":"https:\/\/www.europesays.com\/fr\/375171\/"},"modified":"2025-09-08T12:02:09","modified_gmt":"2025-09-08T12:02:09","slug":"le-coach-nest-pas-bete-aurelien-tchouameni-au-sujet-du-selectionneur-didier-deschamps-et-laffaire-des-blessures-dousmane-dembele-et-desire-doue-lequipe","status":"publish","type":"post","link":"https:\/\/www.europesays.com\/fr\/375171\/","title":{"rendered":"\u00abLe coach n&#039;est pas b\u00eate\u00bb : Aur\u00e9lien Tchouam\u00e9ni au sujet du s\u00e9lectionneur Didier Deschamps et l&#039;affaire des blessures d&#039;Ousmane Demb\u00e9l\u00e9 et D\u00e9sir\u00e9 Dou\u00e9 &#8211; L&#039;\u00c9quipe"},"content":{"rendered":"<ol>\n<li><a href=\"https:\/\/news.google.com\/rss\/articles\/CBMikgJBVV95cUxObm43S05Yb09lTFE0WExxNUNPQjRrdVYtNkdtTG1CcERqajliNnc1cmlvSXh2VDR4aXEtYkxoRnRvS1hqc1NEdzlvQ0doZVVpUkNLeXM2Z2FDVTRMa2R2MTh5X1VyM3Bpa3pCdklMV0pvT0Rfc0E3bDFnb2luWkdZRTRTOUprSWNQbTFWZ2NLZ0RZcmExUmRhd0hUMzkyeFVPb3hlcjZSbzE2a2VQNHU0RXRDamhVNUxnUnllNk40Z3VZXzNxdFFKbGl3OVNJUkRBdWhRYk9RalU0LS1VU0hUbE1Sc0t1Tkw5emFUQ3lkLVJhT01pc0tLQjl0WjBLbENHMVZ3NlpQaDA4LUx5MzZSdFFB?oc=5\" target=\"_blank\" rel=\"nofollow noopener\">\u00abLe coach n&rsquo;est pas b\u00eate\u00bb : Aur\u00e9lien Tchouam\u00e9ni au sujet du s\u00e9lectionneur Didier Deschamps et l&rsquo;affaire des blessures d&rsquo;Ousmane Demb\u00e9l\u00e9 et D\u00e9sir\u00e9 Dou\u00e9<\/a>&nbsp;&nbsp;L&rsquo;\u00c9quipe<\/li>\n<li><a href=\"https:\/\/news.google.com\/rss\/articles\/CBMijgJBVV95cUxOTEJtUTRQZ19VUHB4bUFHSzJiRUppVUkyclA1LXF0WmE1NU0tNlJlbE0xblRCNzl1emRNcENSVnk2TFBnSVZqT1NXM2pxRzNDTDFmV0tvZU8ydWRfR3QyS1JwVkVPXzFmNy1MSmJwM2hsQl9lMlo2R1E4Wk13VXVXaUp6R0UtRHplU2Y3Ykh2YjJvTGRSa2plc3VaUk9rbExycldxLTJ2MkZQVzhPeWtpMGEwQkQ3cm9VRnZJNGN3ME1WaXM3QlZ3NTcxU0VtVklSazZCZHBKaUY5RUdRenFoQ21DaTI5c0ZxSTU4THg5Q2RDR3hMZjF3ejBFN0NCdU1VbWx3Z0RWY2xVTjlOamc?oc=5\" target=\"_blank\" rel=\"nofollow noopener\">DIRECT. France-Islande: \u00ab\u00a0Le PSG n&rsquo;est pas notre adversaire\u00a0\u00bb, Deschamps r\u00e9pond \u00e0 la pol\u00e9mique sur la blessure de Demb\u00e9l\u00e9<\/a>&nbsp;&nbsp;RMC Sport<\/li>\n<li><a href=\"https:\/\/news.google.com\/rss\/articles\/CBMiVEFVX3lxTE1PYkQ5S0VNbS1fQmlvSHJXZTZON2drSVltanFTOVROTHdMaDFQNktXWS1yTGkxbDdOV1RtZlVOTjZ1ZDByOENTU0lFQjl6UTRVY0FSZg?oc=5\" target=\"_blank\" rel=\"nofollow noopener\">Nous y voil\u00e0 ! &#8211;<\/a>&nbsp;&nbsp;UNFP<\/li>\n<li><a href=\"https:\/\/news.google.com\/rss\/articles\/CBMi6AFBVV95cUxORkp4dEJYSG12VW9vaTJuUFJpdGNvNjVkMmxtcnZuUHdqbmdGM1pISUVlb1l1WVpnYzBCTzFMYUFpWVhFUk1jYllaMzB2X296cXd6S0hmc0NIQ2tmcWtKY0dwR21mM2FjSGNDamktc3RVNVk5QV9NVlpPNjVmekU0SHdlWEk4d3FsVC1tWi1vNmo1TUZTbkxxSGVWNER2WHZyU3BselV5aEdPbS1lbFk1ZXNRR2doelZuVHpObklhbmZrMG1DODhfcWNydkcyUmJYYmExZ1NERWxVaGNGNmZCdi1lZXllWjA1?oc=5\" target=\"_blank\" rel=\"nofollow noopener\">\u00abLe coach n\u2019est pas b\u00eate\u00bb&#8230; Aur\u00e9lien Tchouam\u00e9ni d\u00e9fend Deschamps suite \u00e0 la pol\u00e9mique Demb\u00e9l\u00e9<\/a>&nbsp;&nbsp;Le Figaro<\/li>\n<li><a href=\"https:\/\/news.google.com\/rss\/articles\/CBMi7AFBVV95cUxOM0N3c3JlNUtBcV9TRXJTMFExNDFtTHZna1hNQ28tM3p4X3lXTC1hZFNWVHNfdW9XX29UWXlocHAzbVA3Qlc4ZThlcVZQWGlLY1RWTlVDOGZYU3BrbDJmTjdIalR0ME9JNVhmcVBtbXVCT0NJVkdtVWw3RGZZSnlJV3lORlk1U0JBUXJYX05fTm5WU0t2RGg0eFZybGpZWEZOTWZ6U1JtR2h2VEhJbVdFZUc4c3htS3lWWWEwdWFDU0VYdFZoajdrNTFKQ1EyOTlEam5uNXpGSEVkZW9CdUQwQmJtcHUtWnJ6UEI5Ug?oc=5\" target=\"_blank\" rel=\"nofollow noopener\">\u00c9quipe de France, PSG : nouvelles r\u00e9v\u00e9lations apr\u00e8s le toll\u00e9 g\u00e9n\u00e9ral provoqu\u00e9 par la blessure d\u2019Ousmane Demb\u00e9l\u00e9<\/a>&nbsp;&nbsp;Foot Mercato<\/li>\n<\/ol>\n","protected":false},"excerpt":{"rendered":"\u00abLe coach n&rsquo;est pas b\u00eate\u00bb : Aur\u00e9lien Tchouam\u00e9ni au sujet du s\u00e9lectionneur Didier Deschamps et l&rsquo;affaire des blessures&hellip;\n","protected":false},"author":2,"featured_media":375172,"comment_status":"","ping_status":"","sticky":false,"template":"","format":"standard","meta":{"footnotes":""},"categories":[9],"tags":[1011,27,60],"class_list":{"0":"post-375171","1":"post","2":"type-post","3":"status-publish","4":"format-standard","5":"has-post-thumbnail","7":"category-sports","8":"tag-fr","9":"tag-france","10":"tag-sports"},"share_on_mastodon":{"url":"https:\/\/pubeurope.com\/@fr\/115168578583040191","error":""},"_links":{"self":[{"href":"https:\/\/www.europesays.com\/fr\/wp-json\/wp\/v2\/posts\/375171","targetHints":{"allow":["GET"]}}],"collection":[{"href":"https:\/\/www.europesays.com\/fr\/wp-json\/wp\/v2\/posts"}],"about":[{"href":"https:\/\/www.europesays.com\/fr\/wp-json\/wp\/v2\/types\/post"}],"author":[{"embeddable":true,"href":"https:\/\/www.europesays.com\/fr\/wp-json\/wp\/v2\/users\/2"}],"replies":[{"embeddable":true,"href":"https:\/\/www.europesays.com\/fr\/wp-json\/wp\/v2\/comments?post=375171"}],"version-history":[{"count":0,"href":"https:\/\/www.europesays.com\/fr\/wp-json\/wp\/v2\/posts\/375171\/revisions"}],"wp:featuredmedia":[{"embeddable":true,"href":"https:\/\/www.europesays.com\/fr\/wp-json\/wp\/v2\/media\/375172"}],"wp:attachment":[{"href":"https:\/\/www.europesays.com\/fr\/wp-json\/wp\/v2\/media?parent=375171"}],"wp:term":[{"taxonomy":"category","embeddable":true,"href":"https:\/\/www.europesays.com\/fr\/wp-json\/wp\/v2\/categories?post=375171"},{"taxonomy":"post_tag","embeddable":true,"href":"https:\/\/www.europesays.com\/fr\/wp-json\/wp\/v2\/tags?post=375171"}],"curies":[{"name":"wp","href":"https:\/\/api.w.org\/{rel}","templated":true}]}}