{"id":375179,"date":"2025-09-08T12:06:17","date_gmt":"2025-09-08T12:06:17","guid":{"rendered":"https:\/\/www.europesays.com\/fr\/375179\/"},"modified":"2025-09-08T12:06:17","modified_gmt":"2025-09-08T12:06:17","slug":"israel-et-son-allie-americain-lancent-un-dernier-avertissement-au-hamas-08-09-2025-a-1306","status":"publish","type":"post","link":"https:\/\/www.europesays.com\/fr\/375179\/","title":{"rendered":"Isra\u00ebl et son alli\u00e9 am\u00e9ricain lancent un \u00ab\u00a0dernier avertissement\u00a0\u00bb au Hamas &#8211; 08\/09\/2025 \u00e0 13:06"},"content":{"rendered":"<p>        <img fetchpriority=\"high\" decoding=\"async\" src=\"https:\/\/www.europesays.com\/fr\/wp-content\/uploads\/2025\/09\/09208002ea25a27bd73ae67d696a219f-760x507.jpg\" alt=\"Des proches pleurent \u00e0 l'h\u00f4pital Al-Chifa de Gaza, devant les corps de deux fillettes de 2 et 5 ans tu\u00e9s selon la D\u00e9fense civile lors de frappes isra\u00e9liennes sur leur tente de d\u00e9plac\u00e9s dans le quartier d'Al-Nasr, le 8 septembre 2025 ( AFP \/ Omar AL-QATTAA )\" loading=\"eager\" width=\"760\" height=\"507\" style=\"max-width: 100%!important; height: auto;\"\/><\/p>\n<p class=\"c-image-news__legend\">Des proches pleurent \u00e0 l&rsquo;h\u00f4pital Al-Chifa de Gaza, devant les corps de deux fillettes de 2 et 5 ans tu\u00e9s selon la D\u00e9fense civile lors de frappes isra\u00e9liennes sur leur tente de d\u00e9plac\u00e9s dans le quartier d&rsquo;Al-Nasr, le 8 septembre 2025 ( AFP \/ Omar AL-QATTAA )<\/p>\n<p>\n Isra\u00ebl a adress\u00e9 lundi \u00ab\u00a0un dernier avertissement\u00a0\u00bb au Hamas, le sommant de lib\u00e9rer les otages retenus \u00e0 Gaza sous peine d&rsquo;\u00eatre an\u00e9anti, apr\u00e8s une mise en garde similaire lanc\u00e9e par le pr\u00e9sident am\u00e9ricain Donald Trump au mouvement islamiste palestinien.\n<\/p>\n<p>\n Le jour m\u00eame un attentat a fait, selon les secours isra\u00e9liens, cinq morts \u00e0 J\u00e9rusalem-Est, secteur occup\u00e9 et annex\u00e9 par Isra\u00ebl. L&rsquo;attaque, l&rsquo;une des plus meurtri\u00e8res dans la ville depuis le d\u00e9but de la guerre \u00e0 Gaza en octobre 2023, a \u00e9t\u00e9 salu\u00e9e par le Hamas.\n<\/p>\n<p>\n \u00ab\u00a0Cette op\u00e9ration est une r\u00e9ponse naturelle (&#8230;) au g\u00e9nocide de l&rsquo;occupation contre notre peuple dans la bande de Gaza\u00a0\u00bb, a affirm\u00e9 le Hamas sans revendiquer l&rsquo;attentat perp\u00e9tr\u00e9 selon lui par des Palestiniens.\n<\/p>\n<p>\n C&rsquo;est une attaque sans pr\u00e9c\u00e9dent du Hamas men\u00e9e le 7 octobre 2023 dans le sud d&rsquo;Isra\u00ebl qui a d\u00e9clench\u00e9 la guerre \u00e0 Gaza, o\u00f9 une offensive de repr\u00e9sailles isra\u00e9lienne a d\u00e9vast\u00e9 le territoire, fait des dizaines de milliers de morts et provoqu\u00e9 un d\u00e9sastre humanitaire.\n<\/p>\n<\/p>\n<p>\n Lundi, la D\u00e9fense civile \u00e0 Gaza a fait \u00e9tat d&rsquo;au moins 10 Palestiniens tu\u00e9s dans de nouveaux bombardements isra\u00e9liens, dont trois enfants de 5 ans et moins dans des frappes ayant touch\u00e9 des tentes de d\u00e9plac\u00e9s \u00e0 Gaza-ville (nord).\n<\/p>\n<p>\n \u00ab\u00a0Ceci est un dernier avertissement aux assassins et violeurs du Hamas (&#8230;): lib\u00e9rez les otages et d\u00e9posez les armes, ou Gaza sera d\u00e9truite et vous serez an\u00e9antis\u00a0\u00bb, a d\u00e9clar\u00e9 le ministre de la D\u00e9fense Isra\u00ebl Katz sur X, en soulignant que \u00ab\u00a0l&rsquo;arm\u00e9e se pr\u00e9pare \u00e0 \u00e9tendre ses op\u00e9rations pour conqu\u00e9rir Gaza-ville\u00a0\u00bb.\n<\/p>\n<p> &#8211; \u00ab\u00a0Qu&rsquo;ont-ils fait de mal?\u00a0\u00bb &#8211;<\/p>\n<p>        <img decoding=\"async\" src=\"https:\/\/www.europesays.com\/fr\/wp-content\/uploads\/2025\/09\/2f93dd16d3e4604dca8dac60cb06f587-760x507.jpg\" alt=\"Le Premier ministre isra\u00e9lien Benjamin Netanyahu sur les lieux d'une fusillade \u00e0 J\u00e9rusalem-Est, le 8 septembre 2025  ( POOL \/ Ronen Zvulun )\" loading=\"eager\" width=\"760\" height=\"507\" style=\"max-width: 100%!important; height: auto;\"\/><\/p>\n<p class=\"c-image-news__legend\">Le Premier ministre isra\u00e9lien Benjamin Netanyahu sur les lieux d&rsquo;une fusillade \u00e0 J\u00e9rusalem-Est, le 8 septembre 2025  ( POOL \/ Ronen Zvulun )<\/p>\n<p>\n \u00ab\u00a0Les Isra\u00e9liens ont accept\u00e9 mes conditions. Il est temps pour le Hamas d&rsquo;accepter \u00e9galement. J&rsquo;ai averti le Hamas des cons\u00e9quences en cas de refus. Ceci est mon dernier avertissement, il n&rsquo;y en aura pas d&rsquo;autre!\u00a0\u00bb, a indiqu\u00e9 dimanche M. Trump.\n<\/p>\n<p>\n Le Hamas a affirm\u00e9 avoir \u00ab\u00a0re\u00e7u, via des m\u00e9diateurs, quelques id\u00e9es de la part des Am\u00e9ricains afin de parvenir \u00e0 un cessez-le-feu\u00a0\u00bb qui reprennent les grandes lignes des pr\u00e9c\u00e9dentes propositions de tr\u00eave associ\u00e9e \u00e0 une lib\u00e9ration des otages.\n<\/p>\n<p>\n Le mouvement a redit \u00eatre pr\u00eat \u00e0 des n\u00e9gociations \u00ab\u00a0imm\u00e9diates\u00a0\u00bb pour discuter de la lib\u00e9ration des otages \u00ab\u00a0en \u00e9change d&rsquo;une d\u00e9claration claire de la fin de la guerre et d&rsquo;un retrait complet isra\u00e9lien de la bande de Gaza\u00a0\u00bb notamment.\n<\/p>\n<p>\n Ces exigences sont rejet\u00e9es par Isra\u00ebl qui veut d\u00e9truire le Hamas et prendre le contr\u00f4le s\u00e9curitaire de l&rsquo;ensemble du territoire palestinien.\n<\/p>\n<p>\n Ces derni\u00e8res semaines, l&rsquo;arm\u00e9e isra\u00e9lienne a intensifi\u00e9 ses op\u00e9rations au sol et bombardements dans et autour de la ville de Gaza pour s&#8217;emparer de l&rsquo;un des derniers bastions du Hamas dans le territoire.\n<\/p>\n<p>\n \u00c0 l&rsquo;h\u00f4pital Al-Chifa de Gaza-ville, des Palestiniens pleurent leurs proches tu\u00e9s dans des raids ayant touch\u00e9 des tentes de d\u00e9plac\u00e9s, selon des images de l&rsquo;AFP. L\u00e0, des femmes sanglotent pr\u00e8s des corps de deux fillettes de 2 et 5 ans. Plus loin, un homme touche le visage de son b\u00e9b\u00e9 d&rsquo;un an dont le corps est envelopp\u00e9 dans un linceul blanc.\n<\/p>\n<p>        <img decoding=\"async\" src=\"https:\/\/www.europesays.com\/fr\/wp-content\/uploads\/2025\/09\/43d94bab2b135369d546c7beada6ee18-760x507.jpg\" alt=\"Des Palestiniens pleurent devant devant l'h\u00f4pital al-Chifa \u00e0 Gaza-ville, o\u00f9 les corps de victimes de frappes isra\u00e9liennes ont \u00e9t\u00e9 transport\u00e9es, le 8 septembre 2025 ( AFP \/ Omar AL-QATTAA )\" loading=\"eager\" width=\"760\" height=\"507\" style=\"max-width: 100%!important; height: auto;\"\/><\/p>\n<p class=\"c-image-news__legend\">Des Palestiniens pleurent devant devant l&rsquo;h\u00f4pital al-Chifa \u00e0 Gaza-ville, o\u00f9 les corps de victimes de frappes isra\u00e9liennes ont \u00e9t\u00e9 transport\u00e9es, le 8 septembre 2025 ( AFP \/ Omar AL-QATTAA )<\/p>\n<p>\n \u00ab\u00a0Des enfants meurent, qu&rsquo;ont-ils fait de mal ? Un b\u00e9b\u00e9 d&rsquo;un an, qu&rsquo;a-t-il fait de mal?\u00a0\u00bb, s&rsquo;exclame son grand-p\u00e8re Hazem Issa.\n<\/p>\n<p>\n L&rsquo;arm\u00e9e contr\u00f4le aujourd&rsquo;hui environ 75% de la bande de Gaza et 40% de Gaza-ville. Selon des estimations r\u00e9centes de l&rsquo;ONU, pr\u00e8s d&rsquo;un million de personnes vivent dans la ville et ses environs.\n<\/p>\n<p> &#8211; \u00ab\u00a0Cimeti\u00e8re\u00a0\u00bb &#8211;<\/p>\n<p>        <img decoding=\"async\" src=\"https:\/\/www.europesays.com\/fr\/wp-content\/uploads\/2025\/09\/a3f0efb38a7c8ea9643fa53993af036b-760x507.jpg\" alt=\"Les forces isra\u00e9liennes se rassemblent autour d'un corps pr\u00e8s d'un bus sur les lieux d'une fusillade \u00e0 J\u00e9rusalem-Est, le 8 septembre 2025 ( AFP \/ Menahem Kahana )\" loading=\"eager\" width=\"760\" height=\"507\" style=\"max-width: 100%!important; height: auto;\"\/><\/p>\n<p class=\"c-image-news__legend\">Les forces isra\u00e9liennes se rassemblent autour d&rsquo;un corps pr\u00e8s d&rsquo;un bus sur les lieux d&rsquo;une fusillade \u00e0 J\u00e9rusalem-Est, le 8 septembre 2025 ( AFP \/ Menahem Kahana )<\/p>\n<p>\n L&rsquo;arm\u00e9e a appel\u00e9 la population de la ville de Gaza (nord) \u00e0 \u00e9vacuer vers la zone d&rsquo;al-Mawassi (sud) d\u00e9clar\u00e9e \u00ab\u00a0humanitaire\u00a0\u00bb depuis plusieurs mois. Mais cette r\u00e9gion a \u00e9t\u00e9 cibl\u00e9e maintes fois par des bombardements isra\u00e9liens meurtriers.\n<\/p>\n<p>\n \u00ab\u00a0Je suis horrifi\u00e9 par l&rsquo;utilisation ouverte d&rsquo;une rh\u00e9torique g\u00e9nocidaire et la d\u00e9shumanisation honteuse des Palestiniens par de hauts responsables isra\u00e9liens\u00a0\u00bb, a dit Volker T\u00fcrk, le Haut-Commissaire de l&rsquo;ONU aux droits de l&rsquo;homme, appelant \u00e0 pr\u00e9venir un g\u00e9nocide dans ce \u00ab\u00a0cimeti\u00e8re\u00a0\u00bb qu&rsquo;est devenu le territoire palestinien.\n<\/p>\n<p>\n L&rsquo;Espagne a, elle, annonc\u00e9 des mesures \u00ab\u00a0pour mettre fin au g\u00e9nocide \u00e0 Gaza\u00a0\u00bb, dont un embargo sur les ventes d&rsquo;armes \u00e0 Isra\u00ebl. En riposte, Isra\u00ebl a accus\u00e9 Madrid de \u00ab\u00a0campagne antis\u00e9mite\u00a0\u00bb, des accusations aussit\u00f4t d\u00e9nonc\u00e9es par l&rsquo;Espagne.\n<\/p>\n<p>\n Consid\u00e9r\u00e9 comme un mouvement terroriste par Isra\u00ebl, les Etats-Unis et l&rsquo;Union europ\u00e9enne, le Hamas pris le pouvoir \u00e0 Gaza en 2007, deux ans apr\u00e8s un retrait unilat\u00e9ral de l&rsquo;arm\u00e9e isra\u00e9lienne de ce territoire qu&rsquo;elle a occup\u00e9 pendant 38 ans.\n<\/p>\n<p>        <img decoding=\"async\" src=\"https:\/\/www.europesays.com\/fr\/wp-content\/uploads\/2025\/09\/6f733e862f759514cb04b9d4a6d2eb57-760x507.jpg\" alt=\"Des Palestiniens fouillent les d\u00e9combres sur le site de l\u2019effondrement d'une tour d'habitations d\u00e9truite par un bombardement isra\u00e9lien, dans la ville de Gaza, le 6 septembre 2025 ( AFP \/ Omar AL-QATTAA )\" loading=\"eager\" width=\"760\" height=\"507\" style=\"max-width: 100%!important; height: auto;\"\/><\/p>\n<p class=\"c-image-news__legend\">Des Palestiniens fouillent les d\u00e9combres sur le site de l\u2019effondrement d&rsquo;une tour d&rsquo;habitations d\u00e9truite par un bombardement isra\u00e9lien, dans la ville de Gaza, le 6 septembre 2025 ( AFP \/ Omar AL-QATTAA )<\/p>\n<p>\n L&rsquo;attaque du 7-Octobre a entra\u00een\u00e9 la mort de 1.219 personnes c\u00f4t\u00e9 isra\u00e9lien, en majorit\u00e9 des civils, selon un d\u00e9compte de l&rsquo;AFP bas\u00e9 sur des donn\u00e9es officielles. Selon l&rsquo;arm\u00e9e, 47 captifs restent retenus \u00e0 Gaza dont 25 pr\u00e9sum\u00e9s morts, sur un total de 251 personnes enlev\u00e9es durant l&rsquo;attaque.\n<\/p>\n<p>\n Les repr\u00e9sailles isra\u00e9liennes ont fait au moins 64.522 morts \u00e0 Gaza, en majorit\u00e9 des femmes et des enfants, selon le minist\u00e8re de la Sant\u00e9 de Gaza.<\/p>\n","protected":false},"excerpt":{"rendered":"Des proches pleurent \u00e0 l&rsquo;h\u00f4pital Al-Chifa de Gaza, devant les corps de deux fillettes de 2 et 5&hellip;\n","protected":false},"author":2,"featured_media":375180,"comment_status":"","ping_status":"","sticky":false,"template":"","format":"standard","meta":{"footnotes":""},"categories":[5],"tags":[400,11,398,408,405,1011,27,403,14,402,399,404,12,401,406,407,28],"class_list":{"0":"post-375179","1":"post","2":"type-post","3":"status-publish","4":"format-standard","5":"has-post-thumbnail","7":"category-international","8":"tag-action-cac-40","9":"tag-actualites","10":"tag-bourse-de-paris","11":"tag-boursorama","12":"tag-cotations","13":"tag-fr","14":"tag-france","15":"tag-indices-devises","16":"tag-international","17":"tag-investir","18":"tag-investissement","19":"tag-marche-boursier","20":"tag-news","21":"tag-sicav","22":"tag-trackers","23":"tag-warrants","24":"tag-world"},"share_on_mastodon":{"url":"https:\/\/pubeurope.com\/@fr\/115168594336486387","error":""},"_links":{"self":[{"href":"https:\/\/www.europesays.com\/fr\/wp-json\/wp\/v2\/posts\/375179","targetHints":{"allow":["GET"]}}],"collection":[{"href":"https:\/\/www.europesays.com\/fr\/wp-json\/wp\/v2\/posts"}],"about":[{"href":"https:\/\/www.europesays.com\/fr\/wp-json\/wp\/v2\/types\/post"}],"author":[{"embeddable":true,"href":"https:\/\/www.europesays.com\/fr\/wp-json\/wp\/v2\/users\/2"}],"replies":[{"embeddable":true,"href":"https:\/\/www.europesays.com\/fr\/wp-json\/wp\/v2\/comments?post=375179"}],"version-history":[{"count":0,"href":"https:\/\/www.europesays.com\/fr\/wp-json\/wp\/v2\/posts\/375179\/revisions"}],"wp:featuredmedia":[{"embeddable":true,"href":"https:\/\/www.europesays.com\/fr\/wp-json\/wp\/v2\/media\/375180"}],"wp:attachment":[{"href":"https:\/\/www.europesays.com\/fr\/wp-json\/wp\/v2\/media?parent=375179"}],"wp:term":[{"taxonomy":"category","embeddable":true,"href":"https:\/\/www.europesays.com\/fr\/wp-json\/wp\/v2\/categories?post=375179"},{"taxonomy":"post_tag","embeddable":true,"href":"https:\/\/www.europesays.com\/fr\/wp-json\/wp\/v2\/tags?post=375179"}],"curies":[{"name":"wp","href":"https:\/\/api.w.org\/{rel}","templated":true}]}}