{"id":375187,"date":"2025-09-08T12:10:15","date_gmt":"2025-09-08T12:10:15","guid":{"rendered":"https:\/\/www.europesays.com\/fr\/375187\/"},"modified":"2025-09-08T12:10:15","modified_gmt":"2025-09-08T12:10:15","slug":"un-espoir-de-reprise-pour-le-site-novasco-de-saint-etienne","status":"publish","type":"post","link":"https:\/\/www.europesays.com\/fr\/375187\/","title":{"rendered":"Un espoir de reprise pour le site NovAsco de Saint-Etienne"},"content":{"rendered":"<p><img loading=\"lazy\" decoding=\"async\" alt=\"\u00a9 Denis Meynard - Les repr\u00e9sentants du personnel du site st\u00e9phanois de NovAsco voient les manifestations d'int\u00e9r\u00eat comme une lueur d'espoir, avant le r\u00e9examen de la situation par la justice le 25 septembre.\" data-zoom-src=\"https:\/\/www.europesays.com\/fr\/wp-content\/uploads\/2025\/09\/initial-novasco-2025.jpg\" data-zoomable=\"\" height=\"702\" src=\"https:\/\/www.europesays.com\/fr\/wp-content\/uploads\/2025\/09\/initial-novasco-2025.jpg\" width=\"1248\"\/>  <\/p>\n<p class=\"article-desc\">\u00a9 Denis Meynard &#8211; Les repr\u00e9sentants du personnel du site st\u00e9phanois de NovAsco voient les manifestations d&rsquo;int\u00e9r\u00eat comme une lueur d&rsquo;espoir, avant le r\u00e9examen de la situation par la justice le 25 septembre. <\/p>\n<p>Des<strong> offres fermes de reprise<\/strong> de <strong>NovAsco<\/strong> (ex-Ascom\u00e9tal), pr\u00e9sent \u00e0 <strong>Saint-\u00c9tienne<\/strong>, et des<strong> lettres d\u2019intention<\/strong> ont bien \u00e9t\u00e9 <strong>d\u00e9pos\u00e9es en fin de semaine <\/strong>derni\u00e8re devant la chambre commerciale du tribunal judiciaire de Strasbourg. Aucune ne concernait le principal site du groupe : celui de l\u2019usine sid\u00e9rurgique mosellane, qui emploie 450 des 740 salari\u00e9s. <\/p>\n<p>La soci\u00e9t\u00e9 ardennaise <strong>M\u00e9tal Blanc<\/strong> s\u2019est positionn\u00e9e pour le seul site de Leffrinckoucke, pr\u00e8s de Dunkerque, dont le laminoir a \u00e9t\u00e9 modernis\u00e9 ces derniers mois. Elle pourrait proposer une reprise globale des quatre sites du groupe NovAsco si la justice commerciale lui accorde un d\u00e9lai suppl\u00e9mentaire.<\/p>\n<p> L\u2019offre la plus aboutie pour NovAsco est port\u00e9e par Europlasma <\/p>\n<p>\u00c0 ce jour, l\u2019offre la plus compl\u00e8te \u00e9mane d\u2019<strong>Europlasma<\/strong>, qui s\u2019\u00e9tait d\u00e9j\u00e0 positionn\u00e9 en 2024, avant de se retirer in-extremis. Ce groupe du Sud-Ouest de la France a r\u00e9alis\u00e9 plusieurs importantes acquisitions dans l\u2019Hexagone ces derni\u00e8res ann\u00e9es (Les Forges de Tarbes en 2021, le fabricant de roues ferroviaires MG Valdunes en 2024 et La Fonderie de Bretagne, en avril dernier). Il se d\u00e9clare int\u00e9ress\u00e9 par le laminoir de Leffrinckoucke (Nord), ainsi que par les ateliers de finition de Custines (Meurthe-et-Moselle) et de <strong>Saint-Etienne.<\/strong><\/p>\n<p>Deux lettres d\u2019intention ont \u00e9t\u00e9 d\u00e9pos\u00e9es. Une \u00e9mane de Babator 2 Limited (filiale de l\u2019actuel actionnaire Greybull) et concerne le laminoir de Dunkerque. L\u2019autre provient du rh\u00f4nalpin <strong>ACI Group<\/strong>, tr\u00e8s implant\u00e9 dans la r\u00e9gion st\u00e9phanoise et porte sur les sites du Nord, de Meurthe-et-Moselle et de la Loire. \u00ab\u00a0Ces manifestations d\u2019int\u00e9r\u00eat nous apportent une lueur d\u2019espoir\u00a0\u00bb, r\u00e9agit le d\u00e9l\u00e9gu\u00e9 syndical CFDT st\u00e9phanois<strong> Lo\u00efc Devis <\/strong>avant le r\u00e9examen de la situation par la justice commerciale le 25 septembre.<\/p>\n","protected":false},"excerpt":{"rendered":"\u00a9 Denis Meynard &#8211; Les repr\u00e9sentants du personnel du site st\u00e9phanois de NovAsco voient les manifestations d&rsquo;int\u00e9r\u00eat comme&hellip;\n","protected":false},"author":2,"featured_media":375188,"comment_status":"","ping_status":"","sticky":false,"template":"","format":"standard","meta":{"footnotes":""},"categories":[9653],"tags":[1111,11,2430,1777,674,1011,27,693,12,25,4001],"class_list":{"0":"post-375187","1":"post","2":"type-post","3":"status-publish","4":"format-standard","5":"has-post-thumbnail","7":"category-saint-etienne","8":"tag-actu","9":"tag-actualites","10":"tag-auvergne-rhone-alpes","11":"tag-eu","12":"tag-europe","13":"tag-fr","14":"tag-france","15":"tag-industrie","16":"tag-news","17":"tag-republique-francaise","18":"tag-saint-etienne"},"share_on_mastodon":{"url":"https:\/\/pubeurope.com\/@fr\/115168610016294290","error":""},"_links":{"self":[{"href":"https:\/\/www.europesays.com\/fr\/wp-json\/wp\/v2\/posts\/375187","targetHints":{"allow":["GET"]}}],"collection":[{"href":"https:\/\/www.europesays.com\/fr\/wp-json\/wp\/v2\/posts"}],"about":[{"href":"https:\/\/www.europesays.com\/fr\/wp-json\/wp\/v2\/types\/post"}],"author":[{"embeddable":true,"href":"https:\/\/www.europesays.com\/fr\/wp-json\/wp\/v2\/users\/2"}],"replies":[{"embeddable":true,"href":"https:\/\/www.europesays.com\/fr\/wp-json\/wp\/v2\/comments?post=375187"}],"version-history":[{"count":0,"href":"https:\/\/www.europesays.com\/fr\/wp-json\/wp\/v2\/posts\/375187\/revisions"}],"wp:featuredmedia":[{"embeddable":true,"href":"https:\/\/www.europesays.com\/fr\/wp-json\/wp\/v2\/media\/375188"}],"wp:attachment":[{"href":"https:\/\/www.europesays.com\/fr\/wp-json\/wp\/v2\/media?parent=375187"}],"wp:term":[{"taxonomy":"category","embeddable":true,"href":"https:\/\/www.europesays.com\/fr\/wp-json\/wp\/v2\/categories?post=375187"},{"taxonomy":"post_tag","embeddable":true,"href":"https:\/\/www.europesays.com\/fr\/wp-json\/wp\/v2\/tags?post=375187"}],"curies":[{"name":"wp","href":"https:\/\/api.w.org\/{rel}","templated":true}]}}