{"id":375193,"date":"2025-09-08T12:13:10","date_gmt":"2025-09-08T12:13:10","guid":{"rendered":"https:\/\/www.europesays.com\/fr\/375193\/"},"modified":"2025-09-08T12:13:10","modified_gmt":"2025-09-08T12:13:10","slug":"a-toulon-une-soixantaine-de-personnes-pour-preparer-le-blocage-du-10-septembre-2","status":"publish","type":"post","link":"https:\/\/www.europesays.com\/fr\/375193\/","title":{"rendered":"\u00c0 Toulon, une soixantaine de personnes pour pr\u00e9parer le blocage du 10 septembre"},"content":{"rendered":"<p>\u00ab\u00a0Vous avez rat\u00e9 2018? Ne ratez pas le 10 septembre.\u00a0\u00bb La r\u00e9f\u00e9rence au mouvement des Gilets jaunes est claire. Et pour ceux qui ne l\u2019auraient pas saisie, ce slogan s\u2019\u00e9tale sur une grande banderole\u2026 jaune. Elle est brandie par quelques-unes des soixante personnes environ, r\u00e9unies au Parc des Lices \u00e0 Toulon en milieu de semaine derni\u00e8re. Objectif : pr\u00e9parer le \u00ab\u00a0blocage\u00a0\u00bb de mercredi.<\/p>\n<p>En l\u2019occurrence, si certains des participants sont effectivement d\u2019anciens des manifs du samedi en 2018 et 2019, d\u2019autres sont issus de rangs syndicaux. On discute d\u2019abord de ce qui a conduit \u00e0 cette id\u00e9e de nouvelle mobilisation citoyenne. Entre sentiment de trahison et \u00e9c\u0153urement face aux politiques des gouvernements successifs sous Emmanuel Macron, en t\u00eate celui de Fran\u00e7ois Bayrou et ses choix budg\u00e9taires. Si des \u00e9clats de voix se font entendre, ils t\u00e9moignent seulement de l\u2019enjeu. L\u2019entente, elle, reste cordiale.<\/p>\n<p>Au lyc\u00e9e, au centre commercial\u2026<\/p>\n<p>Des propositions apparaissent ensuite. On parle d\u2019abord de bloquer le lyc\u00e9e Dumont-d\u2019Urville \u00e0 Toulon. Des enseignants indiquent d\u2019ailleurs qu\u2019ils t\u00e2cheront de mobiliser dans leurs \u00e9tablissements. Il est aussi question de se positionner du c\u00f4t\u00e9 de L\u2019Avenue\u00a083. Certains \u00e9voquent le rond-point de Bandol (\u00e0 la sortie de l\u2019autoroute), mais aussi des sites synonymes d\u2019\u00e9conomie dans le Var : le parc d\u2019activit\u00e9s du plateau de Signes, la zone industrielle de Toulon-est\u2026<\/p>\n<p>Si des propositions semblent adopt\u00e9es (lyc\u00e9e Dumont, L\u2019Avenue\u00a083), rien ne dit que la mobilisation se positionne r\u00e9ellement l\u00e0 mercredi. Parmi les participants, une jeune femme propose d\u2019ailleurs que ces d\u00e9tails ne soient \u00e9voqu\u00e9s qu\u2019en petits groupes, sans enregistrement vid\u00e9o, afin que les d\u00e9cisions ne fuitent pas. \u00ab\u00a0De toute fa\u00e7on,\u00a0lance quelqu\u2019un d\u2019autre dans le groupe,\u00a0on le sait : la police sera au courant!\u00a0\u00bb\u00a0Une autre voix se fait entendre sur \u00ab\u00a0les cons\u00e9quences d\u2019avoir \u00e9t\u00e9 mal vus\u00a0\u00bb, notamment par les petits commer\u00e7ants. On appelle \u00e0 la vigilance en m\u00eame temps qu\u2019on mart\u00e8le: \u00ab\u00a0On n\u2019a plus le choix!\u00a0\u00bb<\/p>\n<p>Ce lundi soir sera peut-\u00eatre l\u2019occasion de pr\u00e9ciser le \u00ab\u00a0programme\u00a0\u00bb: un rendez-vous est fix\u00e9 \u00e0 18 heures du c\u00f4t\u00e9 du Carr\u00e9 du port \u00e0 Toulon. Ils l\u2019annoncent: ce sera le pot de d\u00e9part de Fran\u00e7ois Bayrou.<\/p>\n","protected":false},"excerpt":{"rendered":"\u00ab\u00a0Vous avez rat\u00e9 2018? Ne ratez pas le 10 septembre.\u00a0\u00bb La r\u00e9f\u00e9rence au mouvement des Gilets jaunes est&hellip;\n","protected":false},"author":2,"featured_media":375065,"comment_status":"","ping_status":"","sticky":false,"template":"","format":"standard","meta":{"footnotes":""},"categories":[9619],"tags":[1111,11,1777,674,1011,27,12,882,25,801,2310],"class_list":{"0":"post-375193","1":"post","2":"type-post","3":"status-publish","4":"format-standard","5":"has-post-thumbnail","7":"category-toulon","8":"tag-actu","9":"tag-actualites","10":"tag-eu","11":"tag-europe","12":"tag-fr","13":"tag-france","14":"tag-news","15":"tag-provence-alpes-cote-dazur","16":"tag-republique-francaise","17":"tag-social","18":"tag-toulon"},"share_on_mastodon":{"url":"https:\/\/pubeurope.com\/@fr\/115168621887769262","error":""},"_links":{"self":[{"href":"https:\/\/www.europesays.com\/fr\/wp-json\/wp\/v2\/posts\/375193","targetHints":{"allow":["GET"]}}],"collection":[{"href":"https:\/\/www.europesays.com\/fr\/wp-json\/wp\/v2\/posts"}],"about":[{"href":"https:\/\/www.europesays.com\/fr\/wp-json\/wp\/v2\/types\/post"}],"author":[{"embeddable":true,"href":"https:\/\/www.europesays.com\/fr\/wp-json\/wp\/v2\/users\/2"}],"replies":[{"embeddable":true,"href":"https:\/\/www.europesays.com\/fr\/wp-json\/wp\/v2\/comments?post=375193"}],"version-history":[{"count":0,"href":"https:\/\/www.europesays.com\/fr\/wp-json\/wp\/v2\/posts\/375193\/revisions"}],"wp:featuredmedia":[{"embeddable":true,"href":"https:\/\/www.europesays.com\/fr\/wp-json\/wp\/v2\/media\/375065"}],"wp:attachment":[{"href":"https:\/\/www.europesays.com\/fr\/wp-json\/wp\/v2\/media?parent=375193"}],"wp:term":[{"taxonomy":"category","embeddable":true,"href":"https:\/\/www.europesays.com\/fr\/wp-json\/wp\/v2\/categories?post=375193"},{"taxonomy":"post_tag","embeddable":true,"href":"https:\/\/www.europesays.com\/fr\/wp-json\/wp\/v2\/tags?post=375193"}],"curies":[{"name":"wp","href":"https:\/\/api.w.org\/{rel}","templated":true}]}}