{"id":375198,"date":"2025-09-08T12:16:19","date_gmt":"2025-09-08T12:16:19","guid":{"rendered":"https:\/\/www.europesays.com\/fr\/375198\/"},"modified":"2025-09-08T12:16:19","modified_gmt":"2025-09-08T12:16:19","slug":"quels-sont-les-chantiers-de-renovation-du-patrimoine-local","status":"publish","type":"post","link":"https:\/\/www.europesays.com\/fr\/375198\/","title":{"rendered":"quels sont les chantiers de r\u00e9novation du patrimoine local\u00a0?"},"content":{"rendered":"<p>            Par<br \/>\n        <strong><br \/>\n            <a href=\"https:\/\/actu.fr\/auteur\/jm-aubert\" title=\"Consulter tous les articles de Jean-Marc Aubert\" rel=\"nofollow noopener\" target=\"_blank\">Jean-Marc Aubert<\/a><br \/>\n        <\/strong><\/p>\n<p>        Publi\u00e9 le<\/p>\n<p>            8 sept. 2025 \u00e0 13h22        <\/p>\n<p>\u00c0 douze kilom\u00e8tres \u00e0 l\u2019est de Montpellier, <strong>Vendargues, <\/strong>7 300 habitants,\u00a0investit dans son patrimoine, pour la qualit\u00e9 de vie et pour l\u2019avenir. Des chantiers sont en cours, \u00e0 six mois des \u00e9lections municipales.<\/p>\n<p class=\" wall-content\">D\u2019ici quelques mois, la r\u00e9novation de la maison Serre b\u00e2timent \u00e0 la fois embl\u00e9matique et patrimonial sera termin\u00e9e. CCAS (Centre communal et d\u2019action sociale) et association des Ain\u00e9s de la Cadoule retrouveront leurs locaux, honorant ainsi la m\u00e9moire de Paul Serre, qui en a fait don \u00e0 la commune en 1934.<\/p>\n<p>    <a href=\"https:\/\/www.google.com\/maps\/embed?pb=!1m18!1m12!1m3!1d3902.409504394549!2d3.9672873822421666!3d43.65674089125714!2m3!1f0!2f0!3f0!3m2!1i1024!2i768!4f13.1!3m3!1m2!1s0x12b6a6bdaa9be8d9%3A0x68a26cff93da84db!2sMairie%20de%20Vendargues!5e0!3m2!1sfr!2sfr!4v1757310571289!5m2!1sfr!2sfr\" title=\"Ouvrie le lien\" rel=\"nofollow noopener\" target=\"_blank\">Cliquez ici pour visualiser le contenu<\/a><\/p>\n<p class=\" wall-content\">Ce projet suit l\u2019inauguration r\u00e9cente du parvis de l\u2019\u00c9glise au coeur du village, qui a \u00e9t\u00e9 grandi avec un <strong>rev\u00eatement s\u00e9curis\u00e9 pour les usagers,<\/strong> ainsi que de l\u2019acc\u00e8s au parc attenant, et pr\u00e9c\u00e8de la r\u00e9novation en cours du presbyt\u00e8re, et \u00e0 venir de l\u2019ancienne biblioth\u00e8que-\u00e9cole des gar\u00e7ons.<\/p>\n<p>    <img   decoding=\"async\" loading=\"lazy\" src=\"https:\/\/www.europesays.com\/fr\/wp-content\/uploads\/2025\/09\/unnamed-4-960x640.jpg\" alt=\"La maison Pierre Serres c\u00e9d\u00e9e \u00e0 la Ville de Vendargues en 1934\" width=\"960\" height=\"640\"\/><br \/>\n    La maison que Paul Serre a c\u00e9d\u00e9e \u00e0 la Ville de Vendargues en 1934 (\u00a9JMA \/ M\u00e9tropolitain)Vid\u00e9os : en ce moment sur Actu<\/p>\n<p class=\" wall-content\">\u00c0 terme, avec celle partielle, mais n\u00e9cessaire de l\u2019h\u00f4tel de ville, les quatre b\u00e2timents structurant le c\u0153ur de Vendargues, auront ainsi \u00e9t\u00e9 mis en valeur. 2025 voit \u00e9galement la livraison des voiries et espaces publics du quartier de la Poste, qui concourent eux aussi \u00e0 l\u2019attractivit\u00e9 du centre-ville pour tous, et \u00e0 l\u2019accompagnement et la dynamisation des commerces.<\/p>\n<p class=\" wall-content\">Trottoirs \u00e9largis, cr\u00e9ation d\u2019espaces verts, accessibilit\u00e9 normalis\u00e9e, places de stationnement conserv\u00e9es, sont l\u2019essentiel des travaux de surface, auxquels il faut ajouter la reprise des r\u00e9seaux souterrains et d\u2019esth\u00e9tique \u00e9lectrique.<\/p>\n<p>Votre r\u00e9gion, votre actu !<\/p>\n<p>Recevez chaque jour les infos qui comptent pour vous.<\/p>\n<p>\t<a href=\"https:\/\/actu.fr\/newsletter\" class=\"ac-btn ac-btn--corner ac-btn--medium ac-btn--blue800\" rel=\"nofollow noopener\" target=\"_blank\">S&rsquo;incrire<\/a><\/p>\n<p>    <img   decoding=\"async\" loading=\"lazy\" src=\"https:\/\/www.europesays.com\/fr\/wp-content\/uploads\/2025\/09\/unnamed-1-960x640.jpg\" alt=\"Un secteur du centre-ville refait \u00e0 neuf \" width=\"960\" height=\"640\"\/><br \/>\n    Un secteur du centre-ville refait \u00e0 neuf (\u00a9JMA \/ M\u00e9tropolitain)5M\u20ac de travaux<\/p>\n<p class=\" wall-content\">Et la liste n\u2019est pas close : va s\u2019ajouter dans les semaines \u00e0 venir, la pose d\u2019une signal\u00e9tique d\u00e9di\u00e9e au riche tissu commercial de proximit\u00e9. Preuve de l\u2019objectif partag\u00e9 de ces travaux, ils ont tous \u00e9t\u00e9 tr\u00e8s largement subventionn\u00e9s par l\u2019\u00c9tat, la R\u00e9gion, le Conseil d\u00e9partemental et la M\u00e9tropole de Montpellier, sans oublier bien sur les imp\u00f4ts des Vendarguois.<\/p>\n<p class=\" wall-content\">Au total la manne de ces travaux d\u00e9passe 5 millions d\u2019euros. La page de l\u2019\u00e8re Pierre Dudieuz\u00e8re est tourn\u00e9e, celle de Guy Lauret, qui fut son premier adjoint, est en train de s\u2019\u00e9crire.\u00a0<\/p>\n<p class=\" wall-content\">Personnalisez votre actualit\u00e9 en ajoutant vos villes et m\u00e9dias en favori avec <a href=\"https:\/\/moncompte.actu.fr\" title=\"D\u00e9couvez Mon Actu\" rel=\"nofollow noopener\" data-trk=\"{&quot;cta&quot;:{&quot;action&quot;:&quot;https:\\\/\\\/moncompte.actu.fr&quot;,&quot;category&quot;:&quot;mon compte&quot;,&quot;from&quot;:&quot;article footer&quot;,&quot;name&quot;:&quot;Mon actu&quot;,&quot;type&quot;:&quot;cta&quot;}}\" target=\"_blank\">Mon Actu<\/a>.<\/p>\n","protected":false},"excerpt":{"rendered":"Par Jean-Marc Aubert Publi\u00e9 le 8 sept. 2025 \u00e0 13h22 \u00c0 douze kilom\u00e8tres \u00e0 l\u2019est de Montpellier, Vendargues,&hellip;\n","protected":false},"author":2,"featured_media":375199,"comment_status":"","ping_status":"","sticky":false,"template":"","format":"standard","meta":{"footnotes":""},"categories":[9599],"tags":[1111,11,33,1777,674,1011,27,2208,12,2680,25],"class_list":{"0":"post-375198","1":"post","2":"type-post","3":"status-publish","4":"format-standard","5":"has-post-thumbnail","7":"category-montpellier","8":"tag-actu","9":"tag-actualites","10":"tag-economie","11":"tag-eu","12":"tag-europe","13":"tag-fr","14":"tag-france","15":"tag-montpellier","16":"tag-news","17":"tag-occitanie","18":"tag-republique-francaise"},"share_on_mastodon":{"url":"https:\/\/pubeurope.com\/@fr\/115168633562570004","error":""},"_links":{"self":[{"href":"https:\/\/www.europesays.com\/fr\/wp-json\/wp\/v2\/posts\/375198","targetHints":{"allow":["GET"]}}],"collection":[{"href":"https:\/\/www.europesays.com\/fr\/wp-json\/wp\/v2\/posts"}],"about":[{"href":"https:\/\/www.europesays.com\/fr\/wp-json\/wp\/v2\/types\/post"}],"author":[{"embeddable":true,"href":"https:\/\/www.europesays.com\/fr\/wp-json\/wp\/v2\/users\/2"}],"replies":[{"embeddable":true,"href":"https:\/\/www.europesays.com\/fr\/wp-json\/wp\/v2\/comments?post=375198"}],"version-history":[{"count":0,"href":"https:\/\/www.europesays.com\/fr\/wp-json\/wp\/v2\/posts\/375198\/revisions"}],"wp:featuredmedia":[{"embeddable":true,"href":"https:\/\/www.europesays.com\/fr\/wp-json\/wp\/v2\/media\/375199"}],"wp:attachment":[{"href":"https:\/\/www.europesays.com\/fr\/wp-json\/wp\/v2\/media?parent=375198"}],"wp:term":[{"taxonomy":"category","embeddable":true,"href":"https:\/\/www.europesays.com\/fr\/wp-json\/wp\/v2\/categories?post=375198"},{"taxonomy":"post_tag","embeddable":true,"href":"https:\/\/www.europesays.com\/fr\/wp-json\/wp\/v2\/tags?post=375198"}],"curies":[{"name":"wp","href":"https:\/\/api.w.org\/{rel}","templated":true}]}}