{"id":375250,"date":"2025-09-08T12:46:13","date_gmt":"2025-09-08T12:46:13","guid":{"rendered":"https:\/\/www.europesays.com\/fr\/375250\/"},"modified":"2025-09-08T12:46:13","modified_gmt":"2025-09-08T12:46:13","slug":"paris-paralyse-transports-ecoles-hopitaux-voici-ce-quil-faut-savoir-avant-de-sortir-ce-mercredi","status":"publish","type":"post","link":"https:\/\/www.europesays.com\/fr\/375250\/","title":{"rendered":"Paris paralys\u00e9 ? Transports, \u00e9coles, h\u00f4pitaux&#8230; Voici ce qu\u2019il faut savoir avant de sortir ce mercredi !"},"content":{"rendered":"<p>\t\t\t\t\t\t\t\t\t\t\t\t\t\t\t\t\t\t\t\t\t\t<img decoding=\"async\" fetchpriority=\"high\" src=\"https:\/\/www.europesays.com\/fr\/wp-content\/uploads\/2025\/09\/Montage-photo-article-PARIS-SECRET-OFFICIEL-1620-x-1080-px-2025-09-08T132052.783-1024x683.jpg\" class=\"img-fluid\" alt=\"Gr\u00e8ves Paris\" width=\"1024\" height=\"683\"\/><br \/>\n\t\t\t\t\t\t\t\t\t\t\t\t\t\t\t\t\t\t\t\t\t\tGr\u00e8ves Paris @canva<\/p>\n<p>D\u00e8s ce <strong>mercredi 10 septembre<\/strong>, vous risquez de rencontrer beaucoup de <strong>difficult\u00e9s pour vous d\u00e9placer<\/strong>\u2026 Un <strong>immense appel \u00e0 la gr\u00e8ve g\u00e9n\u00e9rale<\/strong> a \u00e9t\u00e9 lanc\u00e9 il y a quelques semaines avec pour objectif de <strong>\u00ab tout bloquer \u00bb<\/strong> : <strong>\u00e9coles, h\u00f4pitaux, routes, train, m\u00e9tro, a\u00e9roport<\/strong>\u2026 tout risque d\u2019\u00eatre gel\u00e9. Un signe fort pour manifester contre l\u2019aust\u00e9rit\u00e9 budg\u00e9taire actuelle. Voici les derni\u00e8res informations\u2026<\/p>\n<p> RATP : les m\u00e9tros fortement impact\u00e9s pendant cette gr\u00e8ve \u00e0 Paris <\/p>\n<p>Pour l\u2019instant, aucune <strong>annonce officielle<\/strong> de la part de la <strong>RATP<\/strong>. Selon<strong> Le Parisien,<\/strong> on sait que les <strong>quatre syndicats principaux<\/strong> appellent \u00e0 une <strong>manifestation massive<\/strong> le <strong>18 septembre<\/strong>. Le syndicat <strong>La Base<\/strong>, <strong>majoritaire<\/strong> chez les <strong>conducteurs de RER<\/strong>, appelle \u00e0 la gr\u00e8ve \u00ab sous toutes les formes possibles \u00bb. Ces groupes repr\u00e9senteraient <strong>90 % des agents de la RATP<\/strong>\u2026<\/p>\n<p>Pour l\u2019instant, seule la <strong>ligne R<\/strong>, reliant la <strong>gare de Lyon<\/strong> \u00e0 <strong>Montereau<\/strong> \u00e0 <strong>Montargis<\/strong>, a indiqu\u00e9 un trafic <strong>fortement perturb\u00e9<\/strong> le <strong>10 septembre<\/strong>. Le <strong>RER D<\/strong> devrait \u00e9galement \u00eatre perturb\u00e9.<\/p>\n<p> Les trains et les m\u00e9tros d\u00e9j\u00e0 perturb\u00e9s \u00e0 Paris : <\/p>\n<ul>\n<li><strong>Ligne 6<\/strong> : l\u2019arr\u00eat <strong>Cambronne<\/strong> n\u2019est pas desservi jusqu\u2019au <strong>28 septembre<\/strong><\/li>\n<li><strong>Ligne 10<\/strong> : Jusqu\u2019au <strong>2 octobre<\/strong>, du dimanche au jeudi, les soirs d\u00e8s <strong>22h30<\/strong>, le trafic est interrompu sur <strong>toute la ligne<\/strong> en raison de <strong>travaux de modernisation<\/strong><\/li>\n<li><strong>RER A<\/strong> : jusqu\u2019au <strong>10 octobre<\/strong>, d\u00e8s <strong>22h45<\/strong>, le trafic est interrompu entre <strong>Paris Gare du Nord<\/strong> et <strong>A\u00e9roport Charles De Gaulle 2-TGV\/Mitry-Claye<\/strong><\/li>\n<li><strong>RER B<\/strong> : ce <strong>week-end<\/strong>, le trafic sera interrompu entre <strong>Paris Nord<\/strong> et <strong>A\u00e9roport CDG2-TGV<\/strong><\/li>\n<li><strong>RER D<\/strong> : jusqu\u2019au <strong>31 octobre<\/strong>, du lundi au vendredi \u00e0 partir de <strong>23h20<\/strong>, le trafic est interrompu entre <strong>Gare du Nord<\/strong> et <strong>Creil<\/strong> en raison de <strong>travaux<\/strong><\/li>\n<li><strong>Ligne J<\/strong> : les <strong>week-ends<\/strong> du <strong>13-14<\/strong> et <strong>20-21 septembre<\/strong>, le trafic est interrompu entre <strong>Paris Saint-Lazare<\/strong> et <strong>Val de Reuil<\/strong><\/li>\n<li><strong>Ligne K<\/strong> : jusqu\u2019au <strong>19 d\u00e9cembre<\/strong> en soir\u00e9e, le trafic est interrompu entre <strong>Paris Gare du Nord<\/strong> et <strong>Cr\u00e9py-en-Valois<\/strong><\/li>\n<li><strong>Ligne L<\/strong> : les <strong>week-ends<\/strong> des <strong>13-14, 20-21, 27-28 septembre<\/strong> et <strong>04-05 octobre<\/strong>, le trafic est interrompu entre <strong>Suresnes Mont Val\u00e9rien<\/strong> et <strong>Versailles Rive Droite \/ Saint-Nom-la-Bret\u00e8che<\/strong><\/li>\n<li><strong>Ligne N<\/strong> : jusqu\u2019au <strong>12 d\u00e9cembre<\/strong>, le trafic est interrompu entre <strong>Paris Est<\/strong> et <strong>Coulommiers<\/strong> en semaine \u00e0 partir de <strong>21h30<\/strong><\/li>\n<li><strong>Ligne R<\/strong> : jusqu\u2019au <strong>19 septembre<\/strong>, le trafic est interrompu entre <strong>Melun<\/strong> et <strong>Montereau via H\u00e9ricy<\/strong><\/li>\n<li><strong>Ligne U<\/strong> : jusqu\u2019au <strong>12 septembre<\/strong>, le trafic est interrompu entre <strong>La D\u00e9fense<\/strong> et <strong>La Verri\u00e8re<\/strong><\/li>\n<\/ul>\n<p> SNCF : votre voyage fortement impact\u00e9 par la gr\u00e8ve \u00e0 Paris <\/p>\n<p>Malheureusement, la SNCF ne sera pas \u00e9pargn\u00e9e par cet immense mouvement social. La CGT Cheminots a appel\u00e9 tous les employ\u00e9s \u00e0 participer activement et massivement \u00e0 cette gr\u00e8ve. Tous les voyageurs concern\u00e9s devront consulter <strong>les informations de la SNCF 24 \u00e0 48 h avant leurs d\u00e9placements afin de savoir s\u2019ils sont concern\u00e9s<\/strong>.<\/p>\n<p> Sur les routes : des blocages sur le p\u00e9riph\u00e9rique parisien d\u00e8s 7 h du matin <\/p>\n<p>Vous vous en doutez, les routes ne seront pas exempt\u00e9es. Pour cette immense op\u00e9ration \u00ab bloquons tout \u00bb, des bouchons et des <strong>blocages des routes devraient \u00eatre effectu\u00e9s d\u00e8s 7 h du matin<\/strong>, selon le collectif \u00ab Peuple R\u00e9volt\u00e9 \u00bb.<\/p>\n<p> H\u00f4pitaux, \u00e9coles, universit\u00e9s : un blocus attendu <\/p>\n<p>Les <strong>h\u00f4pitaux d\u2019\u00cele-de-France<\/strong> devraient aussi \u00eatre fortement concern\u00e9s par cette gr\u00e8ve. Il en va de m\u00eame pour les <strong>\u00e9coles, les lyc\u00e9es et les universit\u00e9s<\/strong> <strong>qui sont appel\u00e9s au<\/strong> <strong>blocus<\/strong>.<\/p>\n<p>Dans tous les cas, et si vous le pouvez, privil\u00e9giez le t\u00e9l\u00e9travail et \u00e9vitez les transports en commun.<\/p>\n<p> \u00c0 lire aussi : <a href=\"https:\/\/parissecret.com\/pass-navigo-choses-a-savoir\/\" rel=\"noopener noreferrer nofollow\" target=\"_self\" class=\"shortcode-outbound-link\" data-has-ga=\"true\" data-ga-type=\"click\" data-label=\"https:\/\/parissecret.com\/pass-navigo-choses-a-savoir\/\" data-action=\"text_cta_0\" data-category=\"click_internal\">Huit choses que vous ne saviez peut-\u00eatre pas sur le pass Navigo<\/a> <\/p>\n","protected":false},"excerpt":{"rendered":"Gr\u00e8ves Paris @canva D\u00e8s ce mercredi 10 septembre, vous risquez de rencontrer beaucoup de difficult\u00e9s pour vous d\u00e9placer\u2026&hellip;\n","protected":false},"author":2,"featured_media":375251,"comment_status":"","ping_status":"","sticky":false,"template":"","format":"standard","meta":{"footnotes":""},"categories":[1888],"tags":[11,1777,674,1011,27,12,626,25],"class_list":{"0":"post-375250","1":"post","2":"type-post","3":"status-publish","4":"format-standard","5":"has-post-thumbnail","7":"category-paris","8":"tag-actualites","9":"tag-eu","10":"tag-europe","11":"tag-fr","12":"tag-france","13":"tag-news","14":"tag-paris","15":"tag-republique-francaise"},"share_on_mastodon":{"url":"","error":""},"_links":{"self":[{"href":"https:\/\/www.europesays.com\/fr\/wp-json\/wp\/v2\/posts\/375250","targetHints":{"allow":["GET"]}}],"collection":[{"href":"https:\/\/www.europesays.com\/fr\/wp-json\/wp\/v2\/posts"}],"about":[{"href":"https:\/\/www.europesays.com\/fr\/wp-json\/wp\/v2\/types\/post"}],"author":[{"embeddable":true,"href":"https:\/\/www.europesays.com\/fr\/wp-json\/wp\/v2\/users\/2"}],"replies":[{"embeddable":true,"href":"https:\/\/www.europesays.com\/fr\/wp-json\/wp\/v2\/comments?post=375250"}],"version-history":[{"count":0,"href":"https:\/\/www.europesays.com\/fr\/wp-json\/wp\/v2\/posts\/375250\/revisions"}],"wp:featuredmedia":[{"embeddable":true,"href":"https:\/\/www.europesays.com\/fr\/wp-json\/wp\/v2\/media\/375251"}],"wp:attachment":[{"href":"https:\/\/www.europesays.com\/fr\/wp-json\/wp\/v2\/media?parent=375250"}],"wp:term":[{"taxonomy":"category","embeddable":true,"href":"https:\/\/www.europesays.com\/fr\/wp-json\/wp\/v2\/categories?post=375250"},{"taxonomy":"post_tag","embeddable":true,"href":"https:\/\/www.europesays.com\/fr\/wp-json\/wp\/v2\/tags?post=375250"}],"curies":[{"name":"wp","href":"https:\/\/api.w.org\/{rel}","templated":true}]}}