{"id":375276,"date":"2025-09-08T13:02:12","date_gmt":"2025-09-08T13:02:12","guid":{"rendered":"https:\/\/www.europesays.com\/fr\/375276\/"},"modified":"2025-09-08T13:02:12","modified_gmt":"2025-09-08T13:02:12","slug":"de-21e-a-7e-cette-fois-pecco-bagnaia-refuse-de-semballer","status":"publish","type":"post","link":"https:\/\/www.europesays.com\/fr\/375276\/","title":{"rendered":"De 21e \u00e0 7e, cette fois Pecco Bagnaia refuse de s&#8217;emballer"},"content":{"rendered":"<p>On ne l&rsquo;y reprendra pas. \u00c0 plusieurs reprises cette ann\u00e9e, <a href=\"https:\/\/fr.motorsport.com\/driver\/pecco-bagnaia\/109394\/\" target=\"_blank\" rel=\"noopener nofollow\">Pecco Bagnaia<\/a> a termin\u00e9 un week-end de course en sentant qu&rsquo;il avait potentiellement trouv\u00e9 la solution \u00e0 ses probl\u00e8mes. En Hongrie, il \u00e9tait m\u00eame reparti reboost\u00e9 comme jamais, au point d&rsquo;\u00eatre <a href=\"https:\/\/fr.motorsport.com\/motogp\/news\/bagnaia-galvanise-changements-hongrie-ducati\/10756414\/\" target=\"_self\" rel=\"noopener nofollow\">arriv\u00e9 \u00e0 Barcelone convaincu que, cette fois, il avait bel et bien entam\u00e9 sa remont\u00e9e<\/a>. Il avait touch\u00e9 le fond et enfin trouv\u00e9 la cl\u00e9 qui allait tout changer&#8230;<\/p>\n<p>Les premiers essais du week-end catalan n&rsquo;en ont \u00e9t\u00e9 que plus difficiles \u00e0 dig\u00e9rer. Rel\u00e9gu\u00e9 au-del\u00e0 des 20 premiers vendredi, puis 17e des EL2, il a d\u00e9croch\u00e9 ce qui est sa plus faible qualification \u00e0 la r\u00e9guli\u00e8re en prenant la 21e place sur la grille\u00a0&#8211;\u00a0il lui est arriv\u00e9, il y a trois ans, de partir 25e mais apr\u00e8s avoir manqu\u00e9 les qualifications. Au sprint, pas de miracle, Bagnaia s&rsquo;est class\u00e9 14e, \u00e0 14 secondes et demie de son co\u00e9quipier, vainqueur pour la \u00e9ni\u00e8me fois.<\/p>\n<p>Alors en bouclant une journ\u00e9e bien plus convaincante dimanche, le pilote italien a donc tenu \u00e0 rester extr\u00eamement prudent.\u00a0\u00ab\u00a0Franchement, je ne veux pas refaire comme au Balaton. J&rsquo;\u00e9tais arriv\u00e9 \u00e0 ici en \u00e9tant convaincu de pouvoir \u00eatre comp\u00e9titif. Je vais prendre un peu de recul et attendre Misano pour voir ce que je peux faire\u00a0\u00bb, a-t-il pr\u00e9venu, gardant pour lui le fait qu&rsquo;il compte sur la meilleure adh\u00e9rence offerte par son circuit maison pour se montrer plus fringant.<\/p>\n<p>Lire aussi :<\/p>\n<p>Dimanche, \u00e0 Barcelone, Bagnaia a en tout cas montr\u00e9 un autre visage par rapport aux deux jours pr\u00e9c\u00e9dents. Cinqui\u00e8me du warm-up, il a surtout op\u00e9r\u00e9 une belle remont\u00e9e pendant la course. Un excellent d\u00e9part lui a d&#8217;embl\u00e9e fait gagner neuf places, puis il a profit\u00e9 de l&rsquo;accrochage entre <a href=\"https:\/\/fr.motorsport.com\/driver\/franco-morbidelli\/109417\/\" target=\"_blank\" rel=\"noopener nofollow\">Franco Morbidelli<\/a> et <a href=\"https:\/\/fr.motorsport.com\/driver\/marco-bezzecchi\/441839\/\" target=\"_blank\" rel=\"noopener nofollow\">Marco Bezzecchi<\/a> pour gagner deux positions suppl\u00e9mentaires. Par la suite, il allait parvenir \u00e0 d\u00e9passer <a href=\"https:\/\/fr.motorsport.com\/driver\/fabio-di-giannantonio\/289538\/\" target=\"_blank\" rel=\"noopener nofollow\">Fabio Di Giannantonio<\/a> et \u00e0 se rapprocher de <a href=\"https:\/\/fr.motorsport.com\/driver\/fabio-quartararo\/109400\/\" target=\"_blank\" rel=\"noopener nofollow\">Fabio Quartararo<\/a>, mais sans trouver l&rsquo;ouverture sur le Fran\u00e7ais, son pneu arri\u00e8re ayant souffert de cette premi\u00e8re dizaine de tours \u00e0 l&rsquo;attaque.<\/p>\n<p>Finalement septi\u00e8me, soit deux rangs plus haut qu&rsquo;au Balaton Park, Pecco Bagnaia a dress\u00e9 le bilan de sa journ\u00e9e avec le sourire mais sans trop s&rsquo;avancer sur les conclusions \u00e0 en tirer.\u00a0\u00a0\u00ab\u00a0Au Balaton, j&rsquo;\u00e9tais assez satisfait, m\u00eame si je n&rsquo;\u00e9tais \u00e9videmment pas content de mon r\u00e9sultat. Aujourd&rsquo;hui, je ne suis pas satisfait \u00e0 100% de mon r\u00e9sultat, mais en partant 21e je ne pouvais pas imaginer plus\u00a0\u00bb, a-t-il observ\u00e9.<\/p>\n<p>\u00ab\u00a0Jusqu&rsquo;\u00e0 la mi-course, j&rsquo;\u00e9tais content parce que je roulais tr\u00e8s bien. J&rsquo;avais r\u00e9ussi \u00e0 bien r\u00e9cup\u00e9rer et \u00e0 rattraper Quartararo, mais \u00e0 partir de l\u00e0 j&rsquo;ai commenc\u00e9 \u00e0 marquer un peu le pas. J&rsquo;ai un peu pay\u00e9 le fait d&rsquo;avoir plus sollicit\u00e9 le pneu arri\u00e8re pour remonter. Dans les trois ou quatre derniers tours, j&rsquo;\u00e9tais vraiment en difficult\u00e9 \u00e0 l&rsquo;arri\u00e8re, je n&rsquo;arrivais plus \u00e0 acc\u00e9l\u00e9rer.\u00a0\u00bb<\/p>\n<p>   <img decoding=\"async\" draggable=\"false\" src=\"https:\/\/www.europesays.com\/fr\/wp-content\/uploads\/2025\/09\/1757336532_592_francesco-bagnaia-ducati-team.jpg\" alt=\"Pecco Bagnaia gardera-t-il son sourire \u00e0 Misano ?\" width=\"1200\" height=\"800\" loading=\"lazy\"\/> <\/p>\n<p class=\"title\">Pecco Bagnaia gardera-t-il son sourire \u00e0 Misano ?<\/p>\n<p class=\"photographer\">Photo de: Gold and Goose Photography \/ LAT Images \/ via Getty Images<\/p>\n<p>\u00ab\u00a0Donc, tout compte fait, septi\u00e8me c&rsquo;est un tr\u00e8s bon r\u00e9sultat en \u00e9tant parti 21e\u00a0\u00bb, a ajout\u00e9 Bagnaia, qui a fini la course de dimanche \u00e0 16 secondes du vainqueur alors qu&rsquo;elle comptait le double de tours du sprint. \u00ab\u00a0Il faut essayer de repartir au moins d&rsquo;aujourd&rsquo;hui, du warm-up, car on a r\u00e9ussi \u00e0 trouver quelque chose qui m&rsquo;a apport\u00e9 ce petit grip en plus et qui m&rsquo;a aid\u00e9 \u00e0 \u00eatre plus comp\u00e9titif.\u00a0\u00bb<\/p>\n<p>Lire aussi :<\/p>\n<p>Samedi, Gigi Dall&rsquo;Igna laissait entendre qu&rsquo;il y avait une part de mental dans les difficult\u00e9s extr\u00eames du pilote italien. Pecco Bagnaia, lui, s&rsquo;en tient \u00e0 la technique et continue \u00e0 chercher une solution pour se sentir mieux sur la Ducati. Sur ce qu&rsquo;il appelle\u00a0\u00ab\u00a0la magie du dimanche\u00a0\u00bb, il n&rsquo;a pas voulu trop en dire.\u00a0\u00ab\u00a0Il y a eu un changement de bras oscillant, qui m&rsquo;a s\u00fbrement aid\u00e9 un minimum. Il y a aussi eu le r\u00e9servoir de la course longue, qui m&rsquo;a aid\u00e9 au niveau du grip. Mais je ne vais pas entrer dans les d\u00e9tails\u00a0\u00bb, a-t-il fait savoir.<\/p>\n<p>\u00ab\u00a0Il faut peu de choses pour avoir le minimum de sensations en plus qui font la diff\u00e9rence. Toute l&rsquo;ann\u00e9e on a parl\u00e9 de ce qui sont vraiment des d\u00e9tails, des petites choses qui aident \u00e0 se sentir un peu mieux, et donc \u00e0 \u00eatre plus rapide. On se sentant un peu mieux en entr\u00e9e, on arrive \u00e0 exploiter plus de vitesse et \u00e0 \u00eatre plus rapide sur tout le reste de la piste. Ce sont de petites choses.\u00a0\u00bb<\/p>\n<p>La grande question est maintenant de savoir s&rsquo;il parviendra \u00e0 poursuivre sur cette lanc\u00e9e lorsqu&rsquo;il reprendra la piste vendredi, \u00e0 Misano.\u00a0\u00ab\u00a0Je me sens plus ou moins comme le dimanche au Balaton\u00a0\u00bb, a-t-il indiqu\u00e9. \u00ab\u00a0J&rsquo;aimerais vraiment arriver \u00e0 Misano avec ce genre de vitesse et de comp\u00e9titivit\u00e9 et voir si j&rsquo;arrive \u00e0 \u00eatre aux avant-postes, mais d\u00e8s vendredi. Fait quelque chose comme aujourd&rsquo;hui, o\u00f9 j&rsquo;ai fait cinqui\u00e8me au warm-up et septi\u00e8me en course. Repartir de l\u00e0, sans passer par la Q1 ni \u00eatre exclu de la Q2. Un week-end normal.\u00a0\u00bb<\/p>\n<p>En attendant, il reste troisi\u00e8me du <a href=\"https:\/\/fr.motorsport.com\/motogp\/news\/championnat-marc-marquez-titre-attendra\/10757357\/\" target=\"_self\" rel=\"noopener nofollow\">championnat<\/a> derri\u00e8re les fr\u00e8res M\u00e1rquez, un rang plus qu&rsquo;honorable au vu des grandes difficult\u00e9s qu&rsquo;il rencontre depuis le lancement de cette saison et de r\u00e9sultats plut\u00f4t modestes (sept podiums en GP dont une victoire, ainsi que cinq troisi\u00e8mes places en course sprint).\u00a0\u00ab\u00a0J&rsquo;ai appris l&rsquo;ann\u00e9e derni\u00e8re que le plus important est de finir les courses. M\u00eame si on n&rsquo;a pas obtenu des r\u00e9sultats fantastiques, je suis quand m\u00eame troisi\u00e8me du championnat. Il faut continuer comme \u00e7a\u00a0\u00bb, a-t-il conclu.<\/p>\n<p>Dans cet article<\/p>\n<p>Soyez le premier inform\u00e9 et souscrivez aux alertes mails pour recevoir les infos en temps r\u00e9el<\/p>\n<p>    S&rsquo;abonner aux alertes de news<\/p>\n","protected":false},"excerpt":{"rendered":"On ne l&rsquo;y reprendra pas. \u00c0 plusieurs reprises cette ann\u00e9e, Pecco Bagnaia a termin\u00e9 un week-end de course&hellip;\n","protected":false},"author":2,"featured_media":375277,"comment_status":"","ping_status":"","sticky":false,"template":"","format":"standard","meta":{"footnotes":""},"categories":[1413],"tags":[50939,25466,50938,4950,1011,27,48377,1457,1456,1458,4951,60],"class_list":{"0":"post-375276","1":"post","2":"type-post","3":"status-publish","4":"format-standard","5":"has-post-thumbnail","7":"category-moto","8":"tag-cette-fois-pecco-bagnaia-refuse-de-semballer","9":"tag-circuit-de-barcelona-catalunya","10":"tag-de-21e-u00e0-7e","11":"tag-ducati-team","12":"tag-fr","13":"tag-france","14":"tag-gp-de-catalogne","15":"tag-moto","16":"tag-motocycle","17":"tag-motogp","18":"tag-pecco-bagnaia","19":"tag-sports"},"share_on_mastodon":{"url":"https:\/\/pubeurope.com\/@fr\/115168814625982886","error":""},"_links":{"self":[{"href":"https:\/\/www.europesays.com\/fr\/wp-json\/wp\/v2\/posts\/375276","targetHints":{"allow":["GET"]}}],"collection":[{"href":"https:\/\/www.europesays.com\/fr\/wp-json\/wp\/v2\/posts"}],"about":[{"href":"https:\/\/www.europesays.com\/fr\/wp-json\/wp\/v2\/types\/post"}],"author":[{"embeddable":true,"href":"https:\/\/www.europesays.com\/fr\/wp-json\/wp\/v2\/users\/2"}],"replies":[{"embeddable":true,"href":"https:\/\/www.europesays.com\/fr\/wp-json\/wp\/v2\/comments?post=375276"}],"version-history":[{"count":0,"href":"https:\/\/www.europesays.com\/fr\/wp-json\/wp\/v2\/posts\/375276\/revisions"}],"wp:featuredmedia":[{"embeddable":true,"href":"https:\/\/www.europesays.com\/fr\/wp-json\/wp\/v2\/media\/375277"}],"wp:attachment":[{"href":"https:\/\/www.europesays.com\/fr\/wp-json\/wp\/v2\/media?parent=375276"}],"wp:term":[{"taxonomy":"category","embeddable":true,"href":"https:\/\/www.europesays.com\/fr\/wp-json\/wp\/v2\/categories?post=375276"},{"taxonomy":"post_tag","embeddable":true,"href":"https:\/\/www.europesays.com\/fr\/wp-json\/wp\/v2\/tags?post=375276"}],"curies":[{"name":"wp","href":"https:\/\/api.w.org\/{rel}","templated":true}]}}