{"id":375282,"date":"2025-09-08T13:05:10","date_gmt":"2025-09-08T13:05:10","guid":{"rendered":"https:\/\/www.europesays.com\/fr\/375282\/"},"modified":"2025-09-08T13:05:10","modified_gmt":"2025-09-08T13:05:10","slug":"mercato-une-star-de-premier-league-dans-le-viseur-du-psg-goal-com","status":"publish","type":"post","link":"https:\/\/www.europesays.com\/fr\/375282\/","title":{"rendered":"Mercato, une star de Premier League dans le viseur du PSG &#8211; Goal.com"},"content":{"rendered":"<ol>\n<li><a href=\"https:\/\/news.google.com\/rss\/articles\/CBMiqwFBVV95cUxOS0hOeFJRbVJxSlpmRHBILTNZS3pITklqellvRm5qaHZaTzQ5ZGlDM19QaUd5amZGVUhDNm04c05FRE9PY2drQTA2b2VKVG9HWloydUVuT3V4NDBaSjM1QUpoRnhxc0pweU9SYlJSc3k5OWJONF95Q0Mxb2NuaFlFaWFLZmFteDV6eGlXTWVjbHRBaXJiekpqcTZaVnFBRWQ4WDhGVk5yQ1VLLWs?oc=5\" target=\"_blank\" rel=\"noopener\">Mercato, une star de Premier League dans le viseur du PSG<\/a>&nbsp;&nbsp;Goal.com<\/li>\n<li><a href=\"https:\/\/news.google.com\/rss\/articles\/CBMiswFBVV95cUxPNFl5TGpUbEhMNXJpaGt2ZnAxUTdZa2VWS0Z3aHM3Z18zR0VlYmhCMzRMNTBrcGpXbXVrNmxCaGw0aU55U0FPYlFob1lmUlM1VmVCcGxWRFRnVGVoblR6eGF2WnVDOWZFRzQ5b2ppcW9WN2wwZ1BlSENoN3RoWVdqdFdoZ0xoZm0zTS1lMndyQ09WNk1obThGWFhMM0NkVW44WGxReUhSWjc4alktRU9LMXlDOA?oc=5\" target=\"_blank\" rel=\"noopener\">Luis Enrique l&rsquo;adore, une star \u00e0 56M\u20ac au PSG cet hiver gr\u00e2ce \u00e0 Marquinhos ?<\/a>&nbsp;&nbsp;Jeunesfooteux<\/li>\n<li><a href=\"https:\/\/news.google.com\/rss\/articles\/CBMikwFBVV95cUxNQzQ3bnZyblhlZFRRWUN5QmxfRFNuZlZfZGRKLVl2bFdDczlQMVR5M3l4dTR1VFpBNDhpVHUwb3dnaXZZdHZ3dU5fSXp0X0JsOEhrRnpmclI1djJHTk4ydDIybWozTGZGd3hqdDBRamM1S0kteDBLR2VQdW1hRU1Hd3FBOUV3MUhrQXdvTGMwYWFWNm8?oc=5\" target=\"_blank\" rel=\"noopener\">Le PSG a choisi cet attaquant br\u00e9silien \u00e0 55ME<\/a>&nbsp;&nbsp;Foot01<\/li>\n<li><a href=\"https:\/\/news.google.com\/rss\/articles\/CBMiowFBVV95cUxPUTdCQUZaYkxPci1kSmZxX3ZaaGxYUktSQnh6ak5vVlpURU4zSE1fa0h5WkM0ZjZVWkltbjE5cGpOUjJtNXE0cnRMSzRWQzJfWVg2OVpINzQ5V3VqWlZrY2ZNRlVpaHFLS3lfaExIUU9Wb0FVVXVTcDVhRHdXUDRaWjdGYlkwUDAwN0dhWFVtQVMwbmR2QjZRaEllSXZuM29qVDZF?oc=5\" target=\"_blank\" rel=\"noopener\">Mercato PSG : un ailier br\u00e9silien \u00e0 55 M\u20ac fait saliver Luis Enrique<\/a>&nbsp;&nbsp;Daily Mercato<\/li>\n<li><a href=\"https:\/\/news.google.com\/rss\/articles\/CBMipwFBVV95cUxQYVplaTdJSk5ydEZWODA3OUF5N0xxRnAyblJRcFlsTDROTmRHY21BM2hyOFhseWlZM0hZQVp2X3R2UzhSUDlmWGZMd3ZUS3JpeHFuQ0RUcnNFeEV0VXNBazdGckw0SjA4MEk5N2NpR1IyNURuMm9mdFpzb2IwWGJKcDhIVmJmTTFERWJEVGltQVNDX25CUG1GeUMxb0Q5aUhsNUxBWFJHa9IBrAFBVV95cUxQdXZ6SXBNUTdlZkNxNXlVbHhEMFVjZ3N4dDczT3lnc1VCU3J2ZzNmT3RvOUVoOWkwT3JjTXE2QU1mMTZDLVMtYTk5UDA0OV9idWIwRG1sTlVZY1VIT1o4YkRYa2dHOWhqRWRoVEZiQWZ0b2VHTFA3V1RnTDJSMFVfYkZmb2RDWWI4NFNMRTB2YjVvWF9BY2VGN2l6TVgxekhVbWZ3TlJIZENneEpl?oc=5\" target=\"_blank\" rel=\"noopener\">Mercato PSG : Luis Enrique r\u00eave de cet ailier br\u00e9silien \u00e0 55 M\u20ac<\/a>&nbsp;&nbsp;Sport.fr<\/li>\n<\/ol>\n","protected":false},"excerpt":{"rendered":"Mercato, une star de Premier League dans le viseur du PSG&nbsp;&nbsp;Goal.com Luis Enrique l&rsquo;adore, une star \u00e0 56M\u20ac&hellip;\n","protected":false},"author":2,"featured_media":375283,"comment_status":"","ping_status":"","sticky":false,"template":"","format":"standard","meta":{"footnotes":""},"categories":[1410],"tags":[5357,50942,63,1011,27,50941,4253,66,1434,17625,91,50429,70,60,28401],"class_list":{"0":"post-375282","1":"post","2":"type-post","3":"status-publish","4":"format-standard","5":"has-post-thumbnail","7":"category-football","8":"tag-arsenal","9":"tag-arsenal-vs-nottingham-forest","10":"tag-football","11":"tag-fr","12":"tag-france","13":"tag-g-martinelli","14":"tag-lens","15":"tag-ligue-1","16":"tag-mercato","17":"tag-nottingham-forest","18":"tag-paris-saint-germain","19":"tag-paris-saint-germain-vs-lens","20":"tag-premier-league","21":"tag-sports","22":"tag-transfers"},"share_on_mastodon":{"url":"https:\/\/pubeurope.com\/@fr\/115168826118148240","error":""},"_links":{"self":[{"href":"https:\/\/www.europesays.com\/fr\/wp-json\/wp\/v2\/posts\/375282","targetHints":{"allow":["GET"]}}],"collection":[{"href":"https:\/\/www.europesays.com\/fr\/wp-json\/wp\/v2\/posts"}],"about":[{"href":"https:\/\/www.europesays.com\/fr\/wp-json\/wp\/v2\/types\/post"}],"author":[{"embeddable":true,"href":"https:\/\/www.europesays.com\/fr\/wp-json\/wp\/v2\/users\/2"}],"replies":[{"embeddable":true,"href":"https:\/\/www.europesays.com\/fr\/wp-json\/wp\/v2\/comments?post=375282"}],"version-history":[{"count":0,"href":"https:\/\/www.europesays.com\/fr\/wp-json\/wp\/v2\/posts\/375282\/revisions"}],"wp:featuredmedia":[{"embeddable":true,"href":"https:\/\/www.europesays.com\/fr\/wp-json\/wp\/v2\/media\/375283"}],"wp:attachment":[{"href":"https:\/\/www.europesays.com\/fr\/wp-json\/wp\/v2\/media?parent=375282"}],"wp:term":[{"taxonomy":"category","embeddable":true,"href":"https:\/\/www.europesays.com\/fr\/wp-json\/wp\/v2\/categories?post=375282"},{"taxonomy":"post_tag","embeddable":true,"href":"https:\/\/www.europesays.com\/fr\/wp-json\/wp\/v2\/tags?post=375282"}],"curies":[{"name":"wp","href":"https:\/\/api.w.org\/{rel}","templated":true}]}}