{"id":375298,"date":"2025-09-08T13:14:13","date_gmt":"2025-09-08T13:14:13","guid":{"rendered":"https:\/\/www.europesays.com\/fr\/375298\/"},"modified":"2025-09-08T13:14:13","modified_gmt":"2025-09-08T13:14:13","slug":"ce-que-lon-sait-de-la-detention-de-ce-francais-dans-lextreme-orient-russe","status":"publish","type":"post","link":"https:\/\/www.europesays.com\/fr\/375298\/","title":{"rendered":"ce que l\u2019on sait de la d\u00e9tention de ce Fran\u00e7ais dans l\u2019Extr\u00eame-orient russe"},"content":{"rendered":"<p>        <img decoding=\"async\" loading=\"lazy\" src=\"https:\/\/www.europesays.com\/fr\/wp-content\/uploads\/2025\/09\/4a5244e_upload-1-tnh5scmq6vjs-capture-da-a-cran-2025-09-08-123832.png\"  width=\"728\" height=\"409\" alt=\"Sofiane Sehili s\u2019\u00e9tait lanc\u00e9 le 1er juillet dans un d\u00e9fi hors du commun\u00a0: rallier Lisbonne \u00e0 Vladivostok \u00e0 v\u00e9lo.\"\/>  <\/p>\n<p>Capture d\u2019\u00e9cran Instagram<\/p>\n<p>Sofiane Sehili s\u2019\u00e9tait lanc\u00e9 le 1er juillet dans un d\u00e9fi hors du commun\u00a0: rallier Lisbonne \u00e0 Vladivostok \u00e0 v\u00e9lo.<\/p>\n<p class=\"asset asset-text\">INTERNATIONAL &#8211; Laurent Vinatier n\u2019est malheureusement plus le seul Fran\u00e7ais prisonnier en Russie. Alors que les <a href=\"https:\/\/www.huffingtonpost.fr\/international\/article\/macron-denonce-la-logique-de-terreur-de-poutine-apres-des-frappes-records-en-ukraine_254517.html\" rel=\"nofollow noopener\" target=\"_blank\">relations entre Paris et Moscou<\/a> se sont consid\u00e9rablement d\u00e9grad\u00e9es depuis l\u2019invasion de l\u2019Ukraine sur ordre de Vladimir Poutine, un autre citoyen fran\u00e7ais a \u00e9t\u00e9 <a href=\"https:\/\/www.huffingtonpost.fr\/international\/article\/detenu-en-russie-laurent-vinatier-est-vise-par-une-nouvelle-accusation-qui-fait-craindre-le-pire_253818.html\" rel=\"nofollow noopener\" target=\"_blank\">arr\u00eat\u00e9 sur le sol russe<\/a>.<\/p>\n<p class=\"asset asset-text\">Un ressortissant fran\u00e7ais, dont l\u2019identit\u00e9 n\u2019a pas \u00e9t\u00e9 confirm\u00e9e \u00e0 ce stade, a \u00e9t\u00e9 arr\u00eat\u00e9 <a href=\"https:\/\/www.huffingtonpost.fr\/international\/article\/laurent-vinatier-juge-en-russie-ce-que-moscou-reproche-au-chercheur-francais_239105.html\" rel=\"nofollow noopener\" target=\"_blank\">en Russie <\/a>et plac\u00e9 en d\u00e9tention provisoire, a appris l\u2019AFP ce lundi 8\u00a0septembre de sources diplomatiques.<\/p>\n<p class=\"asset asset-text\">D\u00e8s vendredi dernier, le journal <a href=\"https:\/\/www.lemonde.fr\/international\/article\/2025\/09\/05\/sofiane-sehili-cycliste-d-endurance-francais-se-trouve-en-detention-provisoire-en-russie_6639135_3210.html\" target=\"_blank\" rel=\"noopener nofollow\" title=\"Nouvelle fen\u00eatre\">Le Monde<\/a> d\u00e9voilait l\u2019arrestation et le placement de d\u00e9tention provisoire d\u2019un Fran\u00e7ais, Sofiane Sehili, cycliste d\u2019endurance \u00e2g\u00e9 de 44\u00a0ans et connu pour son actuelle tentative de record du monde de la travers\u00e9e eurasienne \u00e0 v\u00e9lo. Un d\u00e9fi qui lui imposait de relier la capitale portugaise Lisbonne \u00e0 Vladivostok, ville russe qui sert de terminus au Transsib\u00e9rien, non loin des fronti\u00e8res avec la Chine et la Cor\u00e9e du Nord.<\/p>\n<p class=\"asset asset-text\">\u00ab\u00a0Le consulat de France se mobilise pour lui fournir de l\u2019aide\u00a0\u00bb, indiquaient par ailleurs nos confr\u00e8res sur la situation de Sofiane Sehili en fin de semaine derni\u00e8re. \u00ab\u00a0Notre Consulat g\u00e9n\u00e9ral \u00e0 Moscou a pris attache avec les autorit\u00e9s russes et sollicit\u00e9 l\u2019exercice de la protection consulaire\u00a0\u00bb, ont depuis pr\u00e9cis\u00e9 les sources diplomatiques \u00e0 l\u2019AFP.<\/p>\n<p class=\"asset asset-text\">Les informations g\u00e9ographiques d\u00e9voil\u00e9es vendredi dernier collent donc avec celles d\u00e9voil\u00e9es ce lundi sur la zone o\u00f9 il a \u00e9t\u00e9 stopp\u00e9 dans son d\u00e9fi sportif. \u00ab\u00a0Nous avons \u00e9t\u00e9 inform\u00e9s de l\u2019arrestation et du placement en d\u00e9tention provisoire de l\u2019un de nos ressortissants en Russie, dans la r\u00e9gion de l\u2019Extr\u00eame-Orient russe\u00a0\u00bb, indiquent ces m\u00eames sources. Mais sans pr\u00e9ciser la date et les circonstances de son arrestation.<\/p>\n<p>    Fronti\u00e8re ferm\u00e9e    <\/p>\n<p class=\"asset asset-text\">D\u2019apr\u00e8s Le Monde, son arrestation est cons\u00e9cutive \u00e0 un \u00ab\u00a0franchissement ill\u00e9gal de\u00a0la fronti\u00e8re\u00a0\u00bb. Ce qui semble correspondre \u00e9galement avec les derni\u00e8res nouvelles de Sofiane Sehili. Car durant la fin de son p\u00e9riple, entam\u00e9 le 1er\u00a0juillet, il \u00e9tait pass\u00e9 par le Tadjikistan, la Mongolie puis la Chine. C\u2019est l\u00e0, que les choses semblent s\u2019\u00eatre compliqu\u00e9es pour le cycliste, comme il l\u2019expliquait en vid\u00e9o sur Instagram\u00a0: \u00ab\u00a0Je suis la principale attraction, le seul \u00e9tranger. La police inspecte mon v\u00e9lo, me regarde et ne me dit rien. Je ne sais pas si je vais pouvoir passer la fronti\u00e8re\u00a0\u00bb, confiait-il alors.<\/p>\n<p> La lecture de ce contenu est susceptible d\u2019entra\u00eener un d\u00e9p\u00f4t de cookies de la part de l\u2019op\u00e9rateur tiers qui l\u2019h\u00e9berge. Compte-tenu des choix que vous avez exprim\u00e9s en mati\u00e8re de d\u00e9p\u00f4t de cookies, nous avons bloqu\u00e9 l\u2019affichage de ce contenu. Si vous souhaitez y acc\u00e9der, vous devez accepter la cat\u00e9gorie de cookies \u201cContenus tiers\u201d en cliquant sur le bouton ci-dessous. <\/p>\n<p> Lire la Vid\u00e9o        <\/p>\n<p class=\"asset asset-text\">Il indiquait alors dans une story (d\u00e9sormais indisponible) sur son compte Instagram le 2\u00a0septembre qu\u2019il \u00e9tait bloqu\u00e9 \u00e0 la fronti\u00e8re sino-russe par la douane. En cause\u00a0? Deux tentatives du sportif de rejoindre le sol russe, en vain.<\/p>\n<p class=\"asset asset-text\">Par deux fois, il aurait tent\u00e9 de passer la fronti\u00e8re avec son v\u00e9lo, \u00e0 deux points diff\u00e9rents, situ\u00e9s \u00e0 200\u00a0kilom\u00e8tres de distance l\u2019un de l\u2019autre. \u00ab\u00a0\u00c9chouer si pr\u00e8s du but, c\u2019est d\u00e9chirant. D\u00e9sormais, j\u2019ai dix mois pour d\u00e9cider si je veux repartir une nouvelle fois pour ce record\u2026 ou s\u2019il restera un \u00e9chec pour toujours\u00a0\u00bb, partageait \u00e9galement ce sp\u00e9cialiste d\u2019endurance aupr\u00e8s de ses abonn\u00e9s. <a href=\"https:\/\/www.lequipe.fr\/Cyclisme-sur-route\/Actualites\/-c-est-dechirant-bloque-a-la-frontiere-sino-russe-par-les-douaniers-sofiane-sehili-doit-renoncer-au-record-eurasien-a-velo\/1589901\" target=\"_blank\" rel=\"noopener nofollow\" title=\"Nouvelle fen\u00eatre\">L\u2019\u00c9quipe<\/a> annon\u00e7ait d\u2019ailleurs le 2\u00a0septembre qu\u2019il avait \u00e9t\u00e9 contraint d\u2019abandonner son record apr\u00e8s 17\u00a0600\u00a0km et \u00e0 moins de 400\u00a0km du but \u00e0 cause du refus des douaniers. Il disposait alors de \u00ab\u00a0600\u00a0km d\u2019avance\u00a0\u00bb sur le record du monde, \u00ab\u00a0aux deux tiers de son p\u00e9riple\u00a0\u00bb. Et depuis plus la moindre nouvelle de lui.<\/p>\n","protected":false},"excerpt":{"rendered":"Capture d\u2019\u00e9cran Instagram Sofiane Sehili s\u2019\u00e9tait lanc\u00e9 le 1er juillet dans un d\u00e9fi hors du commun\u00a0: rallier Lisbonne&hellip;\n","protected":false},"author":2,"featured_media":375299,"comment_status":"","ping_status":"","sticky":false,"template":"","format":"standard","meta":{"footnotes":""},"categories":[9],"tags":[10628,312,1011,27,14,132,60],"class_list":{"0":"post-375298","1":"post","2":"type-post","3":"status-publish","4":"format-standard","5":"has-post-thumbnail","7":"category-sports","8":"tag-cyclistes","9":"tag-diplomatie","10":"tag-fr","11":"tag-france","12":"tag-international","13":"tag-russie","14":"tag-sports"},"share_on_mastodon":{"url":"https:\/\/pubeurope.com\/@fr\/115168861609169301","error":""},"_links":{"self":[{"href":"https:\/\/www.europesays.com\/fr\/wp-json\/wp\/v2\/posts\/375298","targetHints":{"allow":["GET"]}}],"collection":[{"href":"https:\/\/www.europesays.com\/fr\/wp-json\/wp\/v2\/posts"}],"about":[{"href":"https:\/\/www.europesays.com\/fr\/wp-json\/wp\/v2\/types\/post"}],"author":[{"embeddable":true,"href":"https:\/\/www.europesays.com\/fr\/wp-json\/wp\/v2\/users\/2"}],"replies":[{"embeddable":true,"href":"https:\/\/www.europesays.com\/fr\/wp-json\/wp\/v2\/comments?post=375298"}],"version-history":[{"count":0,"href":"https:\/\/www.europesays.com\/fr\/wp-json\/wp\/v2\/posts\/375298\/revisions"}],"wp:featuredmedia":[{"embeddable":true,"href":"https:\/\/www.europesays.com\/fr\/wp-json\/wp\/v2\/media\/375299"}],"wp:attachment":[{"href":"https:\/\/www.europesays.com\/fr\/wp-json\/wp\/v2\/media?parent=375298"}],"wp:term":[{"taxonomy":"category","embeddable":true,"href":"https:\/\/www.europesays.com\/fr\/wp-json\/wp\/v2\/categories?post=375298"},{"taxonomy":"post_tag","embeddable":true,"href":"https:\/\/www.europesays.com\/fr\/wp-json\/wp\/v2\/tags?post=375298"}],"curies":[{"name":"wp","href":"https:\/\/api.w.org\/{rel}","templated":true}]}}