{"id":375300,"date":"2025-09-08T13:15:14","date_gmt":"2025-09-08T13:15:14","guid":{"rendered":"https:\/\/www.europesays.com\/fr\/375300\/"},"modified":"2025-09-08T13:15:14","modified_gmt":"2025-09-08T13:15:14","slug":"patrick-schwarzenegger-epouse-sa-petite-amie-abby-champion-lors-dune-somptueuse-ceremonie-dans-un-ranch-de-lidaho","status":"publish","type":"post","link":"https:\/\/www.europesays.com\/fr\/375300\/","title":{"rendered":"Patrick Schwarzenegger \u00e9pouse sa petite amie Abby Champion lors d\u2019une somptueuse c\u00e9r\u00e9monie dans un ranch de l\u2019Idaho"},"content":{"rendered":"<p>                             Par C.L<\/p>\n<p>                Le 8 septembre 2025 \u00e0 10h13<\/p>\n<p>    Abby Champion et Patrick Schwarzenegger \u00e0 la soir\u00e9e Vanity Fair Oscar Party organis\u00e9e au Wallis Annenberg Center for the Performing Arts \u00e0 Beverly Hills. (Los Angeles, le 2 mars 2025.)<br \/>\n                Peters Doug\/EMPICS Entertainment\/ABACA<\/p>\n<p>Le fils d\u2019Arnold Schwarzenegger a \u00e9pous\u00e9 celle qui partage sa vie depuis 10 ans, le samedi 6 septembre. Des photos publi\u00e9es par le magazine am\u00e9ricain People offrent un aper\u00e7u de la tenue des mari\u00e9s.<\/p>\n<p class=\"fig-paragraph\">Ils se sont dit oui\u00a0!\u00a0<a href=\"http:\/\/madame.lefigaro.fr\/celebrites\/actu-people\/patrick-schwarzenegger-30-ans-fils-de-schwarzy-et-petit-neveu-de-jfk-20231228\" data-fig-type=\"Article\" data-gtm-custom-categorie=\"navigation\" data-gtm-custom-action=\"crossclick\" data-gtm-custom-label=\"Contextuel\" data-gtm-event=\"customEventSPE\" data-fig-domain=\"MADAME\" target=\"_blank\" rel=\"noopener\">Patrick Schwarzenegger\u00a0<\/a>et\u00a0<a href=\"https:\/\/www.instagram.com\/p\/C1UsaOoxWLv\/?utm_source=ig_web_copy_link\" target=\"_blank\" rel=\"sponsored noopener\" data-gtm-custom-categorie=\"navigation\" data-gtm-custom-action=\"crossclick\" data-gtm-custom-label=\"Contextuel\" data-gtm-event=\"customEventSPE\">Abby Champion<\/a>\u00a0se sont mari\u00e9s le 6 septembre. Si le couple avait annonc\u00e9 ses fian\u00e7ailles sur les r\u00e9seaux sociaux, ils sont toutefois rest\u00e9s secrets sur le lieu et la date de leur union. Mais c\u2019\u00e9tait sans compter sur la d\u00e9termination de la paparazzade am\u00e9ricaine. Le magazine am\u00e9ricain People a publi\u00e9\u00a0<a href=\"https:\/\/people.com\/patrick-schwarzenegger-abby-champion-get-married-during-star-studded-wedding-photos-8705390\" target=\"_blank\" rel=\"sponsored noopener\" data-gtm-custom-categorie=\"navigation\" data-gtm-custom-action=\"crossclick\" data-gtm-custom-label=\"Contextuel\" data-gtm-event=\"customEventSPE\">quelques photos de la r\u00e9ception<\/a>, suffisamment pour d\u00e9couvrir la tenue des mari\u00e9s et des demoiselles d\u2019honneur.<\/p>\n<p>Un mariage en blanc<\/p>\n<p class=\"fig-paragraph\">Pour sa robe de c\u00e9r\u00e9monie, Abby Champion a choisi un mod\u00e8le plut\u00f4t classique et intemporel, une longue robe blanche sans manches \u00e0 col bateau. La mannequin de 28 ans avait \u00e9galement opt\u00e9 pour des gants blancs en r\u00e9sille fine remontant jusqu\u2019aux coudes. Un long voile descendait le long de ses cheveux blonds coiff\u00e9s en demi-queue-de-cheval. Le mari\u00e9 quant \u00e0 lui \u00e9tait en blanc \u00e9galement. L\u2019acteur de 31 ans arborait une veste de smoking blanche sur un pantalon noir. Un n\u0153ud papillon blanc fermait sa chemise, blanche elle aussi.\u00a0Sur les images, deux jeunes femmes apparaissent dans des robes identiques couleur jaune beurre, de quoi penser qu\u2019il s\u2019agit des demoiselles d\u2019honneur.<\/p>\n<p>                                    <a class=\"fig-a11y-skip a11y-hidden\" href=\"#fig-a11y-skip-main-inarticle\"><br \/>\n        Passer la publicit\u00e9<br \/>\n    <\/a><\/p>\n<p class=\"fig-paragraph\">Selon People, le mariage a eu lieu sur le domaine du ranch Gozzer, au bord du lac Coeur d\u2019Alene, dans le nord de l\u2019Idaho. Un lieu \u00e0 la valeur sentimentale paticuli\u00e8re pour le couple, selon le Daily Mail, qui s\u2019y serait rendu \u00e0 plusieurs reprises par le pass\u00e9.<\/p>\n<p>Comme un air d\u2019Hollywood<\/p>\n<p class=\"fig-paragraph\">Parmi les invit\u00e9s, une flop\u00e9e de c\u00e9l\u00e9brit\u00e9s du cin\u00e9ma, \u00e0 commencer par les parents du mari\u00e9,\u00a0<a href=\"http:\/\/madame.lefigaro.fr\/mariage\/arnold-schwarzenegger-et-maria-shriver-34-ans-d-amour-et-de-sombres-secrets-20230607\" data-fig-type=\"Article\" data-gtm-custom-categorie=\"navigation\" data-gtm-custom-action=\"crossclick\" data-gtm-custom-label=\"Contextuel\" data-gtm-event=\"customEventSPE\" data-fig-domain=\"MADAME\" target=\"_blank\" rel=\"noopener\">Arnold Schwarzenegger et Maria Shriver<\/a>. Sa s\u0153ur\u00a0<a href=\"http:\/\/madame.lefigaro.fr\/celebrites\/actu-people\/katherine-la-fille-d-arnold-schwarzenegger-a-accouche-de-son-3e-enfant-avec-chris-pratt-20241113\" data-fig-type=\"Article\" data-gtm-custom-categorie=\"navigation\" data-gtm-custom-action=\"crossclick\" data-gtm-custom-label=\"Contextuel\" data-gtm-event=\"customEventSPE\" data-fig-domain=\"MADAME\" target=\"_blank\" rel=\"noopener\">Katherine Schwarzenegger Pratt et son mari l\u2019acteur Chris Pratt<\/a>\u00a0\u00e9taient \u00e9galement pr\u00e9sents tout comme les acteurs Rob Lowe et J<a href=\"http:\/\/madame.lefigaro.fr\/celebrites\/actu-people\/terminator-junior-patrick-schwarzenegger-le-fils-de-qu-on-adore-detester-dans-the-white-lotus-20250305\" data-fig-type=\"Article\" data-gtm-custom-categorie=\"navigation\" data-gtm-custom-action=\"crossclick\" data-gtm-custom-label=\"Contextuel\" data-gtm-event=\"customEventSPE\" data-fig-domain=\"MADAME\" target=\"_blank\" rel=\"noopener\">ason Isaacs, qui joue le p\u00e8re de Patrick dans The White Lotus<\/a> .\u00a0<\/p>\n<p class=\"fig-paragraph\">Le mariage de Patrick Schwarzenegger et Abby Champion marque les 10 ans de leur relation. Ensemble depuis 2015, ils ont officialis\u00e9 leur histoire sur Instagram en f\u00e9vrier 2016. C\u2019est de nouveau sur les r\u00e9seaux sociaux qu\u2019ils avaient annonc\u00e9 leurs fian\u00e7ailles, en d\u00e9cembre 2023, avec ces mots qui sonnaient d\u00e9j\u00e0 comme un \u00e9change de v\u0153ux\u00a0: \u00abpour toujours\u00bb.<\/p>\n<p>                                        <script async src=\"\/\/www.instagram.com\/embed.js\"><\/script><\/p>\n","protected":false},"excerpt":{"rendered":"Par C.L Le 8 septembre 2025 \u00e0 10h13 Abby Champion et Patrick Schwarzenegger \u00e0 la soir\u00e9e Vanity Fair&hellip;\n","protected":false},"author":2,"featured_media":375301,"comment_status":"","ping_status":"","sticky":false,"template":"","format":"standard","meta":{"footnotes":""},"categories":[8],"tags":[253,7363,1193,58,59,1011,27],"class_list":{"0":"post-375300","1":"post","2":"type-post","3":"status-publish","4":"format-standard","5":"has-post-thumbnail","7":"category-divertissement","8":"tag-acteur","9":"tag-arnold-schwarzenegger","10":"tag-couple","11":"tag-divertissement","12":"tag-entertainment","13":"tag-fr","14":"tag-france"},"share_on_mastodon":{"url":"https:\/\/pubeurope.com\/@fr\/115168865416114355","error":""},"_links":{"self":[{"href":"https:\/\/www.europesays.com\/fr\/wp-json\/wp\/v2\/posts\/375300","targetHints":{"allow":["GET"]}}],"collection":[{"href":"https:\/\/www.europesays.com\/fr\/wp-json\/wp\/v2\/posts"}],"about":[{"href":"https:\/\/www.europesays.com\/fr\/wp-json\/wp\/v2\/types\/post"}],"author":[{"embeddable":true,"href":"https:\/\/www.europesays.com\/fr\/wp-json\/wp\/v2\/users\/2"}],"replies":[{"embeddable":true,"href":"https:\/\/www.europesays.com\/fr\/wp-json\/wp\/v2\/comments?post=375300"}],"version-history":[{"count":0,"href":"https:\/\/www.europesays.com\/fr\/wp-json\/wp\/v2\/posts\/375300\/revisions"}],"wp:featuredmedia":[{"embeddable":true,"href":"https:\/\/www.europesays.com\/fr\/wp-json\/wp\/v2\/media\/375301"}],"wp:attachment":[{"href":"https:\/\/www.europesays.com\/fr\/wp-json\/wp\/v2\/media?parent=375300"}],"wp:term":[{"taxonomy":"category","embeddable":true,"href":"https:\/\/www.europesays.com\/fr\/wp-json\/wp\/v2\/categories?post=375300"},{"taxonomy":"post_tag","embeddable":true,"href":"https:\/\/www.europesays.com\/fr\/wp-json\/wp\/v2\/tags?post=375300"}],"curies":[{"name":"wp","href":"https:\/\/api.w.org\/{rel}","templated":true}]}}