{"id":375311,"date":"2025-09-08T13:20:18","date_gmt":"2025-09-08T13:20:18","guid":{"rendered":"https:\/\/www.europesays.com\/fr\/375311\/"},"modified":"2025-09-08T13:20:18","modified_gmt":"2025-09-08T13:20:18","slug":"mobilisations-blocages-a-quoi-sattendre-dans-le-sud-ouest","status":"publish","type":"post","link":"https:\/\/www.europesays.com\/fr\/375311\/","title":{"rendered":"mobilisations, blocages\u2026 \u00e0 quoi s\u2019attendre dans le Sud-Ouest\u00a0?"},"content":{"rendered":"<p><a href=\"https:\/\/www.sudouest.fr\/societe\/bloquons-tout\/\" target=\"_blank\" rel=\"follow nofollow noopener\"><strong>&gt;\u00a0\u00ab\u00a0Bloquons tout\u00a0\u00bb\u00a0: tous nos articles sur la mobilisation<\/strong><\/a><\/p>\n<p>        <img decoding=\"async\" id=\"25818463\" src=\"https:\/\/www.europesays.com\/fr\/wp-content\/uploads\/2025\/09\/davt031.jpg\" alt=\"Des actions se pr\u00e9parent dans toute la France pour le mercredi 10\u00a0septembre sous la banni\u00e8re \u00ab\u00a0Bloquons tout\u00a0\u00bb, sur fond de rejet des classes dirigeantes attis\u00e9 par les annonces budg\u00e9taires estivales de Fran\u00e7ois Bayrou.\" itemprop=\"contentURL\"\/><\/p>\n<p>    Des actions se pr\u00e9parent dans toute la France pour le mercredi 10\u00a0septembre sous la banni\u00e8re \u00ab\u00a0Bloquons tout\u00a0\u00bb, sur fond de rejet des classes dirigeantes attis\u00e9 par les annonces budg\u00e9taires estivales de Fran\u00e7ois Bayrou.<\/p>\n<p>Thierry David \/ SUD OUEST<\/p>\n<p>    En Gironde<\/p>\n<p>Les \u00ab\u00a0bloqueurs\u00a0\u00bb de Gironde s\u2019organisent depuis plusieurs semaines, \u00e0 l\u2019image <a href=\"https:\/\/www.sudouest.fr\/gironde\/bordeaux\/mouvement-du-10-septembre-a-bordeaux-les-bloqueurs-dans-les-starting-blocks-25832068.php\" rel=\"nofollow noopener\" target=\"_blank\">des assembl\u00e9es g\u00e9n\u00e9rales organis\u00e9es \u00e0 Darwin, la derni\u00e8re ayant eu lieu ce 7\u00a0septembre<\/a>. Difficile d\u2019y voir clair sur l\u2019ensemble des actions programm\u00e9es pour le 10\u00a0septembre m\u00eame si le grand temps fort identifi\u00e9 reste <strong>un rassemblement \u00e0 11h, place des Quinconces<\/strong>. C\u2019est depuis ce rendez-vous que d\u2019autres interventions pourraient se coordonner. Un d\u00e9fil\u00e9 vers la pr\u00e9fecture, entit\u00e9 habituellement cibl\u00e9e lors des mobilisations sociales serait privil\u00e9gi\u00e9.<\/p>\n<p>Le collectif esp\u00e8re aussi concr\u00e9tiser des blocages d\u2019axes de circulation, que ce soit sur les quais de Bordeaux, sur le Pont Chaban-Delmas en soir\u00e9e ou encore le Pont d\u2019Aquitaine. Ailleurs dans le d\u00e9partement, des op\u00e9rations s\u2019organisent \u00e9galement dans le Libournais, le Blayais ou encore le M\u00e9doc. Une op\u00e9ration p\u00e9age gratuit \u00e0 Virsac, point n\u00e9vralgique de l\u2019A10 pourrait aussi \u00eatre tent\u00e9e par le collectif, tout comme une op\u00e9ration filtrage \u00e0 proximit\u00e9 de l\u2019a\u00e9roport Bordeaux &#8211; M\u00e9rignac, si l\u2019on en croit les diff\u00e9rentes discussions des \u00ab\u00a0bloqueurs\u00a0\u00bb sur les forums \u00ab\u00a0Telegram\u00a0\u00bb, o\u00f9 la contestation s\u2019organise. Ici comme ailleurs, l\u2019effet de surprise sera recherch\u00e9.<\/p>\n<p>En Charente-Maritime<\/p>\n<p>Dans le 17, <a href=\"https:\/\/www.sudouest.fr\/charente-maritime\/jonzac\/mouvement-du-10-septembre-a-quoi-faut-il-s-attendre-en-charente-maritime-25826032.php\" rel=\"nofollow noopener\" target=\"_blank\">le mouvement se diffuse \u00e9galement \u00e0 travers le d\u00e9partement<\/a> avec des rassemblements d\u00e9j\u00e0 identifi\u00e9s. A <strong>La\u00a0Rochelle<\/strong>, le rendez-vous sera donn\u00e9 \u00e0 10h mercredi 10\u00a0septembre, place de l\u2019Europe, \u00e0 Mireuil, un choix qui se veut diff\u00e9rent des manifestations traditionnelles, avec un quartier cibl\u00e9 plus populaire. Un second rassemblement est aussi programm\u00e9 dans le parc Charruyer \u00e0 16 heures pour un go\u00fbter suivi, \u00e0 19\u00a0h\u00a030, d\u2019une assembl\u00e9e citoyenne afin de discuter de la suite.<\/p>\n<p>\u00c0 <a href=\"https:\/\/www.sudouest.fr\/charente-maritime\/rochefort\/mouvement-du-10-septembre-a-rochefort-la-veillee-d-armes-rassemble-une-trentaine-de-personnes-25818567.php\" target=\"_blank\" rel=\"follow nofollow noopener\"><strong>Rochefort<\/strong><\/a>, on s\u2019en tient aux valeurs s\u00fbres\u00a0: le rassemblement se tiendra place Colbert (10h30). Le blocage de certaines routes para\u00eet in\u00e9vitable selon nos informations.<\/p>\n<p>Les participants cachent \u00e0 peine leur projet de paralyser les grands axes routiers (autoroutes, rocades, 2&#215;2 voies La\u00a0Rochelle &#8211; Rochefort), ainsi que les principaux giratoires. Ainsi, sur la page Facebook \u00ab\u00a0Le 10\u00a0septembre\u00a0: blocage total &#8211; Saintes &amp; alentours\u00a0\u00bb, cr\u00e9\u00e9e le 25\u00a0juillet dernier, on apprend qu\u2019un rassemblement est pr\u00e9vu mercredi \u00e0 6\u00a0h\u00a030 sur l\u2019aire de covoiturage \u00ab\u00a0Br\u00fblerie\u00a0\u00bb, situ\u00e9e derri\u00e8re l\u2019Hyper U de <strong>Saintes<\/strong>, \u00e0 l\u2019entr\u00e9e nord-ouest de la ville, non loin de l\u2019A10. En fonction du nombre de personnes mobilis\u00e9es, d\u2019autres actions pourraient \u00eatre entreprises\u00a0: actions dans les grandes surfaces, \u201cpeinturlurage\u201d des cam\u00e9ras de surveillance, etc. Des actions sont aussi programm\u00e9es \u00e0 <strong>Montendre<\/strong>, <strong>Jonzac<\/strong>\u2026<\/p>\n<p>Dans les Pyr\u00e9n\u00e9es-Atlantiques<\/p>\n<p>A <strong>Bayonne,<\/strong> <a href=\"https:\/\/www.sudouest.fr\/pyrenees-atlantiques\/pays-basque\/bayonne-le-mouvement-bloquons-tout-s-organise-et-compte-sur-l-effet-de-surprise-pour-le-10-septembre-25816780.php\" target=\"_blank\" rel=\"follow nofollow noopener\">une assembl\u00e9e g\u00e9n\u00e9rale organis\u00e9e samedi 6\u00a0septembre<\/a> n\u2019a laiss\u00e9 filtrer que peu d\u2019\u00e9l\u00e9ments concrets sur les modalit\u00e9s d\u2019actions du mercredi 10\u00a0septembre. Pour autant, sur les r\u00e9seaux sociaux, les grandes lignes de la journ\u00e9e sont affich\u00e9s. D\u00e8s 6h du matin, un rassemblement sur le rond-point dit \u00ab\u00a0Leroy Merlin\u00a0\u00bb, \u00e0 <strong>Anglet<\/strong> serait le point de d\u00e9part des actions.<\/p>\n<p>A 10h, une op\u00e9ration escargot est en pr\u00e9paration sur le pont Henri Grenet \u00e0 <strong>Bayonne<\/strong>. A 14h, un rassemblement populaire est programm\u00e9 place de la Libert\u00e9 \u00e0 Bayonne alors qu\u2019\u00e0 18h, une assembl\u00e9e g\u00e9n\u00e9rale devant la Bourse du travail fera le point sur le mouvement et les suites \u00e9ventuelles \u00e0 donner.<\/p>\n<p>A <strong>Pau<\/strong>, en B\u00e9arn, ville connue pour \u00eatre un haut lieu de la contestation sociale, les contours de la mobilisation se pr\u00e9cisent depuis plusieurs semaines. Des actions cibl\u00e9es seront coordonn\u00e9es d\u00e8s 5h du matin depuis le parking du Z\u00e9nith de Pau. Le rassemblement populaire se tiendra \u00e0 14h sur l\u2019habituelle Place Verdun avant un banquet populaire et une assembl\u00e9e \u00e0 18h, place de la mairie.<\/p>\n<p>En Dordogne<\/p>\n<p><a href=\"https:\/\/www.sudouest.fr\/economie\/social\/mouvement-du-10-septembre-un-pot-de-depart-de-bayrou-organise-devant-la-mairie-de-perigueux-25828224.php\" target=\"_blank\" rel=\"follow nofollow noopener\">En Dordogne<\/a>, le syndicat CGT 24 a d\u2019ores et d\u00e9j\u00e0 lanc\u00e9 trois appels \u00e0 manifester \u00e0 travers le d\u00e9partement\u00a0: \u00e0 <strong>P\u00e9rigueux<\/strong>, devant le centre des finances publiques \u00e0 partir de 11 heures (prise de parole, d\u00e9fil\u00e9, stand CGT et casse-cro\u00fbte militant), \u00e0 <strong>Sarlat <\/strong>au rond-point de Madraz\u00e8s \u00e0 9\u00a0h\u00a030 et enfin \u00e0 <strong>Bergerac<\/strong>, devant le palais de justice, d\u00e8s 10\u00a0h\u00a030. D\u2019autres actions pourraient \u00eatre programm\u00e9es pour mercredi lors des \u00ab\u00a0pots de d\u00e9part\u00a0\u00bb organis\u00e9s d\u00e8s lundi 8\u00a0septembre.<\/p>\n<p>Dans le Lot-et-Garonne<\/p>\n<p><a href=\"https:\/\/www.sudouest.fr\/lot-et-garonne\/agen\/mouvement-du-10-septembre-en-lot-et-garonne-nous-voulons-reprendre-le-pouvoir-aux-politiciens-25774666.php\" target=\"_blank\" rel=\"follow nofollow noopener\">Dans le 47, le mouvement se pr\u00e9pare \u00e9galement depuis plusieurs semaines<\/a>. Mercredi 10\u00a0septembre, plusieurs points de ralliement sont propos\u00e9s\u00a0: \u00e0 10 heures place Jasmin \u00e0 <strong>Agen<\/strong> et au rond-point de Samazan, et \u00e0 14 heures devant la mairie de <strong>Marmande<\/strong>. D\u2019autres communes pourraient \u00eatre concern\u00e9es d\u2019ici l\u00e0. Un rendez-vous est aussi donn\u00e9 \u00e0 10h, place de la mairie \u00e0 <strong>Tonneins<\/strong>. M\u00eame chose de 14h \u00e0 19h, place du march\u00e9, \u00e0 <strong>Monsempron-Libos<\/strong>.<\/p>\n<p>Dans les Landes<\/p>\n<p>Dans les Landes, les acteurs du mouvement misent sur un rassemblement principal \u00e0 <strong>Tarnos<\/strong>, aux portes du Pays basque, o\u00f9 la convergence des actions sera esp\u00e9r\u00e9e avec les \u00ab\u00a0bloqueurs\u00a0\u00bb bayonnais. Ainsi, le rendez-vous est donn\u00e9 \u00e0 Tarnos \u00e0 10h, place de l\u2019\u00e9glise avant une participation \u00e0 l\u2019op\u00e9ration escargot basque sur le pont Henri Grenet \u00e0 Bayonne. Un rassemblement est aussi organis\u00e9 entre 11h30 et 14h devant la pr\u00e9fecture de <strong>Mont-de-Marsan<\/strong>.<\/p>\n<p>En Charente<\/p>\n","protected":false},"excerpt":{"rendered":"&gt;\u00a0\u00ab\u00a0Bloquons tout\u00a0\u00bb\u00a0: tous nos articles sur la mobilisation Des actions se pr\u00e9parent dans toute la France pour le&hellip;\n","protected":false},"author":2,"featured_media":375312,"comment_status":"","ping_status":"","sticky":false,"template":"","format":"standard","meta":{"footnotes":""},"categories":[2],"tags":[11,1011,27,12],"class_list":{"0":"post-375311","1":"post","2":"type-post","3":"status-publish","4":"format-standard","5":"has-post-thumbnail","7":"category-actualites","8":"tag-actualites","9":"tag-fr","10":"tag-france","11":"tag-news"},"share_on_mastodon":{"url":"https:\/\/pubeurope.com\/@fr\/115168885207499428","error":""},"_links":{"self":[{"href":"https:\/\/www.europesays.com\/fr\/wp-json\/wp\/v2\/posts\/375311","targetHints":{"allow":["GET"]}}],"collection":[{"href":"https:\/\/www.europesays.com\/fr\/wp-json\/wp\/v2\/posts"}],"about":[{"href":"https:\/\/www.europesays.com\/fr\/wp-json\/wp\/v2\/types\/post"}],"author":[{"embeddable":true,"href":"https:\/\/www.europesays.com\/fr\/wp-json\/wp\/v2\/users\/2"}],"replies":[{"embeddable":true,"href":"https:\/\/www.europesays.com\/fr\/wp-json\/wp\/v2\/comments?post=375311"}],"version-history":[{"count":0,"href":"https:\/\/www.europesays.com\/fr\/wp-json\/wp\/v2\/posts\/375311\/revisions"}],"wp:featuredmedia":[{"embeddable":true,"href":"https:\/\/www.europesays.com\/fr\/wp-json\/wp\/v2\/media\/375312"}],"wp:attachment":[{"href":"https:\/\/www.europesays.com\/fr\/wp-json\/wp\/v2\/media?parent=375311"}],"wp:term":[{"taxonomy":"category","embeddable":true,"href":"https:\/\/www.europesays.com\/fr\/wp-json\/wp\/v2\/categories?post=375311"},{"taxonomy":"post_tag","embeddable":true,"href":"https:\/\/www.europesays.com\/fr\/wp-json\/wp\/v2\/tags?post=375311"}],"curies":[{"name":"wp","href":"https:\/\/api.w.org\/{rel}","templated":true}]}}