{"id":375315,"date":"2025-09-08T13:22:15","date_gmt":"2025-09-08T13:22:15","guid":{"rendered":"https:\/\/www.europesays.com\/fr\/375315\/"},"modified":"2025-09-08T13:22:15","modified_gmt":"2025-09-08T13:22:15","slug":"lola-dubini-a-saint-etienne-aux-trois-ducs","status":"publish","type":"post","link":"https:\/\/www.europesays.com\/fr\/375315\/","title":{"rendered":"LOLA DUBINI \u00c0 SAINT-\u00c9TIENNE AUX TROIS DUCS"},"content":{"rendered":"<p>                <a href=\"https:\/\/42info.fr\/terminator-2-au-megarama-chavanelle-hasta-la-vista-baby\/\" target=\"_blank\" aria-label=\"Banni\u00e8re Cin\u00e9ma\" rel=\"noopener\"><img loading=\"lazy\" decoding=\"async\" src=\"https:\/\/www.europesays.com\/fr\/wp-content\/uploads\/2025\/09\/Banniere-Cinema.jpg\" alt=\"\"   width=\"2000\" height=\"902\"\/><\/a><\/p>\n<p>Cette nouvelle production sc\u00e9nique montre le talent multiple de Lola Dubini, capable de naviguer avec aisance entre registres comique et musical. Le public st\u00e9phanois d\u00e9couvrira notamment son r\u00e9cent single \u00ab\u00a0Fant\u00f4mes\u00a0\u00bb, sorti en juin dernier, int\u00e9gr\u00e9 dans cette cr\u00e9ation originale.<\/p>\n<p>L\u2019ann\u00e9e 2025 offre une popularit\u00e9 grandissante pour Lola Dubini. Elle s\u2019est notamment illustr\u00e9e en remportant deux \u00e9missions t\u00e9l\u00e9vis\u00e9es majeures : \u00ab\u00a0Mask Singer\u00a0\u00bb sur TF1 et \u00ab\u00a0Murder Party au mus\u00e9e\u00a0\u00bb diffus\u00e9e sur M6.<\/p>\n<p><strong>Lola DUBINI le 10 octobre 2025 aux Trois Ducs \u00e0 20h30, plus d\u2019info <a href=\"https:\/\/www.lestroisducs.fr\/artiste\/lola-dubini\" target=\"_blank\" rel=\"noopener\">ICI<\/a>.<\/strong><\/p>\n<p><img loading=\"lazy\" decoding=\"async\" width=\"683\" height=\"1024\" src=\"https:\/\/www.europesays.com\/fr\/wp-content\/uploads\/2025\/09\/Lola_11-683x1024.jpg\" alt=\"\" class=\"wp-image-58473\" style=\"width:683px;height:auto\"  \/><\/p>\n<p>Photo \u00a9 Julie Michelet<\/p>\n","protected":false},"excerpt":{"rendered":"Cette nouvelle production sc\u00e9nique montre le talent multiple de Lola Dubini, capable de naviguer avec aisance entre registres&hellip;\n","protected":false},"author":2,"featured_media":375316,"comment_status":"","ping_status":"","sticky":false,"template":"","format":"standard","meta":{"footnotes":""},"categories":[9653],"tags":[1111,11,2430,1777,674,1011,27,29821,3367,46721,12,25,4001],"class_list":{"0":"post-375315","1":"post","2":"type-post","3":"status-publish","4":"format-standard","5":"has-post-thumbnail","7":"category-saint-etienne","8":"tag-actu","9":"tag-actualites","10":"tag-auvergne-rhone-alpes","11":"tag-eu","12":"tag-europe","13":"tag-fr","14":"tag-france","15":"tag-les-trois-ducs","16":"tag-loire","17":"tag-lola-dubini","18":"tag-news","19":"tag-republique-francaise","20":"tag-saint-etienne"},"share_on_mastodon":{"url":"https:\/\/pubeurope.com\/@fr\/115168893155874147","error":""},"_links":{"self":[{"href":"https:\/\/www.europesays.com\/fr\/wp-json\/wp\/v2\/posts\/375315","targetHints":{"allow":["GET"]}}],"collection":[{"href":"https:\/\/www.europesays.com\/fr\/wp-json\/wp\/v2\/posts"}],"about":[{"href":"https:\/\/www.europesays.com\/fr\/wp-json\/wp\/v2\/types\/post"}],"author":[{"embeddable":true,"href":"https:\/\/www.europesays.com\/fr\/wp-json\/wp\/v2\/users\/2"}],"replies":[{"embeddable":true,"href":"https:\/\/www.europesays.com\/fr\/wp-json\/wp\/v2\/comments?post=375315"}],"version-history":[{"count":0,"href":"https:\/\/www.europesays.com\/fr\/wp-json\/wp\/v2\/posts\/375315\/revisions"}],"wp:featuredmedia":[{"embeddable":true,"href":"https:\/\/www.europesays.com\/fr\/wp-json\/wp\/v2\/media\/375316"}],"wp:attachment":[{"href":"https:\/\/www.europesays.com\/fr\/wp-json\/wp\/v2\/media?parent=375315"}],"wp:term":[{"taxonomy":"category","embeddable":true,"href":"https:\/\/www.europesays.com\/fr\/wp-json\/wp\/v2\/categories?post=375315"},{"taxonomy":"post_tag","embeddable":true,"href":"https:\/\/www.europesays.com\/fr\/wp-json\/wp\/v2\/tags?post=375315"}],"curies":[{"name":"wp","href":"https:\/\/api.w.org\/{rel}","templated":true}]}}