{"id":375325,"date":"2025-09-08T13:28:10","date_gmt":"2025-09-08T13:28:10","guid":{"rendered":"https:\/\/www.europesays.com\/fr\/375325\/"},"modified":"2025-09-08T13:28:10","modified_gmt":"2025-09-08T13:28:10","slug":"petit-loyer-contre-benevolat-les-colocations-kaps-attirent-toujours-plus-detudiants-montpellierains","status":"publish","type":"post","link":"https:\/\/www.europesays.com\/fr\/375325\/","title":{"rendered":"Petit loyer contre b\u00e9n\u00e9volat\u00a0: les colocations Kaps attirent toujours plus d\u2019\u00e9tudiants montpelli\u00e9rains"},"content":{"rendered":"<p>\n                                                                Lanc\u00e9 en 2022 par l\u2019Afev dans le quartier de La Mosson, le concept s\u2019ouvre pour cette rentr\u00e9e 2025 \u00e0 une cinquantaine d\u2019\u00e9tudiants montpelli\u00e9rains.\n                            <\/p>\n<p>Une quinzaine de b\u00e9n\u00e9ficiaires en 2022 lors de son lancement, plus de cinquante pour cette ann\u00e9e scolaire 2025-2026. En pleine crise du logement \u00e9tudiant et face aux prix des loyers montpelli\u00e9rains, les \u00ab\u00a0colocations \u00e0 projets solidaires\u00a0\u00bb Kaps se sont impos\u00e9s comme une r\u00e9ponse \u00e0 la pr\u00e9carit\u00e9 \u00e9tudiante. Pour preuve, les 300 candidatures re\u00e7ues ces derni\u00e8res semaines par les membres de l\u2019association Afev, qui porte le projet en partenariat avec ACM Habitat, la ville de Montpellier et la Caf.<\/p>\n<p>Un petit loyer contre des heures de b\u00e9n\u00e9volat<\/p>\n<p>\u00ab\u00a0Nos colocations \u00e0 projet solidaire proposent \u00e0 des jeunes des logements mis \u00e0 disposition par le bailleur social dans le quartier de La Mosson, en \u00e9change d\u2019une implication b\u00e9n\u00e9vole dans la vie associative locale\u00a0\u00bb, d\u00e9taille Claire Brun Mandon, d\u00e9l\u00e9gu\u00e9e territoriale de l\u2019Afev. Une chambre \u00e0 150\u00a0\u20ac par mois en moyenne\u00a0contre 5h d\u2019engagement solidaire aupr\u00e8s des jeunes du quartier, via un syst\u00e8me de tutorat, et aux c\u00f4t\u00e9s des associations du quartier.<\/p>\n<p>\u00ab\u00a0Ouvrir les enfants \u00e0 la Culture, tenir une \u00e9picerie solidaire, faire de l\u2019aide aux devoirs, s\u2019impliquer au th\u00e9\u00e2tre Jean Vilar\u2026 Il y a de multiples possibilit\u00e9s d\u2019engagement. Bien s\u00fbr que la question du prix du loyer est centrale. Mais si vous enlevez cette charge, et par la m\u00eame occasion l\u2019obligation pour les \u00e9tudiants de travailler pour payer leur loyer, vous lib\u00e9rez du temps pour leur permettre de s\u2019engager dans une action sociale. Et \u00e7a fonctionne\u00a0!\u00a0\u00bb\u00a0\u00c7a fonctionne tellement bien que l\u2019Afev ambitionne d\u2019accompagner soixante \u00ab\u00a0kapseurs\u00a0\u00bb d\u00e8s la rentr\u00e9e 2026.<\/p>\n","protected":false},"excerpt":{"rendered":"Lanc\u00e9 en 2022 par l\u2019Afev dans le quartier de La Mosson, le concept s\u2019ouvre pour cette rentr\u00e9e 2025&hellip;\n","protected":false},"author":2,"featured_media":375326,"comment_status":"","ping_status":"","sticky":false,"template":"","format":"standard","meta":{"footnotes":""},"categories":[9599],"tags":[1111,11,1777,674,1011,27,2208,12,2680,25],"class_list":{"0":"post-375325","1":"post","2":"type-post","3":"status-publish","4":"format-standard","5":"has-post-thumbnail","7":"category-montpellier","8":"tag-actu","9":"tag-actualites","10":"tag-eu","11":"tag-europe","12":"tag-fr","13":"tag-france","14":"tag-montpellier","15":"tag-news","16":"tag-occitanie","17":"tag-republique-francaise"},"share_on_mastodon":{"url":"https:\/\/pubeurope.com\/@fr\/115168916672484817","error":""},"_links":{"self":[{"href":"https:\/\/www.europesays.com\/fr\/wp-json\/wp\/v2\/posts\/375325","targetHints":{"allow":["GET"]}}],"collection":[{"href":"https:\/\/www.europesays.com\/fr\/wp-json\/wp\/v2\/posts"}],"about":[{"href":"https:\/\/www.europesays.com\/fr\/wp-json\/wp\/v2\/types\/post"}],"author":[{"embeddable":true,"href":"https:\/\/www.europesays.com\/fr\/wp-json\/wp\/v2\/users\/2"}],"replies":[{"embeddable":true,"href":"https:\/\/www.europesays.com\/fr\/wp-json\/wp\/v2\/comments?post=375325"}],"version-history":[{"count":0,"href":"https:\/\/www.europesays.com\/fr\/wp-json\/wp\/v2\/posts\/375325\/revisions"}],"wp:featuredmedia":[{"embeddable":true,"href":"https:\/\/www.europesays.com\/fr\/wp-json\/wp\/v2\/media\/375326"}],"wp:attachment":[{"href":"https:\/\/www.europesays.com\/fr\/wp-json\/wp\/v2\/media?parent=375325"}],"wp:term":[{"taxonomy":"category","embeddable":true,"href":"https:\/\/www.europesays.com\/fr\/wp-json\/wp\/v2\/categories?post=375325"},{"taxonomy":"post_tag","embeddable":true,"href":"https:\/\/www.europesays.com\/fr\/wp-json\/wp\/v2\/tags?post=375325"}],"curies":[{"name":"wp","href":"https:\/\/api.w.org\/{rel}","templated":true}]}}