{"id":375345,"date":"2025-09-08T13:39:08","date_gmt":"2025-09-08T13:39:08","guid":{"rendered":"https:\/\/www.europesays.com\/fr\/375345\/"},"modified":"2025-09-08T13:39:08","modified_gmt":"2025-09-08T13:39:08","slug":"a-nantes-ce-festival-de-la-biere-artisanale-met-en-avant-le-savoir-faire-local","status":"publish","type":"post","link":"https:\/\/www.europesays.com\/fr\/375345\/","title":{"rendered":"\u00c0 Nantes, ce festival de la bi\u00e8re artisanale met en avant le savoir-faire local"},"content":{"rendered":"<p>            Par<br \/>\n        <strong><br \/>\n            <a href=\"https:\/\/actu.fr\/auteur\/thomas-bernard\" title=\"Consulter tous les articles de Thomas Bernard\" rel=\"nofollow noopener\" target=\"_blank\">Thomas Bernard<\/a><br \/>\n        <\/strong><\/p>\n<p>        Publi\u00e9 le<\/p>\n<p>            8 sept. 2025 \u00e0 15h10        <\/p>\n<p>C\u2019est un rendez-vous appr\u00e9ci\u00e9 des passionn\u00e9s de houblons. Du lundi\u00a08 au dimanche 14\u00a0septembre, le festival de la bi\u00e8re artisanale, <a href=\"https:\/\/nantes-sous-pression.com\/\" rel=\"nofollow noopener\" target=\"_blank\">Nantes sous pression<\/a>, fait son retour pour une sixi\u00e8me \u00e9dition.\u00a0Un rendez-vous organis\u00e9 par l\u2019association <a href=\"https:\/\/www.facebook.com\/nantesbeerclub44\/?locale=fr_FR\" rel=\"nofollow noopener\" target=\"_blank\">Nantes Beer Club<\/a>.<\/p>\n<p class=\" wall-content\">D\u00e9gustations, visites de brasseries, animations sont au programme de l\u2019\u00e9dition 2025. Point culminant du festival, le week-end final (13 et 14\u00a0septembre) au Solilab <strong>sur l\u2019\u00eele de Nantes<\/strong> r\u00e9unissant plus de 40 brasseries artisanales.<\/p>\n<p>Mettre en avant la sc\u00e8ne locale<\/p>\n<p class=\" wall-content\">Le festival d\u00e9butera le 8\u00a0septembre par le<strong> per\u00e7age des f\u00fbts de la bi\u00e8re<\/strong> du festival dans les bars partenaires et lieux accueillants des \u00e9v\u00e9nements. Des visites de brasserie artisanales et autres ateliers sont propos\u00e9s tout au long de la semaine dans toute la m\u00e9tropole nantaise. Retrouvez <a href=\"https:\/\/nantes-sous-pression.com\/evenements-nantes\" rel=\"nofollow noopener\" target=\"_blank\">la programmation compl\u00e8te sur le site du festival<\/a>.<\/p>\n<p class=\" wall-content\">\u00ab\u2009L\u2019objectif du festival Nantes Sous Pression est de faire d\u00e9couvrir \u00e0 tous les publics, professionnels comme amateurs, <strong>la richesse de la sc\u00e8ne de la bi\u00e8re artisanale locale et r\u00e9gionale, nationale et internationale\u2009\u00bb<\/strong>, expliquent les organisateurs.<\/p>\n<p class=\" wall-content\"><a href=\"https:\/\/www.instagram.com\/p\/DMlPvalif0Y\/embed\" title=\"Ouvrir le lien sur Instagram\" rel=\"nofollow noopener\" target=\"_blank\">Visualiser le contenu sur Instagram<\/a><\/p>\n<p class=\" wall-content\">Le grand final de l\u2019\u00e9v\u00e9nement se d\u00e9roulera <a href=\"https:\/\/www.helloasso.com\/associations\/nantes-beer-club\/evenements\/nantes-sous-pression-2025\" rel=\"nofollow noopener\" target=\"_blank\">le samedi\u00a013 et dimanche 14\u00a0septembre au Solilab<\/a> (entr\u00e9e \u00e0 9\u00a0euros le samedi, \u00e0 huit euros le dimanche). <strong>Une quarantaine de stands<\/strong> seront pr\u00e9sents sur l\u2019\u00eele de Nantes, tout au long du week-end. Des cidreries et une cave sp\u00e9cialis\u00e9e dans le sans-alcool participeront aux festivit\u00e9s.<\/p>\n<p>L\u2019abus d\u2019alcool est dangereux pour la sant\u00e9, \u00e0 consommer avec mod\u00e9ration.<\/p>\n<p class=\" wall-content\">Personnalisez votre actualit\u00e9 en ajoutant vos villes et m\u00e9dias en favori avec <a href=\"https:\/\/moncompte.actu.fr\" title=\"D\u00e9couvez Mon Actu\" rel=\"nofollow noopener\" data-trk=\"{&quot;cta&quot;:{&quot;action&quot;:&quot;https:\\\/\\\/moncompte.actu.fr&quot;,&quot;category&quot;:&quot;mon compte&quot;,&quot;from&quot;:&quot;article footer&quot;,&quot;name&quot;:&quot;Mon actu&quot;,&quot;type&quot;:&quot;cta&quot;}}\" target=\"_blank\">Mon Actu<\/a>.<\/p>\n<p>                    <script async src=\"\/\/www.instagram.com\/embed.js\"><\/script><\/p>\n","protected":false},"excerpt":{"rendered":"Par Thomas Bernard Publi\u00e9 le 8 sept. 2025 \u00e0 15h10 C\u2019est un rendez-vous appr\u00e9ci\u00e9 des passionn\u00e9s de houblons.&hellip;\n","protected":false},"author":2,"featured_media":375346,"comment_status":"","ping_status":"","sticky":false,"template":"","format":"standard","meta":{"footnotes":""},"categories":[2818],"tags":[1111,11,7722,1777,674,1011,27,1652,766,12,2636,25],"class_list":{"0":"post-375345","1":"post","2":"type-post","3":"status-publish","4":"format-standard","5":"has-post-thumbnail","7":"category-nantes","8":"tag-actu","9":"tag-actualites","10":"tag-biere","11":"tag-eu","12":"tag-europe","13":"tag-fr","14":"tag-france","15":"tag-loisirs-culture","16":"tag-nantes","17":"tag-news","18":"tag-pays-de-la-loire","19":"tag-republique-francaise"},"share_on_mastodon":{"url":"https:\/\/pubeurope.com\/@fr\/115168959877183687","error":""},"_links":{"self":[{"href":"https:\/\/www.europesays.com\/fr\/wp-json\/wp\/v2\/posts\/375345","targetHints":{"allow":["GET"]}}],"collection":[{"href":"https:\/\/www.europesays.com\/fr\/wp-json\/wp\/v2\/posts"}],"about":[{"href":"https:\/\/www.europesays.com\/fr\/wp-json\/wp\/v2\/types\/post"}],"author":[{"embeddable":true,"href":"https:\/\/www.europesays.com\/fr\/wp-json\/wp\/v2\/users\/2"}],"replies":[{"embeddable":true,"href":"https:\/\/www.europesays.com\/fr\/wp-json\/wp\/v2\/comments?post=375345"}],"version-history":[{"count":0,"href":"https:\/\/www.europesays.com\/fr\/wp-json\/wp\/v2\/posts\/375345\/revisions"}],"wp:featuredmedia":[{"embeddable":true,"href":"https:\/\/www.europesays.com\/fr\/wp-json\/wp\/v2\/media\/375346"}],"wp:attachment":[{"href":"https:\/\/www.europesays.com\/fr\/wp-json\/wp\/v2\/media?parent=375345"}],"wp:term":[{"taxonomy":"category","embeddable":true,"href":"https:\/\/www.europesays.com\/fr\/wp-json\/wp\/v2\/categories?post=375345"},{"taxonomy":"post_tag","embeddable":true,"href":"https:\/\/www.europesays.com\/fr\/wp-json\/wp\/v2\/tags?post=375345"}],"curies":[{"name":"wp","href":"https:\/\/api.w.org\/{rel}","templated":true}]}}