{"id":375364,"date":"2025-09-08T13:49:10","date_gmt":"2025-09-08T13:49:10","guid":{"rendered":"https:\/\/www.europesays.com\/fr\/375364\/"},"modified":"2025-09-08T13:49:10","modified_gmt":"2025-09-08T13:49:10","slug":"pres-de-lyon-circulation-inhabituelle-sur-ces-routes-les-gendarmes-alertent-voici-pourquoi","status":"publish","type":"post","link":"https:\/\/www.europesays.com\/fr\/375364\/","title":{"rendered":"Pr\u00e8s de Lyon. \u00ab\u00a0Circulation inhabituelle\u00a0\u00bb sur ces routes, les gendarmes alertent : voici pourquoi"},"content":{"rendered":"<p>            Par<br \/>\n        <strong><br \/>\n            <a href=\"https:\/\/actu.fr\/auteur\/julien-damboise\" title=\"Consulter tous les articles de Julien Damboise\" rel=\"nofollow noopener\" target=\"_blank\">Julien Damboise<\/a><br \/>\n        <\/strong><\/p>\n<p>        Publi\u00e9 le<\/p>\n<p>            8 sept. 2025 \u00e0 14h45        <\/p>\n<p>Les <strong>r\u00e9coltes de raisins<\/strong> ont d\u00e9but\u00e9 dans le d\u00e9partement du Rh\u00f4ne en ce d\u00e9but septembre, comme dans le <a href=\"https:\/\/actu.fr\/tag\/beaujolais\" rel=\"nofollow noopener\" target=\"_blank\">Beaujolais<\/a>. Cette ann\u00e9e, les <a href=\"https:\/\/actu.fr\/societe\/la-gendarmerie-de-l-oise-alerte-sur-cette-arnaque-en-cours-qui-peut-toucher-n-importe-qui_63119641.html\" rel=\"nofollow noopener\" target=\"_blank\">gendarmes<\/a> du d\u00e9partement alertent sur l\u2019importance de bien respecter le Code de la route durant cette <strong>p\u00e9riode sp\u00e9ciale<\/strong>, afin d\u2019\u00e9viter tout <a href=\"https:\/\/actu.fr\/tag\/accident\" rel=\"nofollow noopener\" target=\"_blank\">accident<\/a>.<\/p>\n<p>Une \u00ab\u00a0p\u00e9riode inhabituelle\u00a0\u00bb<\/p>\n<p class=\" wall-content\">D\u2019apr\u00e8s les militaires du Rh\u00f4ne, la p\u00e9riode des <a href=\"https:\/\/actu.fr\/societe\/30-de-main-d-oeuvre-en-moins-pourquoi-les-vignerons-francais-galerent-autant-a-recruter-pour-les-vendanges_62971704.html\" rel=\"nofollow noopener\" target=\"_blank\">vendanges<\/a> entra\u00eene une <strong>circulation inhabituelle<\/strong> sur les routes avec la pr\u00e9sence accrue d\u2019engins agricoles \u00e0 toute heure du jour ou de la nuit.<\/p>\n<p class=\" wall-content\">Des engins souvent plus lents, plus encombrants que les voitures, n\u00e9cessitant une <strong>attention particuli\u00e8re<\/strong> de la part de tous les usagers afin de garantir la s\u00e9curit\u00e9 de chacun.<\/p>\n<p class=\" wall-content\">Les gendarmes ont donc list\u00e9 une s\u00e9rie de conseils \u00e0 destination des usagers de la route pour \u00e9viter tout incident.<\/p>\n<p>Pour les automobilistes et motards<\/p>\n<p class=\" wall-content\">Pour \u00eatre prudent, il faut donc<strong> faire preuve de patience<\/strong>, puisque les engins agricoles roulent fr\u00e9quemment \u00e0 moins de 30 km\/h, surtout sur les routes d\u00e9partementales. \u00ab\u00a0D\u00e9passer uniquement lorsque la visibilit\u00e9 est parfaite\u00a0\u00bb, commence \u00e0 rappeler les forces de l\u2019ordre.<\/p>\n<p class=\" wall-content\">Dans la lign\u00e9e, il faut aussi garder ses distances et laisser un espace suffisant pour anticiper tout freinage ou <strong>man\u0153uvre impr\u00e9vue<\/strong>. Ne pas se laisser surprendre est d\u2019ailleurs l\u2019un des enseignements fort de ce rappel de la <a href=\"https:\/\/actu.fr\/tag\/gendarmerie\" rel=\"nofollow noopener\" target=\"_blank\">gendarmerie<\/a>.<\/p>\n<blockquote class=\"ac-article-quote wall-content\">\n<p>\u00catre attentif aux entr\u00e9es et sorties de parcelles, les engins peuvent surgir de chemins agricoles, parfois masqu\u00e9s par la v\u00e9g\u00e9tation.<\/p>\n<p>    <strong>Gendarmerie du Rh\u00f4ne<\/strong>\n            <\/p><\/blockquote>\n<p>Votre r\u00e9gion, votre actu !<\/p>\n<p>Recevez chaque jour les infos qui comptent pour vous.<\/p>\n<p>\t<a href=\"https:\/\/actu.fr\/newsletter\" class=\"ac-btn ac-btn--corner ac-btn--medium ac-btn--blue800\" rel=\"nofollow noopener\" target=\"_blank\">S&rsquo;incrire<\/a><br \/>\nLes agriculteurs cibl\u00e9s aussi<\/p>\n<p class=\" wall-content\">Les conducteurs d\u2019engins agricoles font aussi l\u2019objet d\u2019une piqure de rappel. Parmi les conseils :<\/p>\n<ul class=\" wall-content\">\n<li>Respecter les <strong>limitations de vitesse<\/strong>, en agglom\u00e9ration comme hors agglom\u00e9ration, adapter sa vitesse aux conditions de circulation et de visibilit\u00e9<\/li>\n<li>Utiliser la<strong> signalisation r\u00e9glementaire<\/strong>, feux de croisement allum\u00e9s, gyrophare orange en fonctionnement, panneaux \u00ab v\u00e9hicule lent \u00bb bien visibles<\/li>\n<li>Maintenir un <strong>bon \u00e9tat du v\u00e9hicule<\/strong>, freins, \u00e9clairage des remorques et r\u00e9troviseurs doivent \u00eatre en parfait \u00e9tat pour assurer une conduite s\u00e9curis\u00e9e<\/li>\n<li><strong>Ne pas surcharger<\/strong>, \u00e9viter le d\u00e9bordement de raisins ou de mat\u00e9riel qui pourrait tomber sur la chauss\u00e9e et provoquer un accident<\/li>\n<\/ul>\n<p class=\" wall-content\">La gendarmerie indique enfin qu\u2019en cas d\u2019infraction au code de la route, les sanctions s\u2019appliquent<strong> de la m\u00eame mani\u00e8re<\/strong> aux engins agricoles qu\u2019aux autres v\u00e9hicules.<\/p>\n<p class=\" wall-content\">Personnalisez votre actualit\u00e9 en ajoutant vos villes et m\u00e9dias en favori avec <a href=\"https:\/\/moncompte.actu.fr\" title=\"D\u00e9couvez Mon Actu\" rel=\"nofollow noopener\" data-trk=\"{&quot;cta&quot;:{&quot;action&quot;:&quot;https:\\\/\\\/moncompte.actu.fr&quot;,&quot;category&quot;:&quot;mon compte&quot;,&quot;from&quot;:&quot;article footer&quot;,&quot;name&quot;:&quot;Mon actu&quot;,&quot;type&quot;:&quot;cta&quot;}}\" target=\"_blank\">Mon Actu<\/a>.<\/p>\n","protected":false},"excerpt":{"rendered":"Par Julien Damboise Publi\u00e9 le 8 sept. 2025 \u00e0 14h45 Les r\u00e9coltes de raisins ont d\u00e9but\u00e9 dans le&hellip;\n","protected":false},"author":2,"featured_media":375365,"comment_status":"","ping_status":"","sticky":false,"template":"","format":"standard","meta":{"footnotes":""},"categories":[1889],"tags":[1111,11,327,646,2430,1777,674,1011,27,3381,2428,12,25,104],"class_list":{"0":"post-375364","1":"post","2":"type-post","3":"status-publish","4":"format-standard","5":"has-post-thumbnail","7":"category-lyon","8":"tag-actu","9":"tag-actualites","10":"tag-agriculture","11":"tag-automobile","12":"tag-auvergne-rhone-alpes","13":"tag-eu","14":"tag-europe","15":"tag-fr","16":"tag-france","17":"tag-gendarmerie","18":"tag-lyon","19":"tag-news","20":"tag-republique-francaise","21":"tag-societe"},"share_on_mastodon":{"url":"https:\/\/pubeurope.com\/@fr\/115168999215554821","error":""},"_links":{"self":[{"href":"https:\/\/www.europesays.com\/fr\/wp-json\/wp\/v2\/posts\/375364","targetHints":{"allow":["GET"]}}],"collection":[{"href":"https:\/\/www.europesays.com\/fr\/wp-json\/wp\/v2\/posts"}],"about":[{"href":"https:\/\/www.europesays.com\/fr\/wp-json\/wp\/v2\/types\/post"}],"author":[{"embeddable":true,"href":"https:\/\/www.europesays.com\/fr\/wp-json\/wp\/v2\/users\/2"}],"replies":[{"embeddable":true,"href":"https:\/\/www.europesays.com\/fr\/wp-json\/wp\/v2\/comments?post=375364"}],"version-history":[{"count":0,"href":"https:\/\/www.europesays.com\/fr\/wp-json\/wp\/v2\/posts\/375364\/revisions"}],"wp:featuredmedia":[{"embeddable":true,"href":"https:\/\/www.europesays.com\/fr\/wp-json\/wp\/v2\/media\/375365"}],"wp:attachment":[{"href":"https:\/\/www.europesays.com\/fr\/wp-json\/wp\/v2\/media?parent=375364"}],"wp:term":[{"taxonomy":"category","embeddable":true,"href":"https:\/\/www.europesays.com\/fr\/wp-json\/wp\/v2\/categories?post=375364"},{"taxonomy":"post_tag","embeddable":true,"href":"https:\/\/www.europesays.com\/fr\/wp-json\/wp\/v2\/tags?post=375364"}],"curies":[{"name":"wp","href":"https:\/\/api.w.org\/{rel}","templated":true}]}}