{"id":375380,"date":"2025-09-08T13:58:12","date_gmt":"2025-09-08T13:58:12","guid":{"rendered":"https:\/\/www.europesays.com\/fr\/375380\/"},"modified":"2025-09-08T13:58:12","modified_gmt":"2025-09-08T13:58:12","slug":"guerre-en-ukraine-la-conquete-de-lukraine-nest-quun-debut-pour-poutine-accuse-le-chancelier-allemand","status":"publish","type":"post","link":"https:\/\/www.europesays.com\/fr\/375380\/","title":{"rendered":"Guerre en Ukraine\u00a0: la conqu\u00eate de l\u2019Ukraine n\u2019est &lsquo;qu\u2019un d\u00e9but&rsquo; pour Poutine, accuse le chancelier allemand"},"content":{"rendered":"<p>Cette mise en garde intervient alors que le chef du gouvernement allemand a fait du r\u00e9armement de l\u2019Europe une priorit\u00e9 absolue, afin que le continent puisse faire face \u00e0 la menace russe, mais aussi s\u2019adapter <a href=\"https:\/\/www.rtbf.be\/article\/guerre-en-ukraine-donald-trump-n-exclut-pas-de-prendre-de-nouvelles-sanctions-contre-la-russie-11597714\" rel=\"nofollow noopener\" target=\"_blank\">au d\u00e9sengagement am\u00e9ricain, depuis l\u2019\u00e9lection de Donald Trump<\/a>.<\/p>\n<p>\u00ab\u00a0Tout indique que le plan imp\u00e9rialiste de Poutine ne se terminerait pas avec la conqu\u00eate de l\u2019Ukraine, mais que ce ne serait qu\u2019un d\u00e9but\u00a0\u00bb, a-t-il d\u00e9clar\u00e9 lors de la conf\u00e9rence annuelle r\u00e9unissant les ambassadeurs allemands.<\/p>\n<p>L\u2019Allemagne assiste \u00ab\u00a0quotidiennement \u00e0 des attaques hybrides de la Russie de plus en plus intenses et agressives\u00a0\u00bb, visant notamment ses \u00ab\u00a0infrastructures\u00a0\u00bb, a aussi accus\u00e9 M. Merz.<\/p>\n<p>Berlin observe aussi \u00ab\u00a0les provocations\u00a0\u00bb de Moscou \u00ab\u00a0en mer du Nord et en mer Baltique\u00a0\u00bb, a ajout\u00e9 le chancelier, pour qui \u00ab\u00a0la Russie et la Chine tentent de s\u00e9curiser des sph\u00e8res d\u2019influence en Europe du Sud-Est\u00a0\u00bb.<\/p>\n<p>Pour M. Merz, \u00ab\u00a0un nouveau conflit syst\u00e9mique a d\u00e9j\u00e0 \u00e9clat\u00e9 entre les d\u00e9mocraties lib\u00e9rales et un axe des autocraties\u00a0\u00bb, et \u00ab\u00a0ce que nous appelions l\u2019ordre mondial lib\u00e9ral est d\u00e9sormais sous pression de multiples c\u00f4t\u00e9s\u00a0\u00bb.<\/p>\n","protected":false},"excerpt":{"rendered":"Cette mise en garde intervient alors que le chef du gouvernement allemand a fait du r\u00e9armement de l\u2019Europe&hellip;\n","protected":false},"author":2,"featured_media":375381,"comment_status":"","ping_status":"","sticky":false,"template":"","format":"standard","meta":{"footnotes":""},"categories":[1590],"tags":[11,1777,674,12,220],"class_list":{"0":"post-375380","1":"post","2":"type-post","3":"status-publish","4":"format-standard","5":"has-post-thumbnail","7":"category-ukraine","8":"tag-actualites","9":"tag-eu","10":"tag-europe","11":"tag-news","12":"tag-ukraine"},"share_on_mastodon":{"url":"https:\/\/pubeurope.com\/@fr\/115169035185340248","error":""},"_links":{"self":[{"href":"https:\/\/www.europesays.com\/fr\/wp-json\/wp\/v2\/posts\/375380","targetHints":{"allow":["GET"]}}],"collection":[{"href":"https:\/\/www.europesays.com\/fr\/wp-json\/wp\/v2\/posts"}],"about":[{"href":"https:\/\/www.europesays.com\/fr\/wp-json\/wp\/v2\/types\/post"}],"author":[{"embeddable":true,"href":"https:\/\/www.europesays.com\/fr\/wp-json\/wp\/v2\/users\/2"}],"replies":[{"embeddable":true,"href":"https:\/\/www.europesays.com\/fr\/wp-json\/wp\/v2\/comments?post=375380"}],"version-history":[{"count":0,"href":"https:\/\/www.europesays.com\/fr\/wp-json\/wp\/v2\/posts\/375380\/revisions"}],"wp:featuredmedia":[{"embeddable":true,"href":"https:\/\/www.europesays.com\/fr\/wp-json\/wp\/v2\/media\/375381"}],"wp:attachment":[{"href":"https:\/\/www.europesays.com\/fr\/wp-json\/wp\/v2\/media?parent=375380"}],"wp:term":[{"taxonomy":"category","embeddable":true,"href":"https:\/\/www.europesays.com\/fr\/wp-json\/wp\/v2\/categories?post=375380"},{"taxonomy":"post_tag","embeddable":true,"href":"https:\/\/www.europesays.com\/fr\/wp-json\/wp\/v2\/tags?post=375380"}],"curies":[{"name":"wp","href":"https:\/\/api.w.org\/{rel}","templated":true}]}}