{"id":375395,"date":"2025-09-08T14:06:14","date_gmt":"2025-09-08T14:06:14","guid":{"rendered":"https:\/\/www.europesays.com\/fr\/375395\/"},"modified":"2025-09-08T14:06:14","modified_gmt":"2025-09-08T14:06:14","slug":"immigration-la-france-devient-le-premier-pays-pour-les-demandes-dasile-en-europe","status":"publish","type":"post","link":"https:\/\/www.europesays.com\/fr\/375395\/","title":{"rendered":"Immigration. La France devient le premier pays pour les demandes d&rsquo;asile en Europe"},"content":{"rendered":"<p>La France est d\u00e9sormais le premier pays d\u2019Europe pour le nombre de demandeurs d\u2019asile, devant l\u2019Espagne et l\u2019Allemagne, avec 78\u00a0000 demandes de janvier \u00e0 juin\u00a02025, selon l\u2019Agence europ\u00e9enne de l\u2019asile. Leur nombre est stable dans l\u2019Hexagone alors qu\u2019il baisse de 23\u00a0% en Europe et de 43\u00a0% en Allemagne.<\/p>\n<p>Depuis la chute de Bachar al-Assad, les Syriens ne sont plus <a href=\"https:\/\/www.leprogres.fr\/defense-guerre-conflit\/2025\/08\/05\/violences-en-syrie-il-est-impossible-de-faire-l-abstraction-des-communautes-dans-le-pays\" target=\"_blank\" rel=\"noopener\">les plus nombreux \u00e0 demander l\u2019asile<\/a> en Europe. Ils sont remplac\u00e9s par les V\u00e9n\u00e9zu\u00e9liens.<\/p>\n<p>Les Ukrainiens, premi\u00e8re nationalit\u00e9 pour la demande d&rsquo;asile<\/p>\n<p>Lass\u00e9s par une <a href=\"https:\/\/www.leprogres.fr\/france-monde\/ukraine\" target=\"_blank\" rel=\"noopener\">guerre sans fin<\/a>, de plus en plus d\u2019Ukrainiens ne se satisfont plus de la protection temporaire et d\u00e9cident de demander l\u2019asile dans leur pays d\u2019accueil, dont pr\u00e8s de la moiti\u00e9 en France o\u00f9 leur nombre est en hausse de 77\u00a0%. Ils repr\u00e9sentent d\u00e9sormais la premi\u00e8re nationalit\u00e9 pour la demande d\u2019asile dans l\u2019Hexagone, devant les ressortissants de la r\u00e9publique d\u00e9mocratique du Congo et d\u2019Afghanistan. L\u2019Allemagne et la Pologne restent cependant les pays accueillant le plus d\u2019Ukrainiens, loin devant la France.<\/p>\n","protected":false},"excerpt":{"rendered":"La France est d\u00e9sormais le premier pays d\u2019Europe pour le nombre de demandeurs d\u2019asile, devant l\u2019Espagne et l\u2019Allemagne,&hellip;\n","protected":false},"author":2,"featured_media":375396,"comment_status":"","ping_status":"","sticky":false,"template":"","format":"standard","meta":{"footnotes":""},"categories":[4],"tags":[11,3206,107,1011,27,329,1061,12,25,104],"class_list":{"0":"post-375395","1":"post","2":"type-post","3":"status-publish","4":"format-standard","5":"has-post-thumbnail","7":"category-france","8":"tag-actualites","9":"tag-defense-guerre-conflit","10":"tag-fil-info","11":"tag-fr","12":"tag-france","13":"tag-france-monde","14":"tag-immigration","15":"tag-news","16":"tag-republique-francaise","17":"tag-societe"},"share_on_mastodon":{"url":"https:\/\/pubeurope.com\/@fr\/115169065853843870","error":""},"_links":{"self":[{"href":"https:\/\/www.europesays.com\/fr\/wp-json\/wp\/v2\/posts\/375395","targetHints":{"allow":["GET"]}}],"collection":[{"href":"https:\/\/www.europesays.com\/fr\/wp-json\/wp\/v2\/posts"}],"about":[{"href":"https:\/\/www.europesays.com\/fr\/wp-json\/wp\/v2\/types\/post"}],"author":[{"embeddable":true,"href":"https:\/\/www.europesays.com\/fr\/wp-json\/wp\/v2\/users\/2"}],"replies":[{"embeddable":true,"href":"https:\/\/www.europesays.com\/fr\/wp-json\/wp\/v2\/comments?post=375395"}],"version-history":[{"count":0,"href":"https:\/\/www.europesays.com\/fr\/wp-json\/wp\/v2\/posts\/375395\/revisions"}],"wp:featuredmedia":[{"embeddable":true,"href":"https:\/\/www.europesays.com\/fr\/wp-json\/wp\/v2\/media\/375396"}],"wp:attachment":[{"href":"https:\/\/www.europesays.com\/fr\/wp-json\/wp\/v2\/media?parent=375395"}],"wp:term":[{"taxonomy":"category","embeddable":true,"href":"https:\/\/www.europesays.com\/fr\/wp-json\/wp\/v2\/categories?post=375395"},{"taxonomy":"post_tag","embeddable":true,"href":"https:\/\/www.europesays.com\/fr\/wp-json\/wp\/v2\/tags?post=375395"}],"curies":[{"name":"wp","href":"https:\/\/api.w.org\/{rel}","templated":true}]}}