{"id":375453,"date":"2025-09-08T14:38:09","date_gmt":"2025-09-08T14:38:09","guid":{"rendered":"https:\/\/www.europesays.com\/fr\/375453\/"},"modified":"2025-09-08T14:38:09","modified_gmt":"2025-09-08T14:38:09","slug":"greve-du-10-septembre-les-metros-teor-et-bus-de-rouen-seront-tres-perturbes","status":"publish","type":"post","link":"https:\/\/www.europesays.com\/fr\/375453\/","title":{"rendered":"Gr\u00e8ve du 10 septembre. Les m\u00e9tros, Teor et bus de Rouen seront (tr\u00e8s) perturb\u00e9s"},"content":{"rendered":"<p>            Par<br \/>\n        <strong><br \/>\n            <a href=\"https:\/\/actu.fr\/auteur\/julien-bouteiller\" title=\"Consulter tous les articles de Julien Bouteiller\" target=\"_blank\" rel=\"noopener\">Julien Bouteiller<\/a><br \/>\n        <\/strong><\/p>\n<p>        Publi\u00e9 le<\/p>\n<p>            8 sept. 2025 \u00e0 15h53        <\/p>\n<p>Il faudra anticiper vos d\u00e9placements. Ce mercredi 10 septembre 2025, <a href=\"https:\/\/actu.fr\/normandie\/rouen_76540\/manifestations-blocages-a-quoi-s-attendre-le-10-septembre-a-rouen-et-au-havre_63122216.html\" target=\"_blank\" rel=\"noopener\">journ\u00e9e de mobilisation nationale<\/a> contre la politique du gouvernement, une gr\u00e8ve <strong>perturbera grandement les transports en commun du R\u00e9seau Astuce<\/strong> \u00e0 Rouen.\u00a0<\/p>\n<p class=\" wall-content\">Sur X (ex-Twitter), le r\u00e9seau des transports rouennais annoncent d\u2019importantes perturbations sur les diff\u00e9rentes lignes de bus et tramways.\u00a0<\/p>\n<ul class=\" wall-content\">\n<li><strong>M\u00e9tro :<\/strong> 57% de trafic assur\u00e9<\/li>\n<li><strong>Teor :<\/strong> 48% de trafic assur\u00e9<\/li>\n<li><strong>Lignes F1 \u00e0 F7 :<\/strong> 64% de trafic assur\u00e9<\/li>\n<li><strong>Lignes F8 et F11 :<\/strong> 53% de trafic assur\u00e9<\/li>\n<li><strong>Lignes 10, 15, 20, 22, 27, 41 et 43 :<\/strong> aucun trafic assur\u00e9<\/li>\n<\/ul>\n<p class=\" wall-content\">La journ\u00e9e risque donc d\u2019\u00eatre compliqu\u00e9e dans les transports rouennais.<\/p>\n<p class=\" wall-content\"><strong>C\u00f4t\u00e9 routes<\/strong>, pour le moment, difficile d\u2019anticiper les perturbations. Plusieurs points de blocage\/tractage sont annonc\u00e9s, notamment au rond-point des vaches, ou bien \u00e0 Canteleu, au rond-point du loup. Une manifestation est \u00e9galement pr\u00e9vue \u00e0 partir de 14h, au d\u00e9part de la CPAM, sur l\u2019avenue de Bretagne.<\/p>\n<p class=\" wall-content\">Par ailleurs, des perturbations sont d\u2019ores et d\u00e9j\u00e0 annonc\u00e9es dans des \u00e9coles et accueils p\u00e9riscolaires de l\u2019agglo de Rouen. Les \u00e9tablissements doivent communiquer rapidement aupr\u00e8s des parents.<\/p>\n<p>Suivez l\u2019actualit\u00e9 de Rouen <a href=\"https:\/\/www.whatsapp.com\/channel\/0029VaKfnf99hXF2ddApFB1D\" target=\"_blank\" rel=\"noopener\">sur notre cha\u00eene WhatsApp<\/a> et <a href=\"https:\/\/www.tiktok.com\/@76actu.fr?lang=fr\" target=\"_blank\" rel=\"noopener\">sur notre compte TikTok<\/a><\/p>\n<p class=\" wall-content\">Personnalisez votre actualit\u00e9 en ajoutant vos villes et m\u00e9dias en favori avec <a href=\"https:\/\/moncompte.actu.fr\" title=\"D\u00e9couvez Mon Actu\" rel=\"nofollow noopener\" data-trk=\"{&quot;cta&quot;:{&quot;action&quot;:&quot;https:\\\/\\\/moncompte.actu.fr&quot;,&quot;category&quot;:&quot;mon compte&quot;,&quot;from&quot;:&quot;article footer&quot;,&quot;name&quot;:&quot;Mon actu&quot;,&quot;type&quot;:&quot;cta&quot;}}\" target=\"_blank\">Mon Actu<\/a>.<\/p>\n<p>                    <script async src=\"\/\/www.tiktok.com\/embed.js\"><\/script><\/p>\n","protected":false},"excerpt":{"rendered":"Par Julien Bouteiller Publi\u00e9 le 8 sept. 2025 \u00e0 15h53 Il faudra anticiper vos d\u00e9placements. Ce mercredi 10&hellip;\n","protected":false},"author":2,"featured_media":375454,"comment_status":"","ping_status":"","sticky":false,"template":"","format":"standard","meta":{"footnotes":""},"categories":[9587],"tags":[1111,11,1777,674,1011,27,6151,1272,12,5161,25,9726,9590,104],"class_list":{"0":"post-375453","1":"post","2":"type-post","3":"status-publish","4":"format-standard","5":"has-post-thumbnail","7":"category-rouen","8":"tag-actu","9":"tag-actualites","10":"tag-eu","11":"tag-europe","12":"tag-fr","13":"tag-france","14":"tag-greve","15":"tag-manifestations","16":"tag-news","17":"tag-normandie","18":"tag-republique-francaise","19":"tag-reseau-astuce-tcar","20":"tag-rouen","21":"tag-societe"},"share_on_mastodon":{"url":"https:\/\/pubeurope.com\/@fr\/115169191790386054","error":""},"_links":{"self":[{"href":"https:\/\/www.europesays.com\/fr\/wp-json\/wp\/v2\/posts\/375453","targetHints":{"allow":["GET"]}}],"collection":[{"href":"https:\/\/www.europesays.com\/fr\/wp-json\/wp\/v2\/posts"}],"about":[{"href":"https:\/\/www.europesays.com\/fr\/wp-json\/wp\/v2\/types\/post"}],"author":[{"embeddable":true,"href":"https:\/\/www.europesays.com\/fr\/wp-json\/wp\/v2\/users\/2"}],"replies":[{"embeddable":true,"href":"https:\/\/www.europesays.com\/fr\/wp-json\/wp\/v2\/comments?post=375453"}],"version-history":[{"count":0,"href":"https:\/\/www.europesays.com\/fr\/wp-json\/wp\/v2\/posts\/375453\/revisions"}],"wp:featuredmedia":[{"embeddable":true,"href":"https:\/\/www.europesays.com\/fr\/wp-json\/wp\/v2\/media\/375454"}],"wp:attachment":[{"href":"https:\/\/www.europesays.com\/fr\/wp-json\/wp\/v2\/media?parent=375453"}],"wp:term":[{"taxonomy":"category","embeddable":true,"href":"https:\/\/www.europesays.com\/fr\/wp-json\/wp\/v2\/categories?post=375453"},{"taxonomy":"post_tag","embeddable":true,"href":"https:\/\/www.europesays.com\/fr\/wp-json\/wp\/v2\/tags?post=375453"}],"curies":[{"name":"wp","href":"https:\/\/api.w.org\/{rel}","templated":true}]}}