{"id":375476,"date":"2025-09-08T14:50:10","date_gmt":"2025-09-08T14:50:10","guid":{"rendered":"https:\/\/www.europesays.com\/fr\/375476\/"},"modified":"2025-09-08T14:50:10","modified_gmt":"2025-09-08T14:50:10","slug":"berkem-transfere-deux-labos-perigourdins-vers-son-siege-girondin","status":"publish","type":"post","link":"https:\/\/www.europesays.com\/fr\/375476\/","title":{"rendered":"Berkem transf\u00e8re deux labos p\u00e9rigourdins vers son si\u00e8ge girondin"},"content":{"rendered":"<p>\n\t\t\t\t\t\t\t\t\tSi\u00e8ge social du groupe \u00e0 Blanquefort, au nord-ouest de Bordeaux. Cr\u00e9dit : Google Street View\n\t\t\t\t\t\t\t\t<\/p>\n<p>Les laboratoires de biologie et de R&amp;D du p\u00f4le \u00ab\u00a0Sant\u00e9, Beaut\u00e9 &amp; Nutrition\u00a0\u00bb sont d\u00e9plac\u00e9s depuis Gardonne vers Blanquefort.<\/p>\n<p>Le groupe Berkem, sp\u00e9cialiste de la chimie du v\u00e9g\u00e9tal, annonce le \u00ab\u00a0transfert strat\u00e9gique\u00a0\u00bb des laboratoires de biologie et de R&amp;D de son p\u00f4le d\u2019activit\u00e9s \u00ab\u00a0Sant\u00e9, Beaut\u00e9 &amp; Nutrition\u00a0\u00bb depuis Gardonne (site industriel historique du groupe, en Dordogne) vers le si\u00e8ge, implant\u00e9 \u00e0 Blanquefort (Gironde).<\/p>\n<p>Un hub scientifique de pointe<\/p>\n<p>\u00ab\u00a0Dix laboratoires sont d\u00e9sormais r\u00e9unis sur un m\u00eame site, cr\u00e9ant un hub scientifique de pointe\u00a0\u00bb, est-il soulign\u00e9 dans un communiqu\u00e9 par l\u2019entreprise. Cette derni\u00e8re entend ainsi \u00ab\u00a0soutenir [sa] croissance, faciliter les recrutements et renforcer [ses] collaborations avec l\u2019Universit\u00e9 de Bordeaux, avec laquelle nous travaillons d\u00e9j\u00e0\u00a0\u00bb, commente pour sa part le pr\u00e9sident directeur g\u00e9n\u00e9ral Olivier Fahy. C\u2019est ainsi une \u00ab\u00a0approche int\u00e9gr\u00e9e de la R&amp;D\u00a0\u00bb qui est mise en \u0153uvre, pour \u00ab\u00a0des activit\u00e9s \u00e0 vis\u00e9e cosm\u00e9tique, nutraceutique, agroalimentaire et phytopharmaceutique\u00a0\u00bb.<\/p>\n<p style=\"margin-left: 25px;\"><b>\u00c0 lire \u00e9galement<\/b> &#8211; <a href=\"https:\/\/www.placeco.fr\/gironde\/strategie\/article\/cosmetique-quels-enjeux-derriere-la-nouvelle-acquisition-du-groupe-berkem-7268\" target=\"_blank\" rel=\"nofollow noopener\">Cosm\u00e9tique : quels enjeux derri\u00e8re la nouvelle acquisition du groupe Berkem<\/a><\/p>\n<p>Au sein de cet espace de plus de 650 m\u00b2, deux laboratoires en particulier vont par ailleurs monter en comp\u00e9tence. D\u2019une part le laboratoire d\u2019analyse, qui devient \u00ab\u00a0un laboratoire polyvalent et transversal \u00e0 l\u2019ensemble des laboratoires\u00a0\u00bb (synth\u00e8se, extraction, formulation) \u00e9quip\u00e9 de mat\u00e9riels suppl\u00e9mentaires \u00ab\u00a0permettant de caract\u00e9riser avec pr\u00e9cision l\u2019ensemble de nos produits\u00a0\u00bb. Et d\u2019autre part le laboratoire de biologie : \u00ab Les \u00e9quipements de [celui-ci] associ\u00e9s \u00e0 notre expertise, nous apportent une comp\u00e9tence technique dans l\u2019\u00e9tude et la compr\u00e9hension des m\u00e9canismes d\u2019action des extraits que nous d\u00e9veloppons. Notre laboratoire nous permet de d\u00e9velopper des ingr\u00e9dients avec des performances scientifiquement prouv\u00e9es, que ce soit dans le domaine cosm\u00e9tique ou dans le domaine nutraceutique, nous permettant de r\u00e9pondre aux besoins en constante \u00e9volution de nos clients\u00a0\u00bb, d\u00e9crypte Laurent Cubizolles, directeur R&amp;D et Affaires r\u00e9glementaires produits finis de Berkem. Une enveloppe d\u20191,26 million d\u2019euros est consacr\u00e9e \u00e0 ces \u00e9volutions.<\/p>\n<p><b><a href=\"https:\/\/www.groupeberkem.com\/\" target=\"_blank\" rel=\"nofollow noopener\">Berkem<\/a><\/b><br \/>Si\u00e8ge social : Blanquefort<br \/>Effectif : 250 personnes<br \/>CA (2023) : 52,4 millions d\u2019euros<\/p>\n","protected":false},"excerpt":{"rendered":"Si\u00e8ge social du groupe \u00e0 Blanquefort, au nord-ouest de Bordeaux. Cr\u00e9dit : Google Street View Les laboratoires de&hellip;\n","protected":false},"author":2,"featured_media":375477,"comment_status":"","ping_status":"","sticky":false,"template":"","format":"standard","meta":{"footnotes":""},"categories":[2817],"tags":[1111,11,1997,1777,674,1011,27,12,2219,5645,25],"class_list":{"0":"post-375476","1":"post","2":"type-post","3":"status-publish","4":"format-standard","5":"has-post-thumbnail","7":"category-bordeaux","8":"tag-actu","9":"tag-actualites","10":"tag-bordeaux","11":"tag-eu","12":"tag-europe","13":"tag-fr","14":"tag-france","15":"tag-news","16":"tag-nouvelle-aquitaine","17":"tag-placco-placeco","18":"tag-republique-francaise"},"share_on_mastodon":{"url":"https:\/\/pubeurope.com\/@fr\/115169239015241426","error":""},"_links":{"self":[{"href":"https:\/\/www.europesays.com\/fr\/wp-json\/wp\/v2\/posts\/375476","targetHints":{"allow":["GET"]}}],"collection":[{"href":"https:\/\/www.europesays.com\/fr\/wp-json\/wp\/v2\/posts"}],"about":[{"href":"https:\/\/www.europesays.com\/fr\/wp-json\/wp\/v2\/types\/post"}],"author":[{"embeddable":true,"href":"https:\/\/www.europesays.com\/fr\/wp-json\/wp\/v2\/users\/2"}],"replies":[{"embeddable":true,"href":"https:\/\/www.europesays.com\/fr\/wp-json\/wp\/v2\/comments?post=375476"}],"version-history":[{"count":0,"href":"https:\/\/www.europesays.com\/fr\/wp-json\/wp\/v2\/posts\/375476\/revisions"}],"wp:featuredmedia":[{"embeddable":true,"href":"https:\/\/www.europesays.com\/fr\/wp-json\/wp\/v2\/media\/375477"}],"wp:attachment":[{"href":"https:\/\/www.europesays.com\/fr\/wp-json\/wp\/v2\/media?parent=375476"}],"wp:term":[{"taxonomy":"category","embeddable":true,"href":"https:\/\/www.europesays.com\/fr\/wp-json\/wp\/v2\/categories?post=375476"},{"taxonomy":"post_tag","embeddable":true,"href":"https:\/\/www.europesays.com\/fr\/wp-json\/wp\/v2\/tags?post=375476"}],"curies":[{"name":"wp","href":"https:\/\/api.w.org\/{rel}","templated":true}]}}