{"id":375480,"date":"2025-09-08T14:52:14","date_gmt":"2025-09-08T14:52:14","guid":{"rendered":"https:\/\/www.europesays.com\/fr\/375480\/"},"modified":"2025-09-08T14:52:14","modified_gmt":"2025-09-08T14:52:14","slug":"toulouse-pour-soutenir-lactionnariat-salarie-airbus-lance-un-programme-de-rachat-dactions","status":"publish","type":"post","link":"https:\/\/www.europesays.com\/fr\/375480\/","title":{"rendered":"Toulouse. Pour soutenir l&rsquo;actionnariat salari\u00e9, Airbus lance un programme de rachat d&rsquo;actions"},"content":{"rendered":"<p>            Par<br \/>\n        <strong><br \/>\n            <a href=\"https:\/\/actu.fr\/auteur\/lucie-2\" title=\"Consulter tous les articles de Lucie Fraisse\" rel=\"nofollow noopener\" target=\"_blank\">Lucie Fraisse<\/a><br \/>\n        <\/strong><\/p>\n<p>        Publi\u00e9 le<\/p>\n<p>            8 sept. 2025 \u00e0 15h51        <\/p>\n<p><strong><a href=\"https:\/\/actu.fr\/toulouse\/economie\/airbus\" rel=\"nofollow noopener\" target=\"_blank\">Airbus<\/a><\/strong>, l\u2019avionneur europ\u00e9en bas\u00e9 \u00e0 <strong>Toulouse<\/strong>, a annonc\u00e9 ce lundi 8\u00a0septembre 2025 qu\u2019il lan\u00e7ait un important programme de<strong> rachats d\u2019actions<\/strong> \u00ab\u2009afin de soutenir les activit\u00e9s futures du plan d\u2019actionnariat salari\u00e9 et les plans de r\u00e9mun\u00e9rations en action.\u2009\u00bb<\/p>\n<p>Jusqu\u2019\u00e0 4\u2009140\u2009000 actions<\/p>\n<p class=\" wall-content\">L\u2019actionnariat salari\u00e9 permet \u00e0 une entreprise d\u2019associer ses salari\u00e9s \u00e0 son capital. La r\u00e9mun\u00e9ration en actions est un m\u00e9canisme de r\u00e9mun\u00e9ration compl\u00e9mentaire des salari\u00e9s.<\/p>\n<p class=\" wall-content\">\u00ab\u2009Ce programme sera ex\u00e9cut\u00e9 sur le march\u00e9 libre sur une<strong> p\u00e9riode expirant le 16\u00a0janvier 2026 <\/strong>et portera sur un nombre maximal de 4\u2009140\u2009000 actions\u2009\u00bb, indique l\u2019avionneur europ\u00e9en dans un communiqu\u00e9.<\/p>\n<p>Une soci\u00e9t\u00e9 d\u2019investissement mandat\u00e9e<\/p>\n<p class=\" wall-content\">Airbus a mandat\u00e9 une soci\u00e9t\u00e9 d\u2019investissement pour g\u00e9rer l\u2019ex\u00e9cution de la premi\u00e8re tranche du programme, qui comprendra un montant maximal de 2\u2009070\u2009000 actions, d\u00e9butant le 8\u00a0septembre 2025 et se terminant au plus tard le 31\u00a0octobre 2025.<\/p>\n<p>Vid\u00e9os : en ce moment sur Actu<\/p>\n<p class=\" wall-content\">La soci\u00e9t\u00e9 d\u2019investissement prendra ses d\u00e9cisions de n\u00e9gociation concernant le calendrier des achats ind\u00e9pendamment d\u2019Airbus.<\/p>\n<p>\u00c9viter la dilution des actionnaires<\/p>\n<p class=\" wall-content\">\u00ab\u2009Le programme vise \u00e0 soutenir la mise en \u0153uvre des futures activit\u00e9s du plan d\u2019actionnariat salari\u00e9 et de la r\u00e9mun\u00e9ration en actions, <strong>tout en \u00e9vitant la dilution des actionnaires existants<\/strong>\u2009\u00bb, pr\u00e9cise Airbus.<\/p>\n<p>Votre r\u00e9gion, votre actu !<\/p>\n<p>Recevez chaque jour les infos qui comptent pour vous.<\/p>\n<p>\t<a href=\"https:\/\/actu.fr\/newsletter\" class=\"ac-btn ac-btn--corner ac-btn--medium ac-btn--blue800\" rel=\"nofollow noopener\" target=\"_blank\">S&rsquo;incrire<\/a><\/p>\n<p class=\" wall-content\">Le 15\u00a0avril dernier, lors de l\u2019assembl\u00e9e g\u00e9n\u00e9rale annuelle, les actionnaires avaient accord\u00e9 au conseil d\u2019administration d\u2019Airbus de<strong> racheter jusqu\u2019\u00e0 10\u2009% du capital social \u00e9mis par Airbus.<\/strong><\/p>\n<p class=\" wall-content\">Personnalisez votre actualit\u00e9 en ajoutant vos villes et m\u00e9dias en favori avec <a href=\"https:\/\/moncompte.actu.fr\" title=\"D\u00e9couvez Mon Actu\" rel=\"nofollow noopener\" data-trk=\"{&quot;cta&quot;:{&quot;action&quot;:&quot;https:\\\/\\\/moncompte.actu.fr&quot;,&quot;category&quot;:&quot;mon compte&quot;,&quot;from&quot;:&quot;article footer&quot;,&quot;name&quot;:&quot;Mon actu&quot;,&quot;type&quot;:&quot;cta&quot;}}\" target=\"_blank\">Mon Actu<\/a>.<\/p>\n","protected":false},"excerpt":{"rendered":"Par Lucie Fraisse Publi\u00e9 le 8 sept. 2025 \u00e0 15h51 Airbus, l\u2019avionneur europ\u00e9en bas\u00e9 \u00e0 Toulouse, a annonc\u00e9&hellip;\n","protected":false},"author":2,"featured_media":375481,"comment_status":"","ping_status":"","sticky":false,"template":"","format":"standard","meta":{"footnotes":""},"categories":[2816],"tags":[1111,11,36,1777,674,1011,27,12,2680,25,104,2312],"class_list":{"0":"post-375480","1":"post","2":"type-post","3":"status-publish","4":"format-standard","5":"has-post-thumbnail","7":"category-toulouse","8":"tag-actu","9":"tag-actualites","10":"tag-airbus","11":"tag-eu","12":"tag-europe","13":"tag-fr","14":"tag-france","15":"tag-news","16":"tag-occitanie","17":"tag-republique-francaise","18":"tag-societe","19":"tag-toulouse"},"share_on_mastodon":{"url":"https:\/\/pubeurope.com\/@fr\/115169247023571783","error":""},"_links":{"self":[{"href":"https:\/\/www.europesays.com\/fr\/wp-json\/wp\/v2\/posts\/375480","targetHints":{"allow":["GET"]}}],"collection":[{"href":"https:\/\/www.europesays.com\/fr\/wp-json\/wp\/v2\/posts"}],"about":[{"href":"https:\/\/www.europesays.com\/fr\/wp-json\/wp\/v2\/types\/post"}],"author":[{"embeddable":true,"href":"https:\/\/www.europesays.com\/fr\/wp-json\/wp\/v2\/users\/2"}],"replies":[{"embeddable":true,"href":"https:\/\/www.europesays.com\/fr\/wp-json\/wp\/v2\/comments?post=375480"}],"version-history":[{"count":0,"href":"https:\/\/www.europesays.com\/fr\/wp-json\/wp\/v2\/posts\/375480\/revisions"}],"wp:featuredmedia":[{"embeddable":true,"href":"https:\/\/www.europesays.com\/fr\/wp-json\/wp\/v2\/media\/375481"}],"wp:attachment":[{"href":"https:\/\/www.europesays.com\/fr\/wp-json\/wp\/v2\/media?parent=375480"}],"wp:term":[{"taxonomy":"category","embeddable":true,"href":"https:\/\/www.europesays.com\/fr\/wp-json\/wp\/v2\/categories?post=375480"},{"taxonomy":"post_tag","embeddable":true,"href":"https:\/\/www.europesays.com\/fr\/wp-json\/wp\/v2\/tags?post=375480"}],"curies":[{"name":"wp","href":"https:\/\/api.w.org\/{rel}","templated":true}]}}