{"id":375492,"date":"2025-09-08T14:58:09","date_gmt":"2025-09-08T14:58:09","guid":{"rendered":"https:\/\/www.europesays.com\/fr\/375492\/"},"modified":"2025-09-08T14:58:09","modified_gmt":"2025-09-08T14:58:09","slug":"apres-une-nouvelle-rixe-un-habitant-denonce-une-insecurite-insupportable-pres-dun-nouveau-campement","status":"publish","type":"post","link":"https:\/\/www.europesays.com\/fr\/375492\/","title":{"rendered":"apr\u00e8s une nouvelle rixe, un habitant d\u00e9nonce une \u00ab\u00a0ins\u00e9curit\u00e9 insupportable\u00a0\u00bb pr\u00e8s d&rsquo;un nouveau campement"},"content":{"rendered":"<p>\u00ab\u00a0Cela fait trois ans que nous d\u00e9non\u00e7ons l\u2019ins\u00e9curit\u00e9 insupportable qui r\u00e8gne dans la rue Lortet depuis l\u2019installation du Village d\u2019insertion Habitat et Humanisme qui accueille, en ce moment m\u00eame, 120 personnes\u00a0\u00bb, affirme un habitant du quartier, \u00e9voquant des faits r\u00e9p\u00e9t\u00e9s de violences et de d\u00e9gradations.<\/p>\n<p>Le riverain cite notamment\u00a0\u00ab\u00a0des intrusions dans les r\u00e9sidences avec d\u00e9gradation, une tentative de cambriolage, des rixes \u00e0 r\u00e9p\u00e9tition\u00a0\u00bb, mais aussi \u00ab\u00a0mendicit\u00e9 agressive, d\u00e9p\u00f4ts sauvages quotidiens et tapages incessants.\u00a0\u00bb<\/p>\n<p>Selon lui, \u00ab\u00a0les riverains ont \u00e9t\u00e9 abandonn\u00e9s,\u00a0\u00bb malgr\u00e9 des alertes transmises \u00e0 la mairie du 7\u1d49 arrondissement, \u00e0 la pr\u00e9fecture et \u00e0 l\u2019association gestionnaire du site. \u00ab\u00a0M\u00eame les employ\u00e9s d\u2019Habitat et Humanisme ont essuy\u00e9 des crachats, des menaces, mais rien ne filtre car ils redoutent la mauvaise publicit\u00e9,\u00a0\u00bb assure-t-il.<\/p>\n<p>Samedi soir, une nouvelle rixe a \u00e9clat\u00e9. Le t\u00e9moin d\u00e9crit, vid\u00e9o, \u00e0 l&rsquo;appui,\u00a0\u00bbun diff\u00e9rend entre deux groupes d\u2019habitants du Village d\u2019insertion de la rue Lortet et du squat du parking DHL (boulevard Yves farge).\u00a0\u00bb Il y a quelques jours, <a href=\"https:\/\/www.lyonmag.com\/article\/146391\/box-a-velos-securises-a-lyon-un-an-apres-la-moitie-des-places-restent-inoccupees\" target=\"_blank\" rel=\"noopener nofollow\">LyonMag<\/a> avait d\u00e9j\u00e0 signal\u00e9 la mont\u00e9e en puissance de ce campement, install\u00e9 autour d\u2019un box \u00e0 v\u00e9los de la M\u00e9tropole et emp\u00eachant son utilisation.<\/p>\n<blockquote class=\"twitter-tweet\"><p>&#13;<\/p>\n<p dir=\"ltr\" lang=\"fr\">Une violente rixe a \u00e9clat\u00e9 ce samedi 6 septembre rue Lortet (<a href=\"https:\/\/twitter.com\/hashtag\/Lyon?src=hash&amp;ref_src=twsrc%5Etfw\" rel=\"nofollow noopener\" target=\"_blank\">#Lyon<\/a> 7e). Les pompiers ont d\u00fb intervenir pour \u00ab un bless\u00e9 grave par arme blanche \u00bb, les habitants d\u00e9noncent quant \u00e0 eux une \u00ab ins\u00e9curit\u00e9 insupportable \u00bb depuis plusieurs ann\u00e9es <a href=\"https:\/\/t.co\/ahRBHDUzzL\" rel=\"nofollow\">pic.twitter.com\/ahRBHDUzzL<\/a><\/p>\n<p>&#13;<br \/>\n\u2014 Lyon Mag (@lyonmag) <a href=\"https:\/\/twitter.com\/lyonmag\/status\/1965062229285535798?ref_src=twsrc%5Etfw\" rel=\"nofollow noopener\" target=\"_blank\">September 8, 2025<\/a><\/p><\/blockquote>\n<p>La sc\u00e8ne se serait d\u00e9roul\u00e9e \u00ab\u00a0entre 20h20 et 21h20\u00a0\u00bb, en pleine rue, \u00ab\u00a0au beau milieu des voitures. Comme toujours, les vigiles salari\u00e9s par Habitat et Humanisme n\u2019ont pas pr\u00e9venu la police, se contentant d\u2019observer les violences\u00a0\u00bb, d\u00e9plore l\u2019habitant. Il affirme qu\u2019\u00a0\u00bbau moins l\u2019une des personnes ayant pris part \u00e0 la rixe a \u00e9t\u00e9 gri\u00e8vement bless\u00e9e (coups sur la t\u00eate d\u2019apr\u00e8s des riverains)\u00a0\u00bb\u00a0et que des riverains ont fini par appeler la police.<\/p>\n<p>La Direction interd\u00e9partementale de la police nationale (DIPN) confirme de son c\u00f4t\u00e9 \u00ab\u00a0une intervention de police sur r\u00e9quisition des sapeurs dans le 7\u1d49 arrondissement de Lyon, ce samedi 6 septembre \u00e0 22h10, pour une personne gri\u00e8vement bless\u00e9e par arme blanche. Nos effectifs de police sont intervenus le plus rapidement possible. Une enqu\u00eate a imm\u00e9diatement \u00e9t\u00e9 ouverte, et des constatations ont \u00e9t\u00e9 r\u00e9alis\u00e9es sur place. L&rsquo;enqu\u00eate permettra d&rsquo;\u00e9tablir les circonstances exactes de la rixe.\u00a0\u00bb<\/p>\n<p>Contact\u00e9, Habitat et Humanisme n&rsquo;a pour l&rsquo;heure pas r\u00e9pondu \u00e0 nos sollicitations.<\/p>\n<p>  \t\t\t\t\t<script async src=\"https:\/\/platform.twitter.com\/widgets.js\" charset=\"utf-8\"><\/script><\/p>\n","protected":false},"excerpt":{"rendered":"\u00ab\u00a0Cela fait trois ans que nous d\u00e9non\u00e7ons l\u2019ins\u00e9curit\u00e9 insupportable qui r\u00e8gne dans la rue Lortet depuis l\u2019installation du&hellip;\n","protected":false},"author":2,"featured_media":375493,"comment_status":"","ping_status":"","sticky":false,"template":"","format":"standard","meta":{"footnotes":""},"categories":[1889],"tags":[1111,11,2813,2190,2430,1109,251,1112,2811,1777,674,118,1011,27,1922,1110,1114,2428,2810,12,241,316,25,2812,517,800],"class_list":{"0":"post-375492","1":"post","2":"type-post","3":"status-publish","4":"format-standard","5":"has-post-thumbnail","7":"category-lyon","8":"tag-actu","9":"tag-actualites","10":"tag-article","11":"tag-asvel","12":"tag-auvergne-rhone-alpes","13":"tag-breves","14":"tag-culture","15":"tag-depeches","16":"tag-economique","17":"tag-eu","18":"tag-europe","19":"tag-faits-divers","20":"tag-fr","21":"tag-france","22":"tag-info","23":"tag-informations","24":"tag-infos","25":"tag-lyon","26":"tag-lyonmag","27":"tag-news","28":"tag-ol","29":"tag-politique","30":"tag-republique-francaise","31":"tag-sociale","32":"tag-sport","33":"tag-transports"},"share_on_mastodon":{"url":"https:\/\/pubeurope.com\/@fr\/115169270490110760","error":""},"_links":{"self":[{"href":"https:\/\/www.europesays.com\/fr\/wp-json\/wp\/v2\/posts\/375492","targetHints":{"allow":["GET"]}}],"collection":[{"href":"https:\/\/www.europesays.com\/fr\/wp-json\/wp\/v2\/posts"}],"about":[{"href":"https:\/\/www.europesays.com\/fr\/wp-json\/wp\/v2\/types\/post"}],"author":[{"embeddable":true,"href":"https:\/\/www.europesays.com\/fr\/wp-json\/wp\/v2\/users\/2"}],"replies":[{"embeddable":true,"href":"https:\/\/www.europesays.com\/fr\/wp-json\/wp\/v2\/comments?post=375492"}],"version-history":[{"count":0,"href":"https:\/\/www.europesays.com\/fr\/wp-json\/wp\/v2\/posts\/375492\/revisions"}],"wp:featuredmedia":[{"embeddable":true,"href":"https:\/\/www.europesays.com\/fr\/wp-json\/wp\/v2\/media\/375493"}],"wp:attachment":[{"href":"https:\/\/www.europesays.com\/fr\/wp-json\/wp\/v2\/media?parent=375492"}],"wp:term":[{"taxonomy":"category","embeddable":true,"href":"https:\/\/www.europesays.com\/fr\/wp-json\/wp\/v2\/categories?post=375492"},{"taxonomy":"post_tag","embeddable":true,"href":"https:\/\/www.europesays.com\/fr\/wp-json\/wp\/v2\/tags?post=375492"}],"curies":[{"name":"wp","href":"https:\/\/api.w.org\/{rel}","templated":true}]}}