{"id":375494,"date":"2025-09-08T14:59:12","date_gmt":"2025-09-08T14:59:12","guid":{"rendered":"https:\/\/www.europesays.com\/fr\/375494\/"},"modified":"2025-09-08T14:59:12","modified_gmt":"2025-09-08T14:59:12","slug":"isere-des-associations-opposees-au-tunnel-du-lyon-turin-deposent-des-recours","status":"publish","type":"post","link":"https:\/\/www.europesays.com\/fr\/375494\/","title":{"rendered":"Is\u00e8re. Des associations oppos\u00e9es au tunnel du Lyon-Turin d\u00e9posent des recours"},"content":{"rendered":"<p>L\u2019association \u201cBelledonne a Sa\u2019Voix\u201d, le collectif citoyen contre le Lyon-Turin (CCLT) de Chapareillan, mais aussi l\u2019inter-CCLT ont intent\u00e9 des recours contre des arr\u00eat\u00e9s pr\u00e9fectoraux [dat\u00e9s du 1er\u00a0 juillet en Is\u00e8re et du 30\u00a0juin en Savoie]. Ces arr\u00eat\u00e9s concernent 59 communes et autorisent SNCF R\u00e9seau \u00e0 p\u00e9n\u00e9trer sur des propri\u00e9t\u00e9s priv\u00e9es. L\u2019objectif\u00a0: permettre de r\u00e9aliser \u00ab\u00a0infrastructure ferroviaire reliant la LGV Rh\u00f4ne-Alpes [gare de Lyon-Saint-Exup\u00e9ry] \u00e0 la section transfrontali\u00e8re du Lyon-Turin [Saint-Jean-de-Maurienne]\u00a0\u00bb.<\/p>\n<p>Outre les deux recours en annulation de ces arr\u00eat\u00e9s, les associations ont d\u00e9pos\u00e9 deux r\u00e9f\u00e9r\u00e9s-suspension, qui visent \u00e0 en suspendre l\u2019application, et donc les intrusions et les \u00e9tudes, dans l\u2019attente du jugement sur le fond. Ces r\u00e9f\u00e9r\u00e9s devraient \u00eatre examin\u00e9s le 12\u00a0septembre par le tribunal administratif de Grenoble (Is\u00e8re).<\/p>\n","protected":false},"excerpt":{"rendered":"L\u2019association \u201cBelledonne a Sa\u2019Voix\u201d, le collectif citoyen contre le Lyon-Turin (CCLT) de Chapareillan, mais aussi l\u2019inter-CCLT ont intent\u00e9&hellip;\n","protected":false},"author":2,"featured_media":375495,"comment_status":"","ping_status":"","sticky":false,"template":"","format":"standard","meta":{"footnotes":""},"categories":[1889],"tags":[1111,11,7002,7004,2430,30118,5509,50959,50958,7001,113,7003,436,1777,674,1011,27,108,20623,2428,12,25,17015,5508,104],"class_list":{"0":"post-375494","1":"post","2":"type-post","3":"status-publish","4":"format-standard","5":"has-post-thumbnail","7":"category-lyon","8":"tag-actu","9":"tag-actualites","10":"tag-aix-les-bains","11":"tag-albertville","12":"tag-auvergne-rhone-alpes","13":"tag-bourg-saint-maurice","14":"tag-chambery","15":"tag-chapareillan","16":"tag-detrier","17":"tag-edition-chambery-aix-les-bains","18":"tag-edition-gresivaudan-oisans","19":"tag-edition-tarentaise-maurienne","20":"tag-environnement","21":"tag-eu","22":"tag-europe","23":"tag-fr","24":"tag-france","25":"tag-isere","26":"tag-la-ravoire-et-autour","27":"tag-lyon","28":"tag-news","29":"tag-republique-francaise","30":"tag-saint-jean-de-maurienne","31":"tag-savoie","32":"tag-societe"},"share_on_mastodon":{"url":"https:\/\/pubeurope.com\/@fr\/115169274302478268","error":""},"_links":{"self":[{"href":"https:\/\/www.europesays.com\/fr\/wp-json\/wp\/v2\/posts\/375494","targetHints":{"allow":["GET"]}}],"collection":[{"href":"https:\/\/www.europesays.com\/fr\/wp-json\/wp\/v2\/posts"}],"about":[{"href":"https:\/\/www.europesays.com\/fr\/wp-json\/wp\/v2\/types\/post"}],"author":[{"embeddable":true,"href":"https:\/\/www.europesays.com\/fr\/wp-json\/wp\/v2\/users\/2"}],"replies":[{"embeddable":true,"href":"https:\/\/www.europesays.com\/fr\/wp-json\/wp\/v2\/comments?post=375494"}],"version-history":[{"count":0,"href":"https:\/\/www.europesays.com\/fr\/wp-json\/wp\/v2\/posts\/375494\/revisions"}],"wp:featuredmedia":[{"embeddable":true,"href":"https:\/\/www.europesays.com\/fr\/wp-json\/wp\/v2\/media\/375495"}],"wp:attachment":[{"href":"https:\/\/www.europesays.com\/fr\/wp-json\/wp\/v2\/media?parent=375494"}],"wp:term":[{"taxonomy":"category","embeddable":true,"href":"https:\/\/www.europesays.com\/fr\/wp-json\/wp\/v2\/categories?post=375494"},{"taxonomy":"post_tag","embeddable":true,"href":"https:\/\/www.europesays.com\/fr\/wp-json\/wp\/v2\/tags?post=375494"}],"curies":[{"name":"wp","href":"https:\/\/api.w.org\/{rel}","templated":true}]}}