{"id":375510,"date":"2025-09-08T15:08:10","date_gmt":"2025-09-08T15:08:10","guid":{"rendered":"https:\/\/www.europesays.com\/fr\/375510\/"},"modified":"2025-09-08T15:08:10","modified_gmt":"2025-09-08T15:08:10","slug":"a-washington-trump-sen-prend-au-campement-pour-la-paix-devant-la-maison-blanche","status":"publish","type":"post","link":"https:\/\/www.europesays.com\/fr\/375510\/","title":{"rendered":"\u00c0 Washington, Trump s\u2019en prend au campement pour la paix devant la Maison-Blanche"},"content":{"rendered":"\n<p>C\u2019est \u201cl\u2019acte de protestation le plus long de toute l\u2019histoire des \u00c9tats-Unis\u201d, <a class=\"ithalc\" data-ithal=\"lien_externe\" data-ithalc=\"[nav_article]\" target=\"_blank\" href=\"https:\/\/www.washingtonpost.com\/dc-md-va\/2025\/09\/07\/trump-peace-vigil-protest-taken-down\/\" rel=\"noopener\">souligne le <strong>Washington Post<\/strong><\/a><strong>.<\/strong> En effet, cela fait quarante-quatre\u00a0ans que des militants pacifistes se relaient \u201c24\u00a0heures sur 24\u00a0et 7\u00a0jours sur 7\u00a0dans un campement de fortune install\u00e9 sur Lafayette Square, en face de la Maison-Blanche [\u00e0 Washington], pour tenir une veill\u00e9e permanente en faveur de la paix\u201d.<\/p>\n<p>Ce campement de fortune<strong> <\/strong>a surv\u00e9cu \u201c\u00e0 sept pr\u00e9sidents am\u00e9ricains, \u00e0 d\u2019innombrables conflits mondiaux, \u00e0 des ouragans et des temp\u00eates de neige, \u00e0 des vagues de chaleur et \u00e0 des inondations\u201d, poursuit le quotidien de la capitale f\u00e9d\u00e9rale.<\/p>\n<p>Mais le 7\u00a0septembre, Donald Trump a d\u00e9cid\u00e9 de s\u00e9vir dans le cadre de son op\u00e9ration de nettoyage de la capitale f\u00e9d\u00e9rale, qui se caract\u00e9rise par le d\u00e9ploiement de<a href=\"https:\/\/www.courrierinternational.com\/article\/etats-unis-trump-veut-chasser-les-criminels-et-les-sans-abri-de-washington-pour-lui-rendre-sa-grandeur_233873\" target=\"_blank\" rel=\"noopener\"> la garde nationale dans les rues de Washington et le d\u00e9mant\u00e8lement des campements de sans-abri<\/a>. Sur son ordre, \u201cles forces de l\u2019ordre f\u00e9d\u00e9rales ont d\u00e9mantel\u00e9 une partie du campement, notamment la grande b\u00e2che bleue servant \u00e0 prot\u00e9ger les protestataires et leurs pancartes, et arr\u00eat\u00e9 le militant en faction ce matin-l\u00e0\u201d, relate le Washington Post.<\/p>\n<p>                    Parasol rouge       <\/p>\n<p>Dans un communiqu\u00e9, la porte-parole de la Maison-Blanche Taylor Rogers a justifi\u00e9 l\u2019action des forces de l\u2019ordre en soulignant\u00a0:<\/p>\n<blockquote><p>\u201cLe pr\u00e9sident Trump est d\u00e9termin\u00e9 \u00e0 assurer la s\u00e9curit\u00e9 des r\u00e9sidents et des visiteurs de Washington, ainsi qu\u2019\u00e0 embellir la capitale. Cette tente repr\u00e9sentait un danger pour les personnes visitant la Maison-Blanche et ses environs.\u201d<\/p><\/blockquote>\n<p>Mais tout cela n\u2019a pas emp\u00each\u00e9 Philipos Melaku-Bello, le plus ancien militant permanent du campement, \u00e2g\u00e9 de 63\u00a0ans et en fauteuil roulant, \u201cde revenir s\u2019installer devant la Maison-Blanche et, avec l\u2019aide de militants, de reconstituer le campement\u201d. Lequel est d\u00e9sormais prot\u00e9g\u00e9 par un parasol rouge en lieu et place de la b\u00e2che bleue.<\/p>\n","protected":false},"excerpt":{"rendered":"C\u2019est \u201cl\u2019acte de protestation le plus long de toute l\u2019histoire des \u00c9tats-Unis\u201d, souligne le Washington Post. En effet,&hellip;\n","protected":false},"author":2,"featured_media":375511,"comment_status":"","ping_status":"","sticky":false,"template":"","format":"standard","meta":{"footnotes":""},"categories":[1589],"tags":[11,3822,75,73,1866,1272,12,316,770,1864,1865,1863,308],"class_list":{"0":"post-375510","1":"post","2":"type-post","3":"status-publish","4":"format-standard","5":"has-post-thumbnail","7":"category-etats-unis","8":"tag-actualites","9":"tag-amu00e9riques","10":"tag-donald-trump","11":"tag-etats-unis","12":"tag-etats-unis-damerique","13":"tag-manifestations","14":"tag-news","15":"tag-politique","16":"tag-u00e9tats-unis","17":"tag-united-states","18":"tag-united-states-of-america","19":"tag-us","20":"tag-usa"},"share_on_mastodon":{"url":"https:\/\/pubeurope.com\/@fr\/115169309712979506","error":""},"_links":{"self":[{"href":"https:\/\/www.europesays.com\/fr\/wp-json\/wp\/v2\/posts\/375510","targetHints":{"allow":["GET"]}}],"collection":[{"href":"https:\/\/www.europesays.com\/fr\/wp-json\/wp\/v2\/posts"}],"about":[{"href":"https:\/\/www.europesays.com\/fr\/wp-json\/wp\/v2\/types\/post"}],"author":[{"embeddable":true,"href":"https:\/\/www.europesays.com\/fr\/wp-json\/wp\/v2\/users\/2"}],"replies":[{"embeddable":true,"href":"https:\/\/www.europesays.com\/fr\/wp-json\/wp\/v2\/comments?post=375510"}],"version-history":[{"count":0,"href":"https:\/\/www.europesays.com\/fr\/wp-json\/wp\/v2\/posts\/375510\/revisions"}],"wp:featuredmedia":[{"embeddable":true,"href":"https:\/\/www.europesays.com\/fr\/wp-json\/wp\/v2\/media\/375511"}],"wp:attachment":[{"href":"https:\/\/www.europesays.com\/fr\/wp-json\/wp\/v2\/media?parent=375510"}],"wp:term":[{"taxonomy":"category","embeddable":true,"href":"https:\/\/www.europesays.com\/fr\/wp-json\/wp\/v2\/categories?post=375510"},{"taxonomy":"post_tag","embeddable":true,"href":"https:\/\/www.europesays.com\/fr\/wp-json\/wp\/v2\/tags?post=375510"}],"curies":[{"name":"wp","href":"https:\/\/api.w.org\/{rel}","templated":true}]}}