{"id":375518,"date":"2025-09-08T15:12:20","date_gmt":"2025-09-08T15:12:20","guid":{"rendered":"https:\/\/www.europesays.com\/fr\/375518\/"},"modified":"2025-09-08T15:12:20","modified_gmt":"2025-09-08T15:12:20","slug":"leurope-inflige-295-milliards-deuros-damende-a-google-la-colere-de-trump-relance-les-tensions","status":"publish","type":"post","link":"https:\/\/www.europesays.com\/fr\/375518\/","title":{"rendered":"L&rsquo;Europe inflige 2,95 milliards d&rsquo;euros d&rsquo;amende \u00e0 Google, la col\u00e8re de Trump relance les tensions"},"content":{"rendered":"<p>Alors que l\u2019on apprenait il y a une semaine que Google \u00e9tait d\u00e9j\u00e0 <a href=\"https:\/\/siecledigital.fr\/2025\/09\/01\/google-vise-par-une-nouvelle-sanction-europeenne-pour-ses-pratiques-publicitaires\/\" rel=\"nofollow noopener\" target=\"_blank\">vis\u00e9e par une nouvelle sanction de l\u2019UE<\/a> pour ses pratiques publicitaires, la Commission europ\u00e9enne vient d\u2019infliger une <strong>sanction de 2,95 milliards d\u2019euros<\/strong> pour abus de position dominante.<\/p>\n<p>Et si la d\u00e9cision a \u00e9t\u00e9 salu\u00e9e par les \u00e9diteurs europ\u00e9ens, <strong>elle a aussi provoqu\u00e9 une r\u00e9action virulente de Donald Trump<\/strong>. Le pr\u00e9sident am\u00e9ricain accuse Bruxelles de s\u2019attaquer injustement aux g\u00e9ants de la Silicon Valley et menace de riposter avec de nouveaux droits de douane\u2026<\/p>\n<p>Les pratiques publicitaires de Google dans le viseur&amp;nbsp?<\/p>\n<p>L\u2019affaire trouve <a href=\"https:\/\/siecledigital.fr\/2019\/12\/02\/lunion-europeenne-enquete-pour-comprendre-comment-google-utilise-nos-donnees\/\" rel=\"nofollow noopener\" target=\"_blank\">son origine en 2019<\/a> o\u00f9 Google \u00e9tait d\u00e9j\u00e0 accus\u00e9 de <strong>favoriser ses propres services de publicit\u00e9<\/strong> au d\u00e9triment des concurrents et des annonceurs. Apr\u00e8s plusieurs ann\u00e9es d\u2019enqu\u00eate, la Commission europ\u00e9enne a conclu que l\u2019entreprise avait enfreint <a href=\"https:\/\/eur-lex.europa.eu\/legal-content\/FR\/TXT\/HTML\/?uri=CELEX:12008E102\" target=\"_blank\" rel=\"noopener nofollow\">l\u2019article 102<\/a> du trait\u00e9 sur le fonctionnement de l\u2019Union europ\u00e9enne, qui <strong>interdit l\u2019abus de position dominante<\/strong>.<\/p>\n<p>Concr\u00e8tement, l\u2019institution reproche au g\u00e9ant californien de <strong>contr\u00f4ler l\u2019ensemble de la cha\u00eene publicitaire<\/strong>, de l\u2019achat \u00e0 la diffusion des annonces, cr\u00e9ant ainsi une distorsion de concurrence. En plus d\u2019avoir sanctionn\u00e9 Google avec une amende de 2,95 milliards d\u2019euros, l\u2019entreprise a <strong>60 jours pour pr\u00e9senter des mesures correctives<\/strong>.<\/p>\n<p>Pour la Commission, il s\u2019agit non seulement d\u2019une sanction financi\u00e8re, mais aussi d\u2019une injonction \u00e0 <strong>r\u00e9former en profondeur les pratiques publicitaires<\/strong> de Google. Dans une d\u00e9claration <a href=\"https:\/\/www.lexpress.fr\/economie\/high-tech\/bruxelles-inflige-a-google-une-amende-record-malgre-les-ultimatums-de-donald-trump-qui-menace-de-NS7OX2FVWJHLJBBWBJLEPUBESU\/\" target=\"_blank\" rel=\"noopener nofollow\">relay\u00e9e par L\u2019Express<\/a>, <strong>Teresa Ribera<\/strong>, vice-pr\u00e9sidente de la Commission charg\u00e9e de la concurrence, a insist\u00e9 sur la n\u00e9cessit\u00e9 pour Google de <strong>mettre fin \u00e0 ses \u00ab\u00a0conflits d\u2019int\u00e9r\u00eats structurels\u00a0\u00bb<\/strong> et pr\u00e9venu que des mesures plus fortes pourraient \u00eatre impos\u00e9es en cas d\u2019\u00e9chec.<\/p>\n<p>Une r\u00e9action imm\u00e9diate et offensive de Donald Trump<\/p>\n<p>La d\u00e9cision de Bruxelles n\u2019a pas tard\u00e9 \u00e0 franchir l\u2019Atlantique. Sur son r\u00e9seau Truth Social, <strong>Donald Trump a d\u00e9nonc\u00e9 une sanction \u00ab\u00a0injuste\u00a0\u00bb<\/strong> et accus\u00e9 l\u2019Union europ\u00e9enne de \u00ab\u00a0<strong>s\u2019acharner sur les entreprises am\u00e9ricaines<\/strong>\u00ab\u00a0.<\/p>\n<p>Le pr\u00e9sident am\u00e9ricain a menac\u00e9 de <strong>d\u00e9clencher la \u00ab\u00a0Section 301\u00a0\u00bb<\/strong>, un dispositif datant de 1974 qui permet \u00e0 Washington d\u2019imposer unilat\u00e9ralement des droits de douane punitifs en cas de litige commercial. Cette posture surprend d\u2019autant plus que la justice am\u00e9ricaine elle-m\u00eame reproche \u00e0 Google des pratiques anticoncurrentielles <a href=\"https:\/\/siecledigital.fr\/2024\/10\/10\/les-etats-unis-envisagent-un-demantelement-historique-de-google-pour-abus-de-position-dominante\/\" rel=\"nofollow noopener\" target=\"_blank\">dans le cadre du proc\u00e8s antitrust<\/a>.<\/p>\n<p>Du c\u00f4t\u00e9 de Google, la r\u00e9ponse ne s\u2019est pas fait attendre non plus. La firme a annonc\u00e9 son intention de <strong>faire appel devant la Cour de justice de l\u2019UE<\/strong>. \u00ab\u00a0Cette d\u00e9cision nous impose une amende injustifi\u00e9e et des changements qui nuiront \u00e0 des milliers d\u2019entreprises europ\u00e9ennes\u00a0\u00bb, a d\u00e9clar\u00e9 <strong>Lee-Anne Mulholland<\/strong>, vice-pr\u00e9sidente charg\u00e9e des affaires r\u00e9glementaires, ce qui indique que l\u2019affaire est encore loin d\u2019\u00eatre termin\u00e9e.<\/p>\n<p>Un nouvel \u00e9pisode dans les tensions transatlantiques\u2026<\/p>\n<p>Cette affaire intervient dans un contexte tr\u00e8s d\u00e9licat, o\u00f9 fin juillet, l\u2019Union europ\u00e9enne et les \u00c9tats-Unis avaient conclu un accord pour <strong>limiter les droits de douane \u00e0 15%<\/strong> sur les produits europ\u00e9ens, apr\u00e8s des mois de n\u00e9gociations.<\/p>\n<p>La menace de Donald Trump de <strong>porter ces tarifs \u00e0 30%, 40% voire davantage<\/strong>, fait craindre une relance des tensions commerciales, avec des secteurs comme l\u2019automobile allemande ou la viticulture fran\u00e7aise qui seraient potentiellement expos\u00e9s\u2026<\/p>\n","protected":false},"excerpt":{"rendered":"Alors que l\u2019on apprenait il y a une semaine que Google \u00e9tait d\u00e9j\u00e0 vis\u00e9e par une nouvelle sanction&hellip;\n","protected":false},"author":2,"featured_media":375519,"comment_status":"","ping_status":"","sticky":false,"template":"","format":"standard","meta":{"footnotes":""},"categories":[1586],"tags":[11,1777,674,1779,1011,27,323,12,25,467,1778,364],"class_list":{"0":"post-375518","1":"post","2":"type-post","3":"status-publish","4":"format-standard","5":"has-post-thumbnail","7":"category-europe","8":"tag-actualites","9":"tag-eu","10":"tag-europe","11":"tag-european-union","12":"tag-fr","13":"tag-france","14":"tag-google","15":"tag-news","16":"tag-republique-francaise","17":"tag-trump","18":"tag-ue","19":"tag-union-europeenne"},"share_on_mastodon":{"url":"https:\/\/pubeurope.com\/@fr\/115169325498089641","error":""},"_links":{"self":[{"href":"https:\/\/www.europesays.com\/fr\/wp-json\/wp\/v2\/posts\/375518","targetHints":{"allow":["GET"]}}],"collection":[{"href":"https:\/\/www.europesays.com\/fr\/wp-json\/wp\/v2\/posts"}],"about":[{"href":"https:\/\/www.europesays.com\/fr\/wp-json\/wp\/v2\/types\/post"}],"author":[{"embeddable":true,"href":"https:\/\/www.europesays.com\/fr\/wp-json\/wp\/v2\/users\/2"}],"replies":[{"embeddable":true,"href":"https:\/\/www.europesays.com\/fr\/wp-json\/wp\/v2\/comments?post=375518"}],"version-history":[{"count":0,"href":"https:\/\/www.europesays.com\/fr\/wp-json\/wp\/v2\/posts\/375518\/revisions"}],"wp:featuredmedia":[{"embeddable":true,"href":"https:\/\/www.europesays.com\/fr\/wp-json\/wp\/v2\/media\/375519"}],"wp:attachment":[{"href":"https:\/\/www.europesays.com\/fr\/wp-json\/wp\/v2\/media?parent=375518"}],"wp:term":[{"taxonomy":"category","embeddable":true,"href":"https:\/\/www.europesays.com\/fr\/wp-json\/wp\/v2\/categories?post=375518"},{"taxonomy":"post_tag","embeddable":true,"href":"https:\/\/www.europesays.com\/fr\/wp-json\/wp\/v2\/tags?post=375518"}],"curies":[{"name":"wp","href":"https:\/\/api.w.org\/{rel}","templated":true}]}}