{"id":375529,"date":"2025-09-08T15:21:11","date_gmt":"2025-09-08T15:21:11","guid":{"rendered":"https:\/\/www.europesays.com\/fr\/375529\/"},"modified":"2025-09-08T15:21:11","modified_gmt":"2025-09-08T15:21:11","slug":"max-verstappen-vers-une-arrivee-fracassante-dans-la-discipline","status":"publish","type":"post","link":"https:\/\/www.europesays.com\/fr\/375529\/","title":{"rendered":"Max Verstappen vers une arriv\u00e9e fracassante dans la discipline ?"},"content":{"rendered":"<p>Vers une arriv\u00e9e fracassante de Max Verstappen en MotoGP ? Le quadruple champion du monde de Formule 1 pourrait effectivement d\u00e9barquer dans la cat\u00e9gorie reine de MotoGP mais pas en tant que pilote bien \u00e9videmment. Il s&rsquo;av\u00e8re que Verstappen serait int\u00e9ress\u00e9 par le rachat d&rsquo;une \u00e9quipe de MotoGP et que deux \u00e9curies se d\u00e9tacheraient pour le moment. Comme relay\u00e9 par Motorsport Next Gen, le quadruple champion du monde a pris contact avec les \u00e9quipes satellites du MotoGP, LCR Honda et Trackhouse Aprilia, en vue d\u2019un \u00e9ventuel rachat.<\/p>\n<p>Verstappen vers la MotoGP ?<\/p>\n<p>Grand passionn\u00e9 de MotoGP et participant \u00e0 des courses en GT3 via sa structure Verstappen.com Racing, le pilote Red Bull pourrait donc bien mettre un \u00e9norme pied dans la discipline. Son manager, Raymond Vermeulen, a confirm\u00e9 l&rsquo;int\u00e9r\u00eat du pilote, tout en assurant qu&rsquo;aucun accord n&rsquo;\u00e9tait pour le moment proche. \u00ab\u00a0Ce n\u2019est un secret pour personne qu\u2019il s\u2019int\u00e9resse au MotoGP. Max est un passionn\u00e9 de sport automobile et moto. Mais reprendre une \u00e9quipe n\u2019est pas r\u00e9aliste pour le moment. Tout doit \u00eatre parfait. Les chances que cela se produise prochainement sont minimes\u00a0\u00bb, a confi\u00e9 Vermeulen \u00e0 Monza en marge du Grand Prix d&rsquo;Italie remport\u00e9 par le N\u00e9erlandais. Affaire \u00e0 suivre donc.<\/p>\n<p>    Partagez cette info avec vos amis et vos proches en cliquant ici  <\/p>\n<p> Podcasts \u00e0 la une MEN LIFE <\/p>\n<p>    Pour r\u00e9sumer<\/p>\n<p>Vers une arriv\u00e9e fracassante de Max Verstappen en MotoGP ? Le quadruple champion du monde de Formule 1 pourrait effectivement d\u00e9barquer dans la cat\u00e9gorie reine de MotoGP mais pas en tant que pilote bien \u00e9videmment.<\/p>\n<p>R\u00e9dacteur<\/p>\n<p><img decoding=\"async\" width=\"76\" height=\"76\" loading=\"lazy\" src=\"https:\/\/www.europesays.com\/fr\/wp-content\/uploads\/2025\/04\/logo-victor-willems.jpg\" alt=\"Victor Willems\"\/><\/p>\n","protected":false},"excerpt":{"rendered":"Vers une arriv\u00e9e fracassante de Max Verstappen en MotoGP ? Le quadruple champion du monde de Formule 1&hellip;\n","protected":false},"author":2,"featured_media":375530,"comment_status":"","ping_status":"","sticky":false,"template":"","format":"standard","meta":{"footnotes":""},"categories":[1413],"tags":[1011,27,1457,1456,60],"class_list":{"0":"post-375529","1":"post","2":"type-post","3":"status-publish","4":"format-standard","5":"has-post-thumbnail","7":"category-moto","8":"tag-fr","9":"tag-france","10":"tag-moto","11":"tag-motocycle","12":"tag-sports"},"share_on_mastodon":{"url":"https:\/\/pubeurope.com\/@fr\/115169361234584140","error":""},"_links":{"self":[{"href":"https:\/\/www.europesays.com\/fr\/wp-json\/wp\/v2\/posts\/375529","targetHints":{"allow":["GET"]}}],"collection":[{"href":"https:\/\/www.europesays.com\/fr\/wp-json\/wp\/v2\/posts"}],"about":[{"href":"https:\/\/www.europesays.com\/fr\/wp-json\/wp\/v2\/types\/post"}],"author":[{"embeddable":true,"href":"https:\/\/www.europesays.com\/fr\/wp-json\/wp\/v2\/users\/2"}],"replies":[{"embeddable":true,"href":"https:\/\/www.europesays.com\/fr\/wp-json\/wp\/v2\/comments?post=375529"}],"version-history":[{"count":0,"href":"https:\/\/www.europesays.com\/fr\/wp-json\/wp\/v2\/posts\/375529\/revisions"}],"wp:featuredmedia":[{"embeddable":true,"href":"https:\/\/www.europesays.com\/fr\/wp-json\/wp\/v2\/media\/375530"}],"wp:attachment":[{"href":"https:\/\/www.europesays.com\/fr\/wp-json\/wp\/v2\/media?parent=375529"}],"wp:term":[{"taxonomy":"category","embeddable":true,"href":"https:\/\/www.europesays.com\/fr\/wp-json\/wp\/v2\/categories?post=375529"},{"taxonomy":"post_tag","embeddable":true,"href":"https:\/\/www.europesays.com\/fr\/wp-json\/wp\/v2\/tags?post=375529"}],"curies":[{"name":"wp","href":"https:\/\/api.w.org\/{rel}","templated":true}]}}