{"id":375543,"date":"2025-09-08T15:28:12","date_gmt":"2025-09-08T15:28:12","guid":{"rendered":"https:\/\/www.europesays.com\/fr\/375543\/"},"modified":"2025-09-08T15:28:12","modified_gmt":"2025-09-08T15:28:12","slug":"dexter-resurrection-signe-le-retour-reussi-du-tueur-en-serie-le-plus-connu-du-petit-ecran-rts-ch","status":"publish","type":"post","link":"https:\/\/www.europesays.com\/fr\/375543\/","title":{"rendered":"\u00ab\u00a0Dexter: Resurrection\u00a0\u00bb signe le retour r\u00e9ussi du tueur en s\u00e9rie le plus connu du petit \u00e9cran &#8211; rts.ch"},"content":{"rendered":"<p>La saga Dexter fait son retour avec un nouveau volet r\u00e9jouissant \u00e0 d\u00e9couvrir sur Canal+ depuis le 21 ao\u00fbt. Dr\u00f4le et haletant, \u00ab\u00a0Dexter: Ressurection\u00a0\u00bb joue la carte de la nostalgie en faisant appara\u00eetre d&rsquo;anciens personnages iconiques et en renouant avec une \u00e9criture \u00e0 tendance humoristique.<\/p>\n<p>Vous le pensiez mort? C&rsquo;est mal le conna\u00eetre. Apr\u00e8s huit saisons, une mini-s\u00e9rie (\u00ab\u00a0Dexter: New Blood\u00a0\u00bb) et un pr\u00e9quel (\u00ab\u00a0Dexter: Les origines\u00a0\u00bb), le c\u00e9l\u00e8bre tueur en s\u00e9rie, qui n&rsquo;\u00e9limine que les criminels, est de retour dans \u00ab\u00a0Dexter: Resurrection\u00a0\u00bb. On y retrouve tout le sel des premi\u00e8res ann\u00e9es, et les frissons aussi. La s\u00e9rie d\u00e9marre sur les chapeaux de roue lorsque Dexter, toujours interpr\u00e9t\u00e9 par Michael C. Hall, se r\u00e9veille d&rsquo;un coma de deux mois. L&rsquo;homme fuit l&rsquo;h\u00f4pital, et surtout Angel Batista (David Zayas), son ancien coll\u00e8gue, pour retrouver son fils Harrison \u00e0 New York.\u00a0<\/p>\n<p>Big Apple est un endroit parfait pour prendre un nouveau d\u00e9part et r\u00e9veiller les vieux d\u00e9mons.\u00a0La ville regorge de criminels qu&rsquo;on lui sert sur un plateau.\u00a0Dexter y rencontre notamment Leon Prater, un homme d&rsquo;affaires milliardaire fan de serial killer, camp\u00e9 par un Peter Dinklage gla\u00e7ant, qui r\u00e9unit des tueurs en s\u00e9rie pour \u00e9changer sur leurs vies&#8230;<\/p>\n<p>Contenu externe<\/p>\n<p> Ce contenu externe ne peut pas \u00eatre affich\u00e9 car il est susceptible de collecter des donn\u00e9es personnelles. Pour voir ce contenu vous devez autoriser la cat\u00e9gorie <strong>R\u00e9seaux sociaux<\/strong>. <\/p>\n<p> Accepter Plus d&rsquo;info <\/p>\n<p>    Dans l&rsquo;intime et dans l&rsquo;action<\/p>\n<p>Les intrigues sont multiples dans cette saison qui se situe autant dans l&rsquo;intime que dans l&rsquo;action et voit Dexter tenter de nouer une relation saine avec son fils.\u00a0Sc\u00e9nariste et cr\u00e9ateur de la s\u00e9rie originelle, Clyde Phillips exploite la nostalgie en faisant r\u00e9appara\u00eetre d&rsquo;anciens personnages et propose une \u00e9criture pleine d&rsquo;humour. De fait, on rit beaucoup dans ce nouveau volet, notamment gr\u00e2ce \u00e0 la voix off de Dexter et aux nombreuses conversations qu&rsquo;il entretient avec le fant\u00f4me de son p\u00e8re.\u00a0<\/p>\n<p>Les rebondissements sont aussi nombreux qu&rsquo;improbables, mais qu&rsquo;\u00e0 cela ne tienne: c&rsquo;est fun et haletant, le suspense et la tension sont continus.\u00a0L&rsquo;\u00e9quilibre entre le fond violent et la forme divertissante est parfait. Magnifi\u00e9e par une excellente bande-son, \u00ab\u00a0Dexter: Resurrection\u00a0\u00bb b\u00e9n\u00e9ficie aussi d&rsquo;un casting cinq \u00e9toiles, avec Uma Thurman, Neil Patrick Harris ou encore Krysten Ritter. \u00a0Au vu de son succ\u00e8s, la s\u00e9rie devrait conna\u00eetre une deuxi\u00e8me saison, mais l&rsquo;information n&rsquo;est pas encore confirm\u00e9e.<\/p>\n<p>Note: 4\/5<\/p>\n<p class=\"sources\">Sujet radio: Crystel Di Marzo<\/p>\n<p class=\"credit\">Adaptation web: mh<\/p>\n<p class=\"article-footnote\">\u00ab\u00a0Dexter: Resurrection\u00a0\u00bb de Marcos Siega et Monica Raymund, avec Michael C. Hall,\u00a0Jack Alcott,\u00a0David Zayas. A d\u00e9couvrir sur Canal+ depuis le 21 ao\u00fbt 2025.<\/p>\n","protected":false},"excerpt":{"rendered":"La saga Dexter fait son retour avec un nouveau volet r\u00e9jouissant \u00e0 d\u00e9couvrir sur Canal+ depuis le 21&hellip;\n","protected":false},"author":2,"featured_media":375544,"comment_status":"","ping_status":"","sticky":false,"template":"","format":"standard","meta":{"footnotes":""},"categories":[1356],"tags":[1693,10474,5873,650,50961,46824,47470,58,9476,59,1011,27,5874,50962,71,521,1314,252,3209,1364],"class_list":{"0":"post-375543","1":"post","2":"type-post","3":"status-publish","4":"format-standard","5":"has-post-thumbnail","7":"category-television","8":"tag-arts-et-divertissement","9":"tag-canal","10":"tag-centre-de-soins","11":"tag-cinema","12":"tag-david-zayas","13":"tag-dexter","14":"tag-dexter-resurrection","15":"tag-divertissement","16":"tag-ecriture","17":"tag-entertainment","18":"tag-fr","19":"tag-france","20":"tag-hopitaux-et-cliniques","21":"tag-michael-c-hall","22":"tag-sante","23":"tag-serie","24":"tag-series","25":"tag-television","26":"tag-tueur-en-serie","27":"tag-tv"},"share_on_mastodon":{"url":"https:\/\/pubeurope.com\/@fr\/115169388443584502","error":""},"_links":{"self":[{"href":"https:\/\/www.europesays.com\/fr\/wp-json\/wp\/v2\/posts\/375543","targetHints":{"allow":["GET"]}}],"collection":[{"href":"https:\/\/www.europesays.com\/fr\/wp-json\/wp\/v2\/posts"}],"about":[{"href":"https:\/\/www.europesays.com\/fr\/wp-json\/wp\/v2\/types\/post"}],"author":[{"embeddable":true,"href":"https:\/\/www.europesays.com\/fr\/wp-json\/wp\/v2\/users\/2"}],"replies":[{"embeddable":true,"href":"https:\/\/www.europesays.com\/fr\/wp-json\/wp\/v2\/comments?post=375543"}],"version-history":[{"count":0,"href":"https:\/\/www.europesays.com\/fr\/wp-json\/wp\/v2\/posts\/375543\/revisions"}],"wp:featuredmedia":[{"embeddable":true,"href":"https:\/\/www.europesays.com\/fr\/wp-json\/wp\/v2\/media\/375544"}],"wp:attachment":[{"href":"https:\/\/www.europesays.com\/fr\/wp-json\/wp\/v2\/media?parent=375543"}],"wp:term":[{"taxonomy":"category","embeddable":true,"href":"https:\/\/www.europesays.com\/fr\/wp-json\/wp\/v2\/categories?post=375543"},{"taxonomy":"post_tag","embeddable":true,"href":"https:\/\/www.europesays.com\/fr\/wp-json\/wp\/v2\/tags?post=375543"}],"curies":[{"name":"wp","href":"https:\/\/api.w.org\/{rel}","templated":true}]}}