{"id":375626,"date":"2025-09-08T16:13:13","date_gmt":"2025-09-08T16:13:13","guid":{"rendered":"https:\/\/www.europesays.com\/fr\/375626\/"},"modified":"2025-09-08T16:13:13","modified_gmt":"2025-09-08T16:13:13","slug":"il-etait-le-monsieur-bourse-sur-tf1-dans-les-annees-80-rene-tendron-est-decede-a-lage-de-91-ans","status":"publish","type":"post","link":"https:\/\/www.europesays.com\/fr\/375626\/","title":{"rendered":"Il \u00e9tait le \u00ab Monsieur Bourse \u00bb sur TF1 dans les ann\u00e9es 80 : Ren\u00e9 Tendron est d\u00e9c\u00e9d\u00e9 \u00e0 l\u2019\u00e2ge de 91 ans"},"content":{"rendered":"<p class=\"paragraph text_align_left lp-f-body-02\">Les t\u00e9l\u00e9spectateurs du journal de 13 heures sur TF1 l\u2019ont c\u00f4toy\u00e9 quotidiennement, comme <a href=\"https:\/\/www.leparisien.fr\/culture-loisirs\/la-face-cachee-d-yves-mourousi-12-09-2012-2160804.php\" target=\"_self\" rel=\"nofollow noopener\">Yves Mourousi<\/a> ou <a href=\"https:\/\/www.leparisien.fr\/culture-loisirs\/tv\/marie-laure-augry-jean-pierre-pernaut-a-apporte-un-bol-d-oxygene-15-09-2020-8385204.php\" target=\"_self\" rel=\"nofollow noopener\">Marie-Laure Augry<\/a> dans les ann\u00e9es 80. Ren\u00e9 Tendron, qui pr\u00e9sentait les r\u00e9sultats de la Bourse de Paris est mort, a annonc\u00e9 lundi son ancienne cha\u00eene.<\/p>\n<p class=\"paragraph text_align_left lp-f-body-02\">\u00ab Nous avons aujourd\u2019hui une pens\u00e9e pour les proches de Ren\u00e9 Tendron. Pendant des ann\u00e9es, dans le 13 heures d\u2019Yves Mourousi, il \u00e9tait en direct de la Bourse de Paris chaque jour. Il vient de s\u2019\u00e9teindre \u00e0 l\u2019\u00e2ge de 91 ans\u00bb, a d\u00e9clar\u00e9 <a href=\"https:\/\/www.leparisien.fr\/societe\/sante\/marie-sophie-lacarrau-de-retour-sur-tf1-quelle-est-linfection-rare-qui-la-eloignee-du-13-heures-12-05-2022-QO3Q5JNLCNGKHF4L6HTO67OHPI.php\" target=\"_self\" rel=\"nofollow noopener\">Marie-Sophie Lacarrau, <\/a>actuelle pr\u00e9sentatrice du 13 heures, \u00e0 la fin de son JT.<\/p>\n<p class=\"paragraph text_align_left lp-f-body-02\">Costume-cravate, lunettes fum\u00e9es et voix nasillarde, Ren\u00e9 Tendron pr\u00e9sentait la chronique boursi\u00e8re en direct depuis la Bourse de Paris, qui se trouvait alors dans le Palais Brongniart, au centre de la capitale, comme ci-dessous en 1990.<\/p>\n<p class=\"paragraph text_align_left lp-f-body-02\"> A l\u2019\u00e9poque, les ordres d\u2019achat et de vente des titres y \u00e9taient hurl\u00e9s au t\u00e9l\u00e9phone par les op\u00e9rateurs boursiers, dans le brouhaha.<\/p>\n<p>Une Bourse devenue silencieuse<\/p>\n<p class=\"paragraph text_align_left lp-f-body-02\">Ce temps est r\u00e9volu : la Bourse a totalement quitt\u00e9 le Palais Brongniart en 1998, le march\u00e9 \u00e9tant devenu enti\u00e8rement informatis\u00e9.<\/p>\n<p class=\"paragraph text_align_left lp-f-body-02\">Sp\u00e9cialiste d\u2019\u00e9conomie, Ren\u00e9 Tendron avait sign\u00e9 plusieurs ouvrages destin\u00e9s au grand public, dont \u00ab <a href=\"https:\/\/www.lesechos.fr\/1995\/03\/le-guide-tendron-de-votre-argent-1995-1043143\" target=\"_self\" rel=\"nofollow noopener\">Le guide de votre argent<\/a> \u00bb, actualis\u00e9 chaque ann\u00e9e.<\/p>\n","protected":false},"excerpt":{"rendered":"Les t\u00e9l\u00e9spectateurs du journal de 13 heures sur TF1 l\u2019ont c\u00f4toy\u00e9 quotidiennement, comme Yves Mourousi ou Marie-Laure Augry&hellip;\n","protected":false},"author":2,"featured_media":375627,"comment_status":"","ping_status":"","sticky":false,"template":"","format":"standard","meta":{"footnotes":""},"categories":[1888],"tags":[11,872,33,1777,674,1011,27,12,626,25,2205],"class_list":{"0":"post-375626","1":"post","2":"type-post","3":"status-publish","4":"format-standard","5":"has-post-thumbnail","7":"category-paris","8":"tag-actualites","9":"tag-culture-et-loisirs","10":"tag-economie","11":"tag-eu","12":"tag-europe","13":"tag-fr","14":"tag-france","15":"tag-news","16":"tag-paris","17":"tag-republique-francaise","18":"tag-television-medias"},"share_on_mastodon":{"url":"https:\/\/pubeurope.com\/@fr\/115169565369997567","error":""},"_links":{"self":[{"href":"https:\/\/www.europesays.com\/fr\/wp-json\/wp\/v2\/posts\/375626","targetHints":{"allow":["GET"]}}],"collection":[{"href":"https:\/\/www.europesays.com\/fr\/wp-json\/wp\/v2\/posts"}],"about":[{"href":"https:\/\/www.europesays.com\/fr\/wp-json\/wp\/v2\/types\/post"}],"author":[{"embeddable":true,"href":"https:\/\/www.europesays.com\/fr\/wp-json\/wp\/v2\/users\/2"}],"replies":[{"embeddable":true,"href":"https:\/\/www.europesays.com\/fr\/wp-json\/wp\/v2\/comments?post=375626"}],"version-history":[{"count":0,"href":"https:\/\/www.europesays.com\/fr\/wp-json\/wp\/v2\/posts\/375626\/revisions"}],"wp:featuredmedia":[{"embeddable":true,"href":"https:\/\/www.europesays.com\/fr\/wp-json\/wp\/v2\/media\/375627"}],"wp:attachment":[{"href":"https:\/\/www.europesays.com\/fr\/wp-json\/wp\/v2\/media?parent=375626"}],"wp:term":[{"taxonomy":"category","embeddable":true,"href":"https:\/\/www.europesays.com\/fr\/wp-json\/wp\/v2\/categories?post=375626"},{"taxonomy":"post_tag","embeddable":true,"href":"https:\/\/www.europesays.com\/fr\/wp-json\/wp\/v2\/tags?post=375626"}],"curies":[{"name":"wp","href":"https:\/\/api.w.org\/{rel}","templated":true}]}}