{"id":375630,"date":"2025-09-08T16:15:21","date_gmt":"2025-09-08T16:15:21","guid":{"rendered":"https:\/\/www.europesays.com\/fr\/375630\/"},"modified":"2025-09-08T16:15:21","modified_gmt":"2025-09-08T16:15:21","slug":"loffensive-russe-en-ukraine-risque-de-continuer-a-lautomne-sans-pause-ni-transition","status":"publish","type":"post","link":"https:\/\/www.europesays.com\/fr\/375630\/","title":{"rendered":"L\u2019offensive russe en Ukraine risque de continuer \u00e0 l\u2019automne, \u201csans pause ni transition\u201d"},"content":{"rendered":"\n<p>L\u2019offensive d\u2019\u00e9t\u00e9 de l\u2019arm\u00e9e russe n\u2019a pas rencontr\u00e9 le succ\u00e8s esp\u00e9r\u00e9, mais Moscou se pr\u00e9pare d\u00e9j\u00e0 \u00e0 repartir \u00e0 l\u2019attaque. \u201cN\u2019ayant pas obtenu de r\u00e9sultats probants dans leurs op\u00e9rations offensives, les occupants se regroupent pour les attaques de l\u2019automne\u201d, <a class=\"ithalc\" data-ithal=\"lien_externe\" data-ithalc=\"[nav_article]\" target=\"_blank\" href=\"https:\/\/24tv.ua\/rosiyskiy-nastup-voseni-2025-budanov-rozkriv-plani-voroga_n2909564\/amp\" rel=\"nofollow noopener\">\u00e9crit sur son site la cha\u00eene d\u2019information <strong>24\u00a0Kanal<\/strong><\/a><strong>.<\/strong><\/p>\n<p>\u201cLe blitzkrieg russe [\u2026] dans la r\u00e9gion de Soumy a \u00e9t\u00e9 un \u00e9chec total, confirme l\u2019expert militaire Serhiy\u00a0Bratchouk, <a class=\"ithalc\" data-ithal=\"lien_externe\" data-ithalc=\"[nav_article]\" target=\"_blank\" href=\"https:\/\/uatv.ua\/uk\/litnya-kampaniya-rosiyi-provalylasya-chogo-chekaty-vid-osinnogo-nastupu\/\" rel=\"nofollow noopener\">interrog\u00e9 par la cha\u00eene de t\u00e9l\u00e9vision <strong>Freedom<\/strong><\/a><strong>.<\/strong> Le red\u00e9ploiement des troupes [russes] de Soumy vers Pokrovsk t\u00e9moigne d\u2019un changement d\u2019objectif. La r\u00e9gion de Donetsk reste prioritaire, c\u2019est l\u00e0 que l\u2019ennemi concentre ses unit\u00e9s les plus pr\u00eates au combat.\u201d <a class=\"ithalc\" data-ithal=\"lien_externe\" data-ithalc=\"[nav_article]\" target=\"_blank\" href=\"https:\/\/gazeta.ua\/blog\/64004\/situaciya-na-fronti-zagrozliva-vorog-zibrav-sili-dlya-udaru-na-donechchini\" rel=\"nofollow noopener\">Sur le site du quotidien <strong>Gazeta<\/strong><\/a><strong>,<\/strong> le politologue Kyrylo\u00a0Sazonov d\u00e9crit la situation dans les termes suivants\u00a0:<\/p>\n<blockquote><p>\u201cPoutine n\u2019a pas r\u00e9ussi \u00e0 obtenir de r\u00e9sultats significatifs et n\u2019a donc pas l\u2019intention d\u2019arr\u00eater sa horde sauvage.\u201d<\/p><\/blockquote>\n<p>De quoi inqui\u00e9ter les m\u00e9dias, non seulement en Ukraine, mais aussi en Occident, <a class=\"ithalc\" data-ithal=\"lien_externe\" data-ithalc=\"[nav_article]\" target=\"_blank\" href=\"https:\/\/nv.ua\/ukr\/amp\/nastup-rf-na-fronti-u-rnbo-vidkinuli-informaciyu-zmi-pro-noviy-nastup-voseni-novini-ukrajini-50542237.html\" rel=\"nofollow noopener\">souligne le magazine <strong>Novoe Vremia (NV)<\/strong><\/a><strong>. <\/strong>\u201cLe 4\u00a0septembre, Bloomberg a signal\u00e9 que les dirigeants europ\u00e9ens redoutaient que la F\u00e9d\u00e9ration de Russie ne pr\u00e9pare une nouvelle offensive, Moscou cherchant \u00e0 s\u2019emparer de toute la r\u00e9gion de Donetsk. L\u2019agence Reuters avait auparavant rapport\u00e9 que les Russes tentai<\/p>\n","protected":false},"excerpt":{"rendered":"L\u2019offensive d\u2019\u00e9t\u00e9 de l\u2019arm\u00e9e russe n\u2019a pas rencontr\u00e9 le succ\u00e8s esp\u00e9r\u00e9, mais Moscou se pr\u00e9pare d\u00e9j\u00e0 \u00e0 repartir&hellip;\n","protected":false},"author":2,"featured_media":375631,"comment_status":"","ping_status":"","sticky":false,"template":"","format":"standard","meta":{"footnotes":""},"categories":[1591],"tags":[11,674,1887,1892,131,12,1885,1886,132,220],"class_list":{"0":"post-375630","1":"post","2":"type-post","3":"status-publish","4":"format-standard","5":"has-post-thumbnail","7":"category-russie","8":"tag-actualites","9":"tag-europe","10":"tag-federation-de-russie","11":"tag-gu00e9opolitique","12":"tag-guerre-en-ukraine","13":"tag-news","14":"tag-russia","15":"tag-russian-federation","16":"tag-russie","17":"tag-ukraine"},"share_on_mastodon":{"url":"https:\/\/pubeurope.com\/@fr\/115169573172231248","error":""},"_links":{"self":[{"href":"https:\/\/www.europesays.com\/fr\/wp-json\/wp\/v2\/posts\/375630","targetHints":{"allow":["GET"]}}],"collection":[{"href":"https:\/\/www.europesays.com\/fr\/wp-json\/wp\/v2\/posts"}],"about":[{"href":"https:\/\/www.europesays.com\/fr\/wp-json\/wp\/v2\/types\/post"}],"author":[{"embeddable":true,"href":"https:\/\/www.europesays.com\/fr\/wp-json\/wp\/v2\/users\/2"}],"replies":[{"embeddable":true,"href":"https:\/\/www.europesays.com\/fr\/wp-json\/wp\/v2\/comments?post=375630"}],"version-history":[{"count":0,"href":"https:\/\/www.europesays.com\/fr\/wp-json\/wp\/v2\/posts\/375630\/revisions"}],"wp:featuredmedia":[{"embeddable":true,"href":"https:\/\/www.europesays.com\/fr\/wp-json\/wp\/v2\/media\/375631"}],"wp:attachment":[{"href":"https:\/\/www.europesays.com\/fr\/wp-json\/wp\/v2\/media?parent=375630"}],"wp:term":[{"taxonomy":"category","embeddable":true,"href":"https:\/\/www.europesays.com\/fr\/wp-json\/wp\/v2\/categories?post=375630"},{"taxonomy":"post_tag","embeddable":true,"href":"https:\/\/www.europesays.com\/fr\/wp-json\/wp\/v2\/tags?post=375630"}],"curies":[{"name":"wp","href":"https:\/\/api.w.org\/{rel}","templated":true}]}}